{"id":1007,"date":"2020-04-24T04:34:41","date_gmt":"2020-04-24T02:34:41","guid":{"rendered":"http:\/\/parolesdhistoire.fr\/?p=1007"},"modified":"2020-04-23T19:09:15","modified_gmt":"2020-04-23T17:09:15","slug":"114-le-titanic-objet-dhistoire-avec-antoine-resche","status":"publish","type":"post","link":"https:\/\/parolesdhistoire.fr\/index.php\/2020\/04\/24\/114-le-titanic-objet-dhistoire-avec-antoine-resche\/","title":{"rendered":"114. Le Titanic, objet d&#8217;histoire, avec Antoine Resche"},"content":{"rendered":"<iframe loading=\"lazy\" src=\"https:\/\/player.blubrry.com\/?media_url=https%3A%2F%2Fmedia.blubrry.com%2Fparolesdhistoire%2Fcontent.blubrry.com%2Fparolesdhistoire%2Ftitanic.mp3&amp;modern=1&amp;podcast_link=https%3A%2F%2Fparolesdhistoire.fr%2Findex.php%2F2020%2F04%2F24%2F114-le-titanic-objet-dhistoire-avec-antoine-resche%2F#mode-Light&border-000000&progress-000000\" scrolling=\"no\" width=\"100%\" height=\"165\" frameborder=\"0\" id=\"blubrryplayer-1\" class=\"blubrryplayer\" title=\"Blubrry Podcast Player\"><\/iframe><p class=\"powerpress_links powerpress_links_mp3\" style=\"margin-bottom: 1px !important;\">Podcast: <a href=\"https:\/\/media.blubrry.com\/parolesdhistoire\/content.blubrry.com\/parolesdhistoire\/titanic.mp3\" class=\"powerpress_link_pinw\" target=\"_blank\" title=\"Play in new window\" onclick=\"return powerpress_pinw('https:\/\/parolesdhistoire.fr\/?powerpress_pinw=1007-podcast');\" rel=\"nofollow\">Play in new window<\/a> | <a href=\"https:\/\/media.blubrry.com\/parolesdhistoire\/content.blubrry.com\/parolesdhistoire\/titanic.mp3\" class=\"powerpress_link_d\" title=\"Download\" rel=\"nofollow\" download=\"titanic.mp3\">Download<\/a><\/p><p class=\"powerpress_links powerpress_subscribe_links\">S'abonner :  <a href=\"https:\/\/itunes.apple.com\/fr\/podcast\/paroles-dhistoire\/id1376002842?l=en&amp;mt=2&amp;ls=1#episodeGuid=http%3A%2F%2Fparolesdhistoire.fr%2F%3Fp%3D1007\" class=\"powerpress_link_subscribe powerpress_link_subscribe_itunes\" target=\"_blank\" title=\"Subscribe on Apple Podcasts\" rel=\"nofollow\">Apple Podcasts<\/a> | <a href=\"https:\/\/open.spotify.com\/show\/57zBA3htpYUB4MJNhhlDnn\" class=\"powerpress_link_subscribe powerpress_link_subscribe_spotify\" target=\"_blank\" title=\"Subscribe on Spotify\" rel=\"nofollow\">Spotify<\/a> | <a href=\"https:\/\/subscribeonandroid.com\/feeds.audiomeans.fr\/feed\/c3e6abea-2254-416a-b8ef-0619098d0e45.xml\" class=\"powerpress_link_subscribe powerpress_link_subscribe_android\" target=\"_blank\" title=\"Subscribe on Android\" rel=\"nofollow\">Android<\/a> | <a href=\"https:\/\/www.deezer.com\/en\/show\/1000680512\" class=\"powerpress_link_subscribe powerpress_link_subscribe_deezer\" target=\"_blank\" title=\"Subscribe on Deezer\" rel=\"nofollow\">Deezer<\/a> | <a href=\"https:\/\/feeds.audiomeans.fr\/feed\/c3e6abea-2254-416a-b8ef-0619098d0e45.xml\" class=\"powerpress_link_subscribe powerpress_link_subscribe_rss\" target=\"_blank\" title=\"Subscribe via RSS\" rel=\"nofollow\">RSS<\/a> | <a href=\"https:\/\/parolesdhistoire.fr\/index.php\/sabonner\/\" class=\"powerpress_link_subscribe powerpress_link_subscribe_more\" target=\"_blank\" title=\"More\" rel=\"nofollow\">More<\/a><\/p><p><strong>L\u2019invit\u00e9\u00a0:<\/strong> Antoine Resche, docteur en histoire, sp\u00e9cialiste de la navigation transatlantique, animateur de <a href=\"https:\/\/www.youtube.com\/channel\/UCt8ctlakIflnSG0ebFps7cw\">la cha\u00eene Youtube Histony<\/a><\/p>\n<p><a href=\"http:\/\/parolesdhistoire.fr\/wp-content\/uploads\/2020\/04\/91J0KtuFMAL._AC_SL1500_.jpg\"><img loading=\"lazy\" decoding=\"async\" class=\"aligncenter size-medium wp-image-1008\" src=\"http:\/\/parolesdhistoire.fr\/wp-content\/uploads\/2020\/04\/91J0KtuFMAL._AC_SL1500_-201x300.jpg\" alt=\"\" width=\"201\" height=\"300\" srcset=\"https:\/\/parolesdhistoire.fr\/wp-content\/uploads\/2020\/04\/91J0KtuFMAL._AC_SL1500_-201x300.jpg 201w, https:\/\/parolesdhistoire.fr\/wp-content\/uploads\/2020\/04\/91J0KtuFMAL._AC_SL1500_-768x1144.jpg 768w, https:\/\/parolesdhistoire.fr\/wp-content\/uploads\/2020\/04\/91J0KtuFMAL._AC_SL1500_-687x1024.jpg 687w, https:\/\/parolesdhistoire.fr\/wp-content\/uploads\/2020\/04\/91J0KtuFMAL._AC_SL1500_.jpg 1007w\" sizes=\"auto, (max-width: 201px) 85vw, 201px\" \/><\/a><strong>Le film\u00a0:<\/strong> <em>Titanic<\/em> (James Cameron, 1997)<\/p>\n<p><strong>La discussion\u00a0:<\/strong><\/p>\n<ul>\n<li>L&#8217;influence du film sur un parcours de chercheur (1&#8217;30)<\/li>\n<li>Le succ\u00e8s consid\u00e9rable du film et sa place dans la culture populaire de l&#8217;\u00e9poque (3&#8217;20)<\/li>\n<li>Quelles interactions entre le film et les progr\u00e8s de la recherche, sur un objet longtemps \u00e0 l&#8217;\u00e9cart de la recherche universitaire ? (5&#8242;)<\/li>\n<li>Le projet de James Cameron, n\u00e9 d&#8217;un rapport intense \u00e0 la plong\u00e9e sous-marine, mais aussi des peintures de Ken Marshall (6&#8217;45)<\/li>\n<li>La fid\u00e9lit\u00e9 mat\u00e9rielle aux d\u00e9cors et objets d&#8217;\u00e9poque (9&#8242;)<\/li>\n<li>Mais une fid\u00e9lit\u00e9 approximative aux r\u00f4les des individus comme l&#8217;illustre le cas de Bruce Ismay, illustrant la reprise par Cameron des r\u00e9cits les plus courants (11&#8217;30)<\/li>\n<li>Les explications du naufrage donn\u00e9es par James Cameron, justes sur le plan technique (14&#8217;40)<\/li>\n<li>Les causes humaines de la catastrophe et les erreurs commises, \u00e0 comprendre dans leur contexte (18&#8217;10)<\/li>\n<li>Un navire &#8220;insubmersible&#8221;, id\u00e9e d&#8217;\u00e9poque ou amplifi\u00e9e par la suite? (21&#8217;40)<\/li>\n<li>Un contexte qui permet de comprendre autrement la question des canots de sauvetage (24&#8217;15)<\/li>\n<li>Un naufrage exceptionnel mais qui est plus intelligible lorsqu&#8217;on le r\u00e9inscrit dans des s\u00e9ries d&#8217;\u00e9v\u00e9nements comparables, comme l&#8217;affaire du Costa Concordia en 2012 (27&#8217;00)<\/li>\n<li>Les normes qui pr\u00e9sident \u00e0 l&#8217;\u00e9vacuation: &#8220;les femmes et les enfants d&#8217;abord&#8221;, doctrine pas toujours appliqu\u00e9e en r\u00e9alit\u00e9 (30&#8242;)<\/li>\n<li>La fa\u00e7on dont le film met en sc\u00e8ne l&#8217;opposition des classes sociales (35&#8242;)<\/li>\n<li>Le bilan humain du naufrage et ses explications (41&#8242;)<\/li>\n<li>Un film qui met en sc\u00e8ne de fa\u00e7on int\u00e9ressante les rapports entre histoire et m\u00e9moire (45&#8242;)<\/li>\n<li>Conseils de lecture (xxx)<\/li>\n<\/ul>\n<p><strong>Pour aller plus loin\u00a0:<\/strong><\/p>\n<ul>\n<li>G\u00e9rard Piouffre, <em>Le Titanic ne r\u00e9pond plus<\/em>, Paris, Larousse, 2009.<\/li>\n<li>Lawrence Beesley, <em><a href=\"http:\/\/www.gutenberg.org\/ebooks\/6675\">The Loss of SS Titanic, <\/a><\/em>1912<\/li>\n<li>Un <a href=\"https:\/\/papers.ssrn.com\/sol3\/papers.cfm?abstract_id=2161890\">article<\/a> sur la mortalit\u00e9 lors des naufrages qui relativise la notion des &#8220;femmes et les enfants d&#8217;abord&#8221;<\/li>\n<li><a href=\"https:\/\/www.monde-diplomatique.fr\/mav\/88\/FRANK\/13689\">&#8220;Titanic et la lutte des classes&#8221;, article de Thomas Frank (abonn\u00e9s)<\/a><\/li>\n<\/ul>\n","protected":false},"excerpt":{"rendered":"<p>L\u2019invit\u00e9\u00a0: Antoine Resche, docteur en histoire, sp\u00e9cialiste de la navigation transatlantique, animateur de la cha\u00eene Youtube Histony Le film\u00a0: Titanic (James Cameron, 1997) La discussion\u00a0: L&#8217;influence du film sur un parcours de chercheur (1&#8217;30) Le succ\u00e8s consid\u00e9rable du film et sa place dans la culture populaire de l&#8217;\u00e9poque (3&#8217;20) Quelles interactions entre le film et &hellip; <a href=\"https:\/\/parolesdhistoire.fr\/index.php\/2020\/04\/24\/114-le-titanic-objet-dhistoire-avec-antoine-resche\/\" class=\"more-link\">Continue reading<span class=\"screen-reader-text\"> &#8220;114. Le Titanic, objet d&#8217;histoire, avec Antoine Resche&#8221;<\/span><\/a><\/p>\n","protected":false},"author":1,"featured_media":0,"comment_status":"open","ping_status":"open","sticky":false,"template":"","format":"standard","meta":{"footnotes":""},"categories":[62],"tags":[41,7,35],"class_list":["post-1007","post","type-post","status-publish","format-standard","hentry","category-cinema","tag-cinema","tag-histoire-sociale","tag-immigration"],"_links":{"self":[{"href":"https:\/\/parolesdhistoire.fr\/index.php\/wp-json\/wp\/v2\/posts\/1007","targetHints":{"allow":["GET"]}}],"collection":[{"href":"https:\/\/parolesdhistoire.fr\/index.php\/wp-json\/wp\/v2\/posts"}],"about":[{"href":"https:\/\/parolesdhistoire.fr\/index.php\/wp-json\/wp\/v2\/types\/post"}],"author":[{"embeddable":true,"href":"https:\/\/parolesdhistoire.fr\/index.php\/wp-json\/wp\/v2\/users\/1"}],"replies":[{"embeddable":true,"href":"https:\/\/parolesdhistoire.fr\/index.php\/wp-json\/wp\/v2\/comments?post=1007"}],"version-history":[{"count":5,"href":"https:\/\/parolesdhistoire.fr\/index.php\/wp-json\/wp\/v2\/posts\/1007\/revisions"}],"predecessor-version":[{"id":1014,"href":"https:\/\/parolesdhistoire.fr\/index.php\/wp-json\/wp\/v2\/posts\/1007\/revisions\/1014"}],"wp:attachment":[{"href":"https:\/\/parolesdhistoire.fr\/index.php\/wp-json\/wp\/v2\/media?parent=1007"}],"wp:term":[{"taxonomy":"category","embeddable":true,"href":"https:\/\/parolesdhistoire.fr\/index.php\/wp-json\/wp\/v2\/categories?post=1007"},{"taxonomy":"post_tag","embeddable":true,"href":"https:\/\/parolesdhistoire.fr\/index.php\/wp-json\/wp\/v2\/tags?post=1007"}],"curies":[{"name":"wp","href":"https:\/\/api.w.org\/{rel}","templated":true}]}}