{"id":1060,"date":"2020-05-16T03:10:34","date_gmt":"2020-05-16T01:10:34","guid":{"rendered":"http:\/\/parolesdhistoire.fr\/?p=1060"},"modified":"2020-05-15T23:19:03","modified_gmt":"2020-05-15T21:19:03","slug":"121-metiers-du-livre-face-a-la-crise-avec-chloe-pathe","status":"publish","type":"post","link":"https:\/\/parolesdhistoire.fr\/index.php\/2020\/05\/16\/121-metiers-du-livre-face-a-la-crise-avec-chloe-pathe\/","title":{"rendered":"121. M\u00e9tiers du livre face \u00e0 la crise, avec Chlo\u00e9 Path\u00e9"},"content":{"rendered":"<iframe loading=\"lazy\" src=\"https:\/\/player.blubrry.com\/?media_url=https%3A%2F%2Fmedia.blubrry.com%2Fparolesdhistoire%2Fcontent.blubrry.com%2Fparolesdhistoire%2Flivre.mp3&amp;modern=1&amp;podcast_link=https%3A%2F%2Fparolesdhistoire.fr%2Findex.php%2F2020%2F05%2F16%2F121-metiers-du-livre-face-a-la-crise-avec-chloe-pathe%2F#mode-Light&border-000000&progress-000000\" scrolling=\"no\" width=\"100%\" height=\"165\" frameborder=\"0\" id=\"blubrryplayer-1\" class=\"blubrryplayer\" title=\"Blubrry Podcast Player\"><\/iframe><p class=\"powerpress_links powerpress_links_mp3\" style=\"margin-bottom: 1px !important;\">Podcast: <a href=\"https:\/\/media.blubrry.com\/parolesdhistoire\/content.blubrry.com\/parolesdhistoire\/livre.mp3\" class=\"powerpress_link_pinw\" target=\"_blank\" title=\"Play in new window\" onclick=\"return powerpress_pinw('https:\/\/parolesdhistoire.fr\/?powerpress_pinw=1060-podcast');\" rel=\"nofollow\">Play in new window<\/a> | <a href=\"https:\/\/media.blubrry.com\/parolesdhistoire\/content.blubrry.com\/parolesdhistoire\/livre.mp3\" class=\"powerpress_link_d\" title=\"Download\" rel=\"nofollow\" download=\"livre.mp3\">Download<\/a><\/p><p class=\"powerpress_links powerpress_subscribe_links\">S'abonner :  <a href=\"https:\/\/itunes.apple.com\/fr\/podcast\/paroles-dhistoire\/id1376002842?l=en&amp;mt=2&amp;ls=1#episodeGuid=http%3A%2F%2Fparolesdhistoire.fr%2F%3Fp%3D1060\" class=\"powerpress_link_subscribe powerpress_link_subscribe_itunes\" target=\"_blank\" title=\"Subscribe on Apple Podcasts\" rel=\"nofollow\">Apple Podcasts<\/a> | <a href=\"https:\/\/open.spotify.com\/show\/57zBA3htpYUB4MJNhhlDnn\" class=\"powerpress_link_subscribe powerpress_link_subscribe_spotify\" target=\"_blank\" title=\"Subscribe on Spotify\" rel=\"nofollow\">Spotify<\/a> | <a href=\"https:\/\/subscribeonandroid.com\/feeds.audiomeans.fr\/feed\/c3e6abea-2254-416a-b8ef-0619098d0e45.xml\" class=\"powerpress_link_subscribe powerpress_link_subscribe_android\" target=\"_blank\" title=\"Subscribe on Android\" rel=\"nofollow\">Android<\/a> | <a href=\"https:\/\/www.deezer.com\/en\/show\/1000680512\" class=\"powerpress_link_subscribe powerpress_link_subscribe_deezer\" target=\"_blank\" title=\"Subscribe on Deezer\" rel=\"nofollow\">Deezer<\/a> | <a href=\"https:\/\/feeds.audiomeans.fr\/feed\/c3e6abea-2254-416a-b8ef-0619098d0e45.xml\" class=\"powerpress_link_subscribe powerpress_link_subscribe_rss\" target=\"_blank\" title=\"Subscribe via RSS\" rel=\"nofollow\">RSS<\/a> | <a href=\"https:\/\/parolesdhistoire.fr\/index.php\/sabonner\/\" class=\"powerpress_link_subscribe powerpress_link_subscribe_more\" target=\"_blank\" title=\"More\" rel=\"nofollow\">More<\/a><\/p><p><strong>L\u2019invit\u00e9e\u00a0:<\/strong> Chlo\u00e9 Path\u00e9, fondatrice des \u00e9ditions <a href=\"https:\/\/anamosa.fr\/\">anamosa<\/a><\/p>\n<p><strong>Le sujet\u00a0:<\/strong> comment les maisons d\u2019\u00e9ditions, librairies, actrices et acteurs de la fili\u00e8re du livre font face \u00e0 la crise li\u00e9e \u00e0 la Covid-19.<\/p>\n<p><strong>La discussion\u00a0:<\/strong><\/p>\n<ul>\n<li>Le lien fondamental entre maisons d\u2019\u00e9dition ind\u00e9pendantes et librairies ind\u00e9pendantes (1&#8242;)<\/li>\n<li>Les effets de la crise sur une petite maison d\u2019\u00e9dition (3&#8217;40)<\/li>\n<li>La rupture du cotact physique avec lecteurs, libraires, festivals&#8230; (5&#8242;)<\/li>\n<li>Une lecture en \u00ab num\u00e9rique \u00bb qui augmente, sans compenser l\u2019absence des livres physiques (8&#8242;)<\/li>\n<li>Le fonctionnement de la librairie et des \u00ab offices \u00bb qui en rythment la vie, non sans difficult\u00e9s (10&#8242;)<\/li>\n<li>La place d\u2019Amazon, et de ses pratiques critiquables dans cet ecosyst\u00e8me complexe (14&#8242;)<\/li>\n<li>Une revendication clef, le tarif postal sp\u00e9cifique d\u00e9di\u00e9 au livre (15&#8217;50)<\/li>\n<li>Une \u00ab suproduction \u00bb des livres et comment on pourrait y rem\u00e9dier (18&#8217;50)<\/li>\n<li>Le calendrier des parutions, \u00e0 repenser (22&#8242;)<\/li>\n<li>La structure du champ \u00e9ditorial en France, avec des petites structures mais aussi des mastodontes (27&#8217;10)<\/li>\n<li>Le soutien n\u00e9cessaire de l\u2019\u00c9tat, et la perspective d\u2019\u00c9tats g\u00e9n\u00e9raux de l\u2019\u00e9dition ind\u00e9pendante (31&#8242;)<\/li>\n<li>Des r\u00e9flexions \u00e0 long terme, sur l\u2019\u00e9cologie et l\u2019\u00e9conomie du livre (35&#8242;)<\/li>\n<\/ul>\n<p><strong>Liens et tribunes\u00a0:<\/strong><\/p>\n<ul>\n<li><a href=\"https:\/\/www.humanite.fr\/nous-sommes-en-crise-des-maisons-deditions-independantes-prennent-la-parole-688493\">Tribune\u00a0: \u00ab\u00a0nous sommes en crise\u00a0\u00bb, par un collectif de maisons d\u2019\u00e9dition ind\u00e9pendantes<\/a><\/li>\n<li><a href=\"https:\/\/www.lemonde.fr\/livres\/article\/2020\/05\/14\/sabine-wespieser-et-olivier-nora-preserver-la-chaine-du-livre-de-l-editeur-au-lecteur_6039626_3260.html\">Entretien entre Olivier Nora et Sabine Wespieser<\/a><\/li>\n<li><a href=\"https:\/\/www.lemonde.fr\/livres\/article\/2020\/05\/14\/edition-lignes-d-horizon-au-sortir-du-confinement_6039586_3260.html\">Article de Nicole Vulser sur le monde de l\u2019\u00e9dition face \u00e0 la crise<\/a><\/li>\n<li><a href=\"https:\/\/www.lemonde.fr\/idees\/article\/2020\/05\/10\/la-rentree-litteraire-doit-etre-repensee_6039223_3232.html\">Tribune de Pierre Astier sur le calendrier litt\u00e9raire \u00e0 repenser<\/a><\/li>\n<li><a href=\"https:\/\/www.lemonde.fr\/livres\/article\/2020\/05\/14\/cette-crise-sanitaire-peut-et-doit-permettre-une-remise-a-plat-du-fonctionnement-de-la-chaine-du-livre_6039607_3260.html\">Appel d\u2019\u00e9diteurs et de libraires \u00e0 repenser la cha\u00eene du livre<\/a><\/li>\n<\/ul>\n","protected":false},"excerpt":{"rendered":"<p>L\u2019invit\u00e9e\u00a0: Chlo\u00e9 Path\u00e9, fondatrice des \u00e9ditions anamosa Le sujet\u00a0: comment les maisons d\u2019\u00e9ditions, librairies, actrices et acteurs de la fili\u00e8re du livre font face \u00e0 la crise li\u00e9e \u00e0 la Covid-19. La discussion\u00a0: Le lien fondamental entre maisons d\u2019\u00e9dition ind\u00e9pendantes et librairies ind\u00e9pendantes (1&#8242;) Les effets de la crise sur une petite maison d\u2019\u00e9dition (3&#8217;40) &hellip; <a href=\"https:\/\/parolesdhistoire.fr\/index.php\/2020\/05\/16\/121-metiers-du-livre-face-a-la-crise-avec-chloe-pathe\/\" class=\"more-link\">Continue reading<span class=\"screen-reader-text\"> &#8220;121. M\u00e9tiers du livre face \u00e0 la crise, avec Chlo\u00e9 Path\u00e9&#8221;<\/span><\/a><\/p>\n","protected":false},"author":1,"featured_media":0,"comment_status":"open","ping_status":"open","sticky":false,"template":"","format":"standard","meta":{"footnotes":""},"categories":[48],"tags":[192,51],"class_list":["post-1060","post","type-post","status-publish","format-standard","hentry","category-evenement","tag-livres","tag-metier"],"_links":{"self":[{"href":"https:\/\/parolesdhistoire.fr\/index.php\/wp-json\/wp\/v2\/posts\/1060","targetHints":{"allow":["GET"]}}],"collection":[{"href":"https:\/\/parolesdhistoire.fr\/index.php\/wp-json\/wp\/v2\/posts"}],"about":[{"href":"https:\/\/parolesdhistoire.fr\/index.php\/wp-json\/wp\/v2\/types\/post"}],"author":[{"embeddable":true,"href":"https:\/\/parolesdhistoire.fr\/index.php\/wp-json\/wp\/v2\/users\/1"}],"replies":[{"embeddable":true,"href":"https:\/\/parolesdhistoire.fr\/index.php\/wp-json\/wp\/v2\/comments?post=1060"}],"version-history":[{"count":7,"href":"https:\/\/parolesdhistoire.fr\/index.php\/wp-json\/wp\/v2\/posts\/1060\/revisions"}],"predecessor-version":[{"id":1067,"href":"https:\/\/parolesdhistoire.fr\/index.php\/wp-json\/wp\/v2\/posts\/1060\/revisions\/1067"}],"wp:attachment":[{"href":"https:\/\/parolesdhistoire.fr\/index.php\/wp-json\/wp\/v2\/media?parent=1060"}],"wp:term":[{"taxonomy":"category","embeddable":true,"href":"https:\/\/parolesdhistoire.fr\/index.php\/wp-json\/wp\/v2\/categories?post=1060"},{"taxonomy":"post_tag","embeddable":true,"href":"https:\/\/parolesdhistoire.fr\/index.php\/wp-json\/wp\/v2\/tags?post=1060"}],"curies":[{"name":"wp","href":"https:\/\/api.w.org\/{rel}","templated":true}]}}