{"id":1069,"date":"2020-05-19T23:55:24","date_gmt":"2020-05-19T21:55:24","guid":{"rendered":"http:\/\/parolesdhistoire.fr\/?p=1069"},"modified":"2020-05-20T00:27:17","modified_gmt":"2020-05-19T22:27:17","slug":"122-bande-annonce-histoires-de-tintin","status":"publish","type":"post","link":"https:\/\/parolesdhistoire.fr\/index.php\/2020\/05\/19\/122-bande-annonce-histoires-de-tintin\/","title":{"rendered":"122. Bande-annonce: histoires de Tintin"},"content":{"rendered":"<iframe loading=\"lazy\" src=\"https:\/\/player.blubrry.com\/?media_url=https%3A%2F%2Fmedia.blubrry.com%2Fparolesdhistoire%2Fcontent.blubrry.com%2Fparolesdhistoire%2F122intro.mp3&amp;modern=1&amp;podcast_link=https%3A%2F%2Fparolesdhistoire.fr%2Findex.php%2F2020%2F05%2F19%2F122-bande-annonce-histoires-de-tintin%2F#mode-Light&border-000000&progress-000000\" scrolling=\"no\" width=\"100%\" height=\"165\" frameborder=\"0\" id=\"blubrryplayer-1\" class=\"blubrryplayer\" title=\"Blubrry Podcast Player\"><\/iframe><p class=\"powerpress_links powerpress_links_mp3\" style=\"margin-bottom: 1px !important;\">Podcast: <a href=\"https:\/\/media.blubrry.com\/parolesdhistoire\/content.blubrry.com\/parolesdhistoire\/122intro.mp3\" class=\"powerpress_link_pinw\" target=\"_blank\" title=\"Play in new window\" onclick=\"return powerpress_pinw('https:\/\/parolesdhistoire.fr\/?powerpress_pinw=1069-podcast');\" rel=\"nofollow\">Play in new window<\/a> | <a href=\"https:\/\/media.blubrry.com\/parolesdhistoire\/content.blubrry.com\/parolesdhistoire\/122intro.mp3\" class=\"powerpress_link_d\" title=\"Download\" rel=\"nofollow\" download=\"122intro.mp3\">Download<\/a><\/p><p class=\"powerpress_links powerpress_subscribe_links\">S'abonner :  <a href=\"https:\/\/itunes.apple.com\/fr\/podcast\/paroles-dhistoire\/id1376002842?l=en&amp;mt=2&amp;ls=1#episodeGuid=http%3A%2F%2Fparolesdhistoire.fr%2F%3Fp%3D1069\" class=\"powerpress_link_subscribe powerpress_link_subscribe_itunes\" target=\"_blank\" title=\"Subscribe on Apple Podcasts\" rel=\"nofollow\">Apple Podcasts<\/a> | <a href=\"https:\/\/open.spotify.com\/show\/57zBA3htpYUB4MJNhhlDnn\" class=\"powerpress_link_subscribe powerpress_link_subscribe_spotify\" target=\"_blank\" title=\"Subscribe on Spotify\" rel=\"nofollow\">Spotify<\/a> | <a href=\"https:\/\/subscribeonandroid.com\/feeds.audiomeans.fr\/feed\/c3e6abea-2254-416a-b8ef-0619098d0e45.xml\" class=\"powerpress_link_subscribe powerpress_link_subscribe_android\" target=\"_blank\" title=\"Subscribe on Android\" rel=\"nofollow\">Android<\/a> | <a href=\"https:\/\/www.deezer.com\/en\/show\/1000680512\" class=\"powerpress_link_subscribe powerpress_link_subscribe_deezer\" target=\"_blank\" title=\"Subscribe on Deezer\" rel=\"nofollow\">Deezer<\/a> | <a href=\"https:\/\/feeds.audiomeans.fr\/feed\/c3e6abea-2254-416a-b8ef-0619098d0e45.xml\" class=\"powerpress_link_subscribe powerpress_link_subscribe_rss\" target=\"_blank\" title=\"Subscribe via RSS\" rel=\"nofollow\">RSS<\/a> | <a href=\"https:\/\/parolesdhistoire.fr\/index.php\/sabonner\/\" class=\"powerpress_link_subscribe powerpress_link_subscribe_more\" target=\"_blank\" title=\"More\" rel=\"nofollow\">More<\/a><\/p><p><a href=\"http:\/\/parolesdhistoire.fr\/wp-content\/uploads\/2020\/05\/bandeannonce.jpg\"><img loading=\"lazy\" decoding=\"async\" class=\"aligncenter wp-image-1070\" src=\"http:\/\/parolesdhistoire.fr\/wp-content\/uploads\/2020\/05\/bandeannonce-300x126.jpg\" alt=\"\" width=\"493\" height=\"207\" srcset=\"https:\/\/parolesdhistoire.fr\/wp-content\/uploads\/2020\/05\/bandeannonce-300x126.jpg 300w, https:\/\/parolesdhistoire.fr\/wp-content\/uploads\/2020\/05\/bandeannonce.jpg 721w\" sizes=\"auto, (max-width: 493px) 85vw, 493px\" \/><\/a>Une s\u00e9rie d&#8217;\u00e9missions sur Tintin, le personnage cr\u00e9\u00e9 par Herg\u00e9 en 1929, qui permet de r\u00e9fl\u00e9chir \u00e0 l&#8217;histoire du XXe si\u00e8cle et de la bande dessin\u00e9e, est pr\u00e9vue \u00e0 partir du 25 mai 2020.<\/p>\n<p>Retrouvez ici les \u00e9l\u00e9ments de bibliographie mentionn\u00e9s durant l&#8217;\u00e9mission, et n&#8217;h\u00e9sitez pas \u00e0 laisser commentaires ou suggestions.<\/p>\n<p><strong>ELEMENTS DE BIBLIOGRAPHIE<\/strong><\/p>\n<div><strong>Approches historiennes de la BD<\/strong><\/div>\n<ul>\n<li>O. Mitterrand, <i>L\u2019histoire par la bande\u00a0: bande dessin\u00e9e, histoire et p\u00e9dagogie<\/i>, Paris, Syros, 1993.<\/li>\n<li>P. Ory, <i>Le petit nazi illustr\u00e9\u202f: une p\u00e9dagogie hitl\u00e9rienne en culture fran\u00e7aise: \u00ab\u00a0le T\u00e9m\u00e9raire\u00a0\u00bb (1943-1944)<\/i>, Paris, Nautilus, 2002 (Albatros, 1979).<\/li>\n<li>\u00a0T. Cr\u00e9pin, <i>Haro sur le gangster\u202f!\u202f: la moralisation de la presse enfantine, 1934-1954<\/i>, Paris, CNRS, 2001<\/li>\n<li>P. Ory, \u00ab Mickey go home\u202f!\u00a0 La d\u00e9sam\u00e9ricanisation de la bande dessin\u00e9e (1945-1950) \u00bb, <i>Vingti\u00e8me Si\u00e8cle. Revue d\u2019histoire<\/i>, 1984, p. 77\u201188<\/li>\n<li>J. Gallego\u00a0(dir.), <i>La bande dessin\u00e9e historique: premier cycle: l\u2019Antiquit\u00e9<\/i>, Pau, Presses de l\u2019Universit\u00e9 de Pau et des Pays de l\u2019Adour, 2015.<\/li>\n<li>T. Martine, <i>Le Moyen \u00c2ge en bande dessin\u00e9e<\/i>, Paris, Karthala, 2016.<\/li>\n<li>P. Delisle, <i>Bande dessin\u00e9e franco-belge et imaginaire colonial\u202f: des ann\u00e9es 1930 aux ann\u00e9es 1980<\/i>, Paris, Karthala, 2008.<\/li>\n<li>M. Porret\u00a0(dir.), <i>Objectif bulles\u202f: bande dessin\u00e9e &amp; histoire<\/i>, Gen\u00e8ve, Georg, 2009.<\/li>\n<li>A. Genoudet, <i>Dessiner l\u2019histoire: pour une histoire visuelle<\/i>, Paris, \u00c9ditions le Manuscrit, 2015.<\/li>\n<\/ul>\n<div><\/div>\n<div><strong>La BD et l&#8217;histoire culturelle<\/strong><\/div>\n<div><\/div>\n<ul>\n<li>Sylvain Lesage, <em>Publier la bande dessin\u00e9e. Les \u00e9diteurs franco-belges et l\u2019album, 1950-1990<\/em> (Presses de l\u2019ENSSIB, 2017)<\/li>\n<\/ul>\n<div><strong>Herg\u00e9: biographies, entretiens<\/strong><\/div>\n<div><span id=\"Sadoul1989\" class=\"ouvrage\"><span id=\"Numa_Sadoul1989\" class=\"ouvrage\"><time>\u00a0<\/time><\/span><\/span><\/div>\n<div>\n<ul>\n<li>Numa Sadoul, <em>Entretiens avec Herg\u00e9\u00a0: \u00c9dition d\u00e9finitive<\/em>, Tournai, Casterman, coll.\u00a0\u00ab\u00a0Biblioth\u00e8que de Moulinsart\u00a0\u00bb, 1989<\/li>\n<li>Beno\u00eet Peeters, <em>Le Monde d&#8217;Herg\u00e9<\/em>, Tournai, Casterman, d\u00e9cembre 1984<\/li>\n<li>Pierre Assouline, <em>Herg\u00e9,<\/em> Paris, Gallimard, 1998.<\/li>\n<\/ul>\n<\/div>\n<div><\/div>\n<div><strong>Tintin et tintinophilie (br\u00e8ve s\u00e9lection)<\/strong><\/div>\n<div><\/div>\n<div>\n<ul>\n<li>Jean-Marie Apostolid\u00e8s, <em>Les M\u00e9tamorphoses de Tintin<\/em>, Seghers, 1984, 2e \u00e9dition, Flammarion, 2006.<\/li>\n<li>Pierre Fresnault-Deruelle, <em>Les r\u00eaves de Tintin. Entre m\u00e9taphores et m\u00e9tamorphoses<\/em>, Ch\u00eane-Bourg (Suisse), Editeur Georg, 2017.<\/li>\n<li>Fr\u00e9d\u00e9ric Soumois, <em>Dossier Tintin. Sources, Versions, Th\u00e8mes, Structures<\/em>, \u00e9dition Jacques Antoine, Bruxelles, 1987,<\/li>\n<li>Olivier Roche et Dominique Cerbelaud, <em>Tintin. Bibliographie d\u2019un mythe<\/em>, sans lieu,\u00a0 Impressions nouvelles, 2014.<\/li>\n<\/ul>\n<\/div>\n<div><\/div>\n","protected":false},"excerpt":{"rendered":"<p>Une s\u00e9rie d&#8217;\u00e9missions sur Tintin, le personnage cr\u00e9\u00e9 par Herg\u00e9 en 1929, qui permet de r\u00e9fl\u00e9chir \u00e0 l&#8217;histoire du XXe si\u00e8cle et de la bande dessin\u00e9e, est pr\u00e9vue \u00e0 partir du 25 mai 2020. Retrouvez ici les \u00e9l\u00e9ments de bibliographie mentionn\u00e9s durant l&#8217;\u00e9mission, et n&#8217;h\u00e9sitez pas \u00e0 laisser commentaires ou suggestions. ELEMENTS DE BIBLIOGRAPHIE Approches &hellip; <a href=\"https:\/\/parolesdhistoire.fr\/index.php\/2020\/05\/19\/122-bande-annonce-histoires-de-tintin\/\" class=\"more-link\">Continue reading<span class=\"screen-reader-text\"> &#8220;122. Bande-annonce: histoires de Tintin&#8221;<\/span><\/a><\/p>\n","protected":false},"author":1,"featured_media":0,"comment_status":"open","ping_status":"open","sticky":false,"template":"","format":"standard","meta":{"footnotes":""},"categories":[193],"tags":[149,8,194],"class_list":["post-1069","post","type-post","status-publish","format-standard","hentry","category-tintin","tag-bande-dessinee","tag-histoire-culturelle","tag-tintin"],"_links":{"self":[{"href":"https:\/\/parolesdhistoire.fr\/index.php\/wp-json\/wp\/v2\/posts\/1069","targetHints":{"allow":["GET"]}}],"collection":[{"href":"https:\/\/parolesdhistoire.fr\/index.php\/wp-json\/wp\/v2\/posts"}],"about":[{"href":"https:\/\/parolesdhistoire.fr\/index.php\/wp-json\/wp\/v2\/types\/post"}],"author":[{"embeddable":true,"href":"https:\/\/parolesdhistoire.fr\/index.php\/wp-json\/wp\/v2\/users\/1"}],"replies":[{"embeddable":true,"href":"https:\/\/parolesdhistoire.fr\/index.php\/wp-json\/wp\/v2\/comments?post=1069"}],"version-history":[{"count":3,"href":"https:\/\/parolesdhistoire.fr\/index.php\/wp-json\/wp\/v2\/posts\/1069\/revisions"}],"predecessor-version":[{"id":1073,"href":"https:\/\/parolesdhistoire.fr\/index.php\/wp-json\/wp\/v2\/posts\/1069\/revisions\/1073"}],"wp:attachment":[{"href":"https:\/\/parolesdhistoire.fr\/index.php\/wp-json\/wp\/v2\/media?parent=1069"}],"wp:term":[{"taxonomy":"category","embeddable":true,"href":"https:\/\/parolesdhistoire.fr\/index.php\/wp-json\/wp\/v2\/categories?post=1069"},{"taxonomy":"post_tag","embeddable":true,"href":"https:\/\/parolesdhistoire.fr\/index.php\/wp-json\/wp\/v2\/tags?post=1069"}],"curies":[{"name":"wp","href":"https:\/\/api.w.org\/{rel}","templated":true}]}}