{"id":1083,"date":"2020-05-25T05:07:37","date_gmt":"2020-05-25T03:07:37","guid":{"rendered":"http:\/\/parolesdhistoire.fr\/?p=1083"},"modified":"2020-05-23T23:23:15","modified_gmt":"2020-05-23T21:23:15","slug":"124-histoires-de-tintin-1-la-bd-objet-historiographique-avec-sylvain-lesage","status":"publish","type":"post","link":"https:\/\/parolesdhistoire.fr\/index.php\/2020\/05\/25\/124-histoires-de-tintin-1-la-bd-objet-historiographique-avec-sylvain-lesage\/","title":{"rendered":"124. Histoires de Tintin #1 &#8211; la BD, objet historiographique, avec Sylvain Lesage"},"content":{"rendered":"<iframe loading=\"lazy\" src=\"https:\/\/player.blubrry.com\/?media_url=https%3A%2F%2Fmedia.blubrry.com%2Fparolesdhistoire%2Fcontent.blubrry.com%2Fparolesdhistoire%2Flesage_bd.mp3&amp;modern=1&amp;podcast_link=https%3A%2F%2Fparolesdhistoire.fr%2Findex.php%2F2020%2F05%2F25%2F124-histoires-de-tintin-1-la-bd-objet-historiographique-avec-sylvain-lesage%2F#mode-Light&border-000000&progress-000000\" scrolling=\"no\" width=\"100%\" height=\"165\" frameborder=\"0\" id=\"blubrryplayer-1\" class=\"blubrryplayer\" title=\"Blubrry Podcast Player\"><\/iframe><p class=\"powerpress_links powerpress_links_mp3\" style=\"margin-bottom: 1px !important;\">Podcast: <a href=\"https:\/\/media.blubrry.com\/parolesdhistoire\/content.blubrry.com\/parolesdhistoire\/lesage_bd.mp3\" class=\"powerpress_link_pinw\" target=\"_blank\" title=\"Play in new window\" onclick=\"return powerpress_pinw('https:\/\/parolesdhistoire.fr\/?powerpress_pinw=1083-podcast');\" rel=\"nofollow\">Play in new window<\/a> | <a href=\"https:\/\/media.blubrry.com\/parolesdhistoire\/content.blubrry.com\/parolesdhistoire\/lesage_bd.mp3\" class=\"powerpress_link_d\" title=\"Download\" rel=\"nofollow\" download=\"lesage_bd.mp3\">Download<\/a><\/p><p class=\"powerpress_links powerpress_subscribe_links\">S'abonner :  <a href=\"https:\/\/itunes.apple.com\/fr\/podcast\/paroles-dhistoire\/id1376002842?l=en&amp;mt=2&amp;ls=1#episodeGuid=http%3A%2F%2Fparolesdhistoire.fr%2F%3Fp%3D1083\" class=\"powerpress_link_subscribe powerpress_link_subscribe_itunes\" target=\"_blank\" title=\"Subscribe on Apple Podcasts\" rel=\"nofollow\">Apple Podcasts<\/a> | <a href=\"https:\/\/open.spotify.com\/show\/57zBA3htpYUB4MJNhhlDnn\" class=\"powerpress_link_subscribe powerpress_link_subscribe_spotify\" target=\"_blank\" title=\"Subscribe on Spotify\" rel=\"nofollow\">Spotify<\/a> | <a href=\"https:\/\/subscribeonandroid.com\/feeds.audiomeans.fr\/feed\/c3e6abea-2254-416a-b8ef-0619098d0e45.xml\" class=\"powerpress_link_subscribe powerpress_link_subscribe_android\" target=\"_blank\" title=\"Subscribe on Android\" rel=\"nofollow\">Android<\/a> | <a href=\"https:\/\/www.deezer.com\/en\/show\/1000680512\" class=\"powerpress_link_subscribe powerpress_link_subscribe_deezer\" target=\"_blank\" title=\"Subscribe on Deezer\" rel=\"nofollow\">Deezer<\/a> | <a href=\"https:\/\/feeds.audiomeans.fr\/feed\/c3e6abea-2254-416a-b8ef-0619098d0e45.xml\" class=\"powerpress_link_subscribe powerpress_link_subscribe_rss\" target=\"_blank\" title=\"Subscribe via RSS\" rel=\"nofollow\">RSS<\/a> | <a href=\"https:\/\/parolesdhistoire.fr\/index.php\/sabonner\/\" class=\"powerpress_link_subscribe powerpress_link_subscribe_more\" target=\"_blank\" title=\"More\" rel=\"nofollow\">More<\/a><\/p><p><strong>L\u2019invit\u00e9\u00a0:<\/strong> Sylvain Lesage, ma\u00eetre de conf\u00e9rences \u00e0 l\u2019Universit\u00e9 de Lille<\/p>\n<p><strong>Le th\u00e8me\u00a0:<\/strong> comment la bande dessin\u00e9e est devenue un objet historiographique<\/p>\n<p><em><a href=\"http:\/\/parolesdhistoire.fr\/wp-content\/uploads\/2020\/05\/unnamed.jpg\"><img loading=\"lazy\" decoding=\"async\" class=\"aligncenter size-full wp-image-1092\" src=\"http:\/\/parolesdhistoire.fr\/wp-content\/uploads\/2020\/05\/unnamed.jpg\" alt=\"\" width=\"357\" height=\"512\" srcset=\"https:\/\/parolesdhistoire.fr\/wp-content\/uploads\/2020\/05\/unnamed.jpg 357w, https:\/\/parolesdhistoire.fr\/wp-content\/uploads\/2020\/05\/unnamed-209x300.jpg 209w\" sizes=\"auto, (max-width: 357px) 85vw, 357px\" \/><\/a>Affiche de l&#8217;exposition Herg\u00e9 en 1977 lors du Festival d&#8217;Angoul\u00eame<\/em><\/p>\n<p><strong>La discussion\u00a0:<\/strong><\/p>\n<ul>\n<li>Aux sources d\u2019un regard historiographique sur la BD\u00a0: la b\u00e9d\u00e9philie dans les ann\u00e9es 1960 1\u201920)<\/li>\n<li>Un mouvement \u00e0 la fois italien, fran\u00e7ais et belge, et tr\u00e8s masculin (6\u201940)<\/li>\n<li>L\u2019\u00e9mergence d\u2019une BD plus adulte et autor\u00e9f\u00e9rentielle dans les ann\u00e9es 1970 (9\u2019)<\/li>\n<li>Comment la BD franco-belge int\u00e9resse \u00e9galement les b\u00e9d\u00e9philes (12&#8217;20)<\/li>\n<li>Les formes d\u2019institutionnalisation de la BD avec l\u2019expression \u00ab neuvi\u00e8me art \u00bb, le festival d\u2019Angoul\u00eame\u2026 (18&#8217;15)<\/li>\n<li>La r\u00e9ification de l\u2019auteur, que le ph\u00e9nom\u00e8ne Herg\u00e9 pousse \u00e0 son comble (24&#8242;)<\/li>\n<li>La chronologie de la prise en compte de la BD aux \u00c9tats-Unis, plus pr\u00e9coce (27&#8242;)<\/li>\n<li>La fa\u00e7on dont la BD est entr\u00e9e \u00e0 l\u2019universit\u00e9, d\u2019abord via la s\u00e9miotique ou la sociologie, puis pour l\u2019histoire avec Pascal Ory (36&#8242;)<\/li>\n<li>Le paysage historiographique au milieu des ann\u00e9es 2000 (45&#8242;)<\/li>\n<li>La place singuli\u00e8re de Tintin dans ce paysage, et les limites que la surfocalisation sur cette \u0153uvre implique (51&#8242;)<\/li>\n<\/ul>\n<p><strong>Les r\u00e9f\u00e9rences cit\u00e9es dans le podcast<br \/>\n<\/strong><\/p>\n<ul>\n<li>L. Boltanski, <a href=\"https:\/\/www.persee.fr\/doc\/arss_0335-5322_1975_num_1_1_2448\">\u00ab La constitution du champ de la bande dessin\u00e9e \u00bb<\/a>, <em>Actes de la Recherche en Sciences Sociales<\/em>, 1975, 1, p. 37-59<\/li>\n<li><span class=\"st\">Francis Lacassin, <em>Pour un neuvi\u00e8me art : la bande dessin\u00e9e<\/em>, Union G\u00e9n\u00e9rale d&#8217;<wbr \/>\u00c9ditions, 10\/18, 1971<\/span><\/li>\n<li>P. Ory, \u00ab Mickey go home\u202f!\u00a0 La d\u00e9sam\u00e9ricanisation de la bande dessin\u00e9e (1945-1950) \u00bb, <i>Vingti\u00e8me Si\u00e8cle. Revue d\u2019histoire<\/i>, 1984, p. 77\u201188<\/li>\n<li>T. Cr\u00e9pin, <i>Haro sur le gangster\u202f!\u202f: la moralisation de la presse enfantine, 1934-1954<\/i>, Paris, CNRS, 2001<\/li>\n<\/ul>\n<p><strong>Bibliographie compl\u00e9mentaire<\/strong><\/p>\n<ul>\n<li>O. Mitterrand, <i>L\u2019histoire par la bande\u00a0: bande dessin\u00e9e, histoire et p\u00e9dagogie<\/i>, Paris, Syros, 1993.<\/li>\n<li>P. Ory, <i>Le petit nazi illustr\u00e9\u202f: une p\u00e9dagogie hitl\u00e9rienne en culture fran\u00e7aise: \u00ab\u00a0le T\u00e9m\u00e9raire\u00a0\u00bb (1943-1944)<\/i>, Paris, Nautilus, 2002 (Albatros, 1979).<\/li>\n<li>J. Gallego (dir.), <i>La bande dessin\u00e9e historique: premier cycle: l\u2019Antiquit\u00e9<\/i>, Pau, Presses de l\u2019Universit\u00e9 de Pau et des Pays de l\u2019Adour, 2015.<\/li>\n<li>T. Martine, <i>Le Moyen \u00c2ge en bande dessin\u00e9e<\/i>, Paris, Karthala, 2016.<\/li>\n<li>P. Delisle, <i>Bande dessin\u00e9e franco-belge et imaginaire colonial\u202f: des ann\u00e9es 1930 aux ann\u00e9es 1980<\/i>, Paris, Karthala, 2008.<\/li>\n<li>M. Porret\u00a0(dir.), <i>Objectif bulles\u202f: bande dessin\u00e9e &amp; histoire<\/i>, Gen\u00e8ve, Georg, 2009.<\/li>\n<li>A. Genoudet, <i>Dessiner l\u2019histoire: pour une histoire visuelle<\/i>, Paris, \u00c9ditions le Manuscrit, 2015.<\/li>\n<li>Sylvain Lesage, <em>Publier la bande dessin\u00e9e. Les \u00e9diteurs franco-belges et l\u2019album, 1950-1990<\/em> (Presses de l\u2019ENSSIB, 2017)<\/li>\n<\/ul>\n","protected":false},"excerpt":{"rendered":"<p>L\u2019invit\u00e9\u00a0: Sylvain Lesage, ma\u00eetre de conf\u00e9rences \u00e0 l\u2019Universit\u00e9 de Lille Le th\u00e8me\u00a0: comment la bande dessin\u00e9e est devenue un objet historiographique Affiche de l&#8217;exposition Herg\u00e9 en 1977 lors du Festival d&#8217;Angoul\u00eame La discussion\u00a0: Aux sources d\u2019un regard historiographique sur la BD\u00a0: la b\u00e9d\u00e9philie dans les ann\u00e9es 1960 1\u201920) Un mouvement \u00e0 la fois italien, fran\u00e7ais &hellip; <a href=\"https:\/\/parolesdhistoire.fr\/index.php\/2020\/05\/25\/124-histoires-de-tintin-1-la-bd-objet-historiographique-avec-sylvain-lesage\/\" class=\"more-link\">Continue reading<span class=\"screen-reader-text\"> &#8220;124. Histoires de Tintin #1 &#8211; la BD, objet historiographique, avec Sylvain Lesage&#8221;<\/span><\/a><\/p>\n","protected":false},"author":1,"featured_media":0,"comment_status":"open","ping_status":"open","sticky":false,"template":"","format":"standard","meta":{"footnotes":""},"categories":[193],"tags":[149,8,28,194],"class_list":["post-1083","post","type-post","status-publish","format-standard","hentry","category-tintin","tag-bande-dessinee","tag-histoire-culturelle","tag-historiographie","tag-tintin"],"_links":{"self":[{"href":"https:\/\/parolesdhistoire.fr\/index.php\/wp-json\/wp\/v2\/posts\/1083","targetHints":{"allow":["GET"]}}],"collection":[{"href":"https:\/\/parolesdhistoire.fr\/index.php\/wp-json\/wp\/v2\/posts"}],"about":[{"href":"https:\/\/parolesdhistoire.fr\/index.php\/wp-json\/wp\/v2\/types\/post"}],"author":[{"embeddable":true,"href":"https:\/\/parolesdhistoire.fr\/index.php\/wp-json\/wp\/v2\/users\/1"}],"replies":[{"embeddable":true,"href":"https:\/\/parolesdhistoire.fr\/index.php\/wp-json\/wp\/v2\/comments?post=1083"}],"version-history":[{"count":9,"href":"https:\/\/parolesdhistoire.fr\/index.php\/wp-json\/wp\/v2\/posts\/1083\/revisions"}],"predecessor-version":[{"id":1093,"href":"https:\/\/parolesdhistoire.fr\/index.php\/wp-json\/wp\/v2\/posts\/1083\/revisions\/1093"}],"wp:attachment":[{"href":"https:\/\/parolesdhistoire.fr\/index.php\/wp-json\/wp\/v2\/media?parent=1083"}],"wp:term":[{"taxonomy":"category","embeddable":true,"href":"https:\/\/parolesdhistoire.fr\/index.php\/wp-json\/wp\/v2\/categories?post=1083"},{"taxonomy":"post_tag","embeddable":true,"href":"https:\/\/parolesdhistoire.fr\/index.php\/wp-json\/wp\/v2\/tags?post=1083"}],"curies":[{"name":"wp","href":"https:\/\/api.w.org\/{rel}","templated":true}]}}