{"id":1094,"date":"2020-05-27T04:39:23","date_gmt":"2020-05-27T02:39:23","guid":{"rendered":"http:\/\/parolesdhistoire.fr\/?p=1094"},"modified":"2020-05-26T10:23:06","modified_gmt":"2020-05-26T08:23:06","slug":"125-histoires-de-tintin-2-publier-tintin-avec-florian-moine","status":"publish","type":"post","link":"https:\/\/parolesdhistoire.fr\/index.php\/2020\/05\/27\/125-histoires-de-tintin-2-publier-tintin-avec-florian-moine\/","title":{"rendered":"125. Histoires de Tintin #2 &#8211; Publier Tintin, avec Florian Moine"},"content":{"rendered":"<iframe loading=\"lazy\" src=\"https:\/\/player.blubrry.com\/?media_url=https%3A%2F%2Fmedia.blubrry.com%2Fparolesdhistoire%2Fcontent.blubrry.com%2Fparolesdhistoire%2Fmoine_publiertintin.mp3&amp;modern=1&amp;podcast_link=https%3A%2F%2Fparolesdhistoire.fr%2Findex.php%2F2020%2F05%2F27%2F125-histoires-de-tintin-2-publier-tintin-avec-florian-moine%2F#mode-Light&border-000000&progress-000000\" scrolling=\"no\" width=\"100%\" height=\"165\" frameborder=\"0\" id=\"blubrryplayer-1\" class=\"blubrryplayer\" title=\"Blubrry Podcast Player\"><\/iframe><p class=\"powerpress_links powerpress_links_mp3\" style=\"margin-bottom: 1px !important;\">Podcast: <a href=\"https:\/\/media.blubrry.com\/parolesdhistoire\/content.blubrry.com\/parolesdhistoire\/moine_publiertintin.mp3\" class=\"powerpress_link_pinw\" target=\"_blank\" title=\"Play in new window\" onclick=\"return powerpress_pinw('https:\/\/parolesdhistoire.fr\/?powerpress_pinw=1094-podcast');\" rel=\"nofollow\">Play in new window<\/a> | <a href=\"https:\/\/media.blubrry.com\/parolesdhistoire\/content.blubrry.com\/parolesdhistoire\/moine_publiertintin.mp3\" class=\"powerpress_link_d\" title=\"Download\" rel=\"nofollow\" download=\"moine_publiertintin.mp3\">Download<\/a><\/p><p class=\"powerpress_links powerpress_subscribe_links\">S'abonner :  <a href=\"https:\/\/itunes.apple.com\/fr\/podcast\/paroles-dhistoire\/id1376002842?l=en&amp;mt=2&amp;ls=1#episodeGuid=http%3A%2F%2Fparolesdhistoire.fr%2F%3Fp%3D1094\" class=\"powerpress_link_subscribe powerpress_link_subscribe_itunes\" target=\"_blank\" title=\"Subscribe on Apple Podcasts\" rel=\"nofollow\">Apple Podcasts<\/a> | <a href=\"https:\/\/open.spotify.com\/show\/57zBA3htpYUB4MJNhhlDnn\" class=\"powerpress_link_subscribe powerpress_link_subscribe_spotify\" target=\"_blank\" title=\"Subscribe on Spotify\" rel=\"nofollow\">Spotify<\/a> | <a href=\"https:\/\/subscribeonandroid.com\/feeds.audiomeans.fr\/feed\/c3e6abea-2254-416a-b8ef-0619098d0e45.xml\" class=\"powerpress_link_subscribe powerpress_link_subscribe_android\" target=\"_blank\" title=\"Subscribe on Android\" rel=\"nofollow\">Android<\/a> | <a href=\"https:\/\/www.deezer.com\/en\/show\/1000680512\" class=\"powerpress_link_subscribe powerpress_link_subscribe_deezer\" target=\"_blank\" title=\"Subscribe on Deezer\" rel=\"nofollow\">Deezer<\/a> | <a href=\"https:\/\/feeds.audiomeans.fr\/feed\/c3e6abea-2254-416a-b8ef-0619098d0e45.xml\" class=\"powerpress_link_subscribe powerpress_link_subscribe_rss\" target=\"_blank\" title=\"Subscribe via RSS\" rel=\"nofollow\">RSS<\/a> | <a href=\"https:\/\/parolesdhistoire.fr\/index.php\/sabonner\/\" class=\"powerpress_link_subscribe powerpress_link_subscribe_more\" target=\"_blank\" title=\"More\" rel=\"nofollow\">More<\/a><\/p><p><strong>L\u2019invit\u00e9\u00a0: <\/strong>Florian Moine, doctorant \u00e0 Paris-I<\/p>\n<p><a href=\"http:\/\/parolesdhistoire.fr\/wp-content\/uploads\/2020\/05\/GERARD-CASTERMAN-1958.jpg\"><img loading=\"lazy\" decoding=\"async\" class=\"aligncenter size-full wp-image-1097\" src=\"http:\/\/parolesdhistoire.fr\/wp-content\/uploads\/2020\/05\/GERARD-CASTERMAN-1958.jpg\" alt=\"\" width=\"796\" height=\"619\" srcset=\"https:\/\/parolesdhistoire.fr\/wp-content\/uploads\/2020\/05\/GERARD-CASTERMAN-1958.jpg 796w, https:\/\/parolesdhistoire.fr\/wp-content\/uploads\/2020\/05\/GERARD-CASTERMAN-1958-300x233.jpg 300w, https:\/\/parolesdhistoire.fr\/wp-content\/uploads\/2020\/05\/GERARD-CASTERMAN-1958-768x597.jpg 768w\" sizes=\"auto, (max-width: 709px) 85vw, (max-width: 909px) 67vw, (max-width: 984px) 61vw, (max-width: 1362px) 45vw, 600px\" \/><\/a><em>\u00a0G\u00e9rard Casterman supervisant les \u00e9preuves de couverture de Coke en Stock, 1958 (c) C. Fromenti<\/em><strong><br \/>\n<\/strong><\/p>\n<p><strong>Le th\u00e8me\u00a0: <\/strong>l\u2019histoire \u00e9ditoriale de Tintin<\/p>\n<p><strong>La discussion<\/strong><\/p>\n<ul>\n<li>Pourquoi travailler sur Tintin\u00a0et sa publication\u00a0? \u00a0(1\u2019)<\/li>\n<li>Un rapport de lecture qui a \u00e9volu\u00e9 entre l\u2019enfance et le travail de recherche (2\u201925)<\/li>\n<li>Un travail qui s\u2019inscrit dans le cadre d\u2019une historiographie renouvel\u00e9e des productions culturelles et de l\u2019\u00e9dition (3\u201940)<\/li>\n<li>L\u2019histoire \u00e9ditoriale de Tintin et ses \u00e9volutions (5\u201915)<\/li>\n<li>Les archives Casterman, compl\u00e9ment aux entretiens donn\u00e9s par Herg\u00e9 (7\u201930)<\/li>\n<li>Comment Herg\u00e9 est-il publi\u00e9 chez Casterman, \u00e9diteur catholique initialement influent dans les milieux scolaires\u00a0? (10\u201940)<\/li>\n<li>Une strat\u00e9gie de p\u00e9n\u00e9tration du march\u00e9 fran\u00e7ais (13\u201945)<\/li>\n<li>L\u2019inscription de Tintin dans le paysage concurrentiel de l\u2019album pour enfants (15\u201950)<\/li>\n<li>La Seconde Guerre mondiale, tournant fondamental avec le passage en couleur de Tintin (17\u201935)<\/li>\n<li>Une mise en couleur qui participe de la standardisation des albums (23\u2019)<\/li>\n<li>La fa\u00e7on dont Casterman \u00e9chafaude des projets pour \u00ab\u00a0l\u2019apr\u00e8s-guerre\u00a0\u00bb durant la guerre (25\u2019)<\/li>\n<li>Herg\u00e9, auteur m\u00e9ticuleux, coloriste pr\u00e9cis (26\u201950)<\/li>\n<li>La dimension collective du travail et la naissance du \u00ab\u00a0Studio Herg\u00e9\u00a0\u00bb (29\u2019)<\/li>\n<li>Les \u00ab\u00a0rendements d\u00e9croissants\u00a0\u00bb et l\u2019espacement croissant des albums de Tintin dans les ann\u00e9es 1950-1960 (32\u201915)<\/li>\n<li>Les contraintes nouvelles de l\u2019apr\u00e8s-guerre pour Casterman\u00a0: loi de 1949, tarifs douaniers\u2026 (35\u2019)<\/li>\n<li>Le \u00ab\u00a0toilettage\u00a0\u00bb de certains albums dans les ann\u00e9es 1950-1960, \u00e0 l\u2019initiative souvent de l\u2019\u00e9diteur (38\u201910)<\/li>\n<li>Une \u00ab\u00a0patrimonialisation\u00a0\u00bb de Tintin r\u00e9ussie par l\u2019\u00e9diteur dans les ann\u00e9es 1960-1970 (42\u2019)<\/li>\n<li>L\u2019album le plus int\u00e9ressant pour l\u2019histoire \u00e9ditoriale, <em>L\u2019\u00e9toile myst\u00e9rieuse<\/em> (48\u2019)<\/li>\n<\/ul>\n<p><strong>Retrouvez <a href=\"http:\/\/parolesdhistoire.fr\/index.php\/2020\/05\/19\/122-bande-annonce-histoires-de-tintin\/\">ici<\/a> des \u00e9l\u00e9ments de bibliographie.<\/strong><\/p>\n","protected":false},"excerpt":{"rendered":"<p>L\u2019invit\u00e9\u00a0: Florian Moine, doctorant \u00e0 Paris-I \u00a0G\u00e9rard Casterman supervisant les \u00e9preuves de couverture de Coke en Stock, 1958 (c) C. Fromenti Le th\u00e8me\u00a0: l\u2019histoire \u00e9ditoriale de Tintin La discussion Pourquoi travailler sur Tintin\u00a0et sa publication\u00a0? \u00a0(1\u2019) Un rapport de lecture qui a \u00e9volu\u00e9 entre l\u2019enfance et le travail de recherche (2\u201925) Un travail qui s\u2019inscrit &hellip; <a href=\"https:\/\/parolesdhistoire.fr\/index.php\/2020\/05\/27\/125-histoires-de-tintin-2-publier-tintin-avec-florian-moine\/\" class=\"more-link\">Continue reading<span class=\"screen-reader-text\"> &#8220;125. Histoires de Tintin #2 &#8211; Publier Tintin, avec Florian Moine&#8221;<\/span><\/a><\/p>\n","protected":false},"author":1,"featured_media":0,"comment_status":"open","ping_status":"open","sticky":false,"template":"","format":"standard","meta":{"footnotes":""},"categories":[193],"tags":[5,195,8,194],"class_list":["post-1094","post","type-post","status-publish","format-standard","hentry","category-tintin","tag-contempo","tag-edition","tag-histoire-culturelle","tag-tintin"],"_links":{"self":[{"href":"https:\/\/parolesdhistoire.fr\/index.php\/wp-json\/wp\/v2\/posts\/1094","targetHints":{"allow":["GET"]}}],"collection":[{"href":"https:\/\/parolesdhistoire.fr\/index.php\/wp-json\/wp\/v2\/posts"}],"about":[{"href":"https:\/\/parolesdhistoire.fr\/index.php\/wp-json\/wp\/v2\/types\/post"}],"author":[{"embeddable":true,"href":"https:\/\/parolesdhistoire.fr\/index.php\/wp-json\/wp\/v2\/users\/1"}],"replies":[{"embeddable":true,"href":"https:\/\/parolesdhistoire.fr\/index.php\/wp-json\/wp\/v2\/comments?post=1094"}],"version-history":[{"count":3,"href":"https:\/\/parolesdhistoire.fr\/index.php\/wp-json\/wp\/v2\/posts\/1094\/revisions"}],"predecessor-version":[{"id":1098,"href":"https:\/\/parolesdhistoire.fr\/index.php\/wp-json\/wp\/v2\/posts\/1094\/revisions\/1098"}],"wp:attachment":[{"href":"https:\/\/parolesdhistoire.fr\/index.php\/wp-json\/wp\/v2\/media?parent=1094"}],"wp:term":[{"taxonomy":"category","embeddable":true,"href":"https:\/\/parolesdhistoire.fr\/index.php\/wp-json\/wp\/v2\/categories?post=1094"},{"taxonomy":"post_tag","embeddable":true,"href":"https:\/\/parolesdhistoire.fr\/index.php\/wp-json\/wp\/v2\/tags?post=1094"}],"curies":[{"name":"wp","href":"https:\/\/api.w.org\/{rel}","templated":true}]}}