{"id":1125,"date":"2020-06-05T04:28:17","date_gmt":"2020-06-05T02:28:17","guid":{"rendered":"http:\/\/parolesdhistoire.fr\/?p=1125"},"modified":"2020-06-04T23:45:57","modified_gmt":"2020-06-04T21:45:57","slug":"129-histoires-de-tintin-6-de-lautre-cote-du-rideau-de-fer-avec-rachel-mazuy","status":"publish","type":"post","link":"https:\/\/parolesdhistoire.fr\/index.php\/2020\/06\/05\/129-histoires-de-tintin-6-de-lautre-cote-du-rideau-de-fer-avec-rachel-mazuy\/","title":{"rendered":"129. Histoires de Tintin #6 : De l&#8217;autre c\u00f4t\u00e9 du rideau de fer, avec Rachel Mazuy"},"content":{"rendered":"<iframe loading=\"lazy\" src=\"https:\/\/player.blubrry.com\/?media_url=https%3A%2F%2Fmedia.blubrry.com%2Fparolesdhistoire%2Fcontent.blubrry.com%2Fparolesdhistoire%2Fmazuy_rideaudefer.mp3&amp;modern=1&amp;podcast_link=https%3A%2F%2Fparolesdhistoire.fr%2Findex.php%2F2020%2F06%2F05%2F129-histoires-de-tintin-6-de-lautre-cote-du-rideau-de-fer-avec-rachel-mazuy%2F#mode-Light&border-000000&progress-000000\" scrolling=\"no\" width=\"100%\" height=\"165\" frameborder=\"0\" id=\"blubrryplayer-1\" class=\"blubrryplayer\" title=\"Blubrry Podcast Player\"><\/iframe><p class=\"powerpress_links powerpress_links_mp3\" style=\"margin-bottom: 1px !important;\">Podcast: <a href=\"https:\/\/media.blubrry.com\/parolesdhistoire\/content.blubrry.com\/parolesdhistoire\/mazuy_rideaudefer.mp3\" class=\"powerpress_link_pinw\" target=\"_blank\" title=\"Play in new window\" onclick=\"return powerpress_pinw('https:\/\/parolesdhistoire.fr\/?powerpress_pinw=1125-podcast');\" rel=\"nofollow\">Play in new window<\/a> | <a href=\"https:\/\/media.blubrry.com\/parolesdhistoire\/content.blubrry.com\/parolesdhistoire\/mazuy_rideaudefer.mp3\" class=\"powerpress_link_d\" title=\"Download\" rel=\"nofollow\" download=\"mazuy_rideaudefer.mp3\">Download<\/a><\/p><p class=\"powerpress_links powerpress_subscribe_links\">S'abonner :  <a href=\"https:\/\/itunes.apple.com\/fr\/podcast\/paroles-dhistoire\/id1376002842?l=en&amp;mt=2&amp;ls=1#episodeGuid=http%3A%2F%2Fparolesdhistoire.fr%2F%3Fp%3D1125\" class=\"powerpress_link_subscribe powerpress_link_subscribe_itunes\" target=\"_blank\" title=\"Subscribe on Apple Podcasts\" rel=\"nofollow\">Apple Podcasts<\/a> | <a href=\"https:\/\/open.spotify.com\/show\/57zBA3htpYUB4MJNhhlDnn\" class=\"powerpress_link_subscribe powerpress_link_subscribe_spotify\" target=\"_blank\" title=\"Subscribe on Spotify\" rel=\"nofollow\">Spotify<\/a> | <a href=\"https:\/\/subscribeonandroid.com\/feeds.audiomeans.fr\/feed\/c3e6abea-2254-416a-b8ef-0619098d0e45.xml\" class=\"powerpress_link_subscribe powerpress_link_subscribe_android\" target=\"_blank\" title=\"Subscribe on Android\" rel=\"nofollow\">Android<\/a> | <a href=\"https:\/\/www.deezer.com\/en\/show\/1000680512\" class=\"powerpress_link_subscribe powerpress_link_subscribe_deezer\" target=\"_blank\" title=\"Subscribe on Deezer\" rel=\"nofollow\">Deezer<\/a> | <a href=\"https:\/\/feeds.audiomeans.fr\/feed\/c3e6abea-2254-416a-b8ef-0619098d0e45.xml\" class=\"powerpress_link_subscribe powerpress_link_subscribe_rss\" target=\"_blank\" title=\"Subscribe via RSS\" rel=\"nofollow\">RSS<\/a> | <a href=\"https:\/\/parolesdhistoire.fr\/index.php\/sabonner\/\" class=\"powerpress_link_subscribe powerpress_link_subscribe_more\" target=\"_blank\" title=\"More\" rel=\"nofollow\">More<\/a><\/p><p><strong>L\u2019invit\u00e9e\u00a0:<\/strong> Rachel Mazuy, chercheuse en histoire contemporaine<\/p>\n<p><a href=\"http:\/\/parolesdhistoire.fr\/wp-content\/uploads\/2020\/06\/dzerjinski.jpg\"><img loading=\"lazy\" decoding=\"async\" class=\"aligncenter size-large wp-image-1126\" src=\"http:\/\/parolesdhistoire.fr\/wp-content\/uploads\/2020\/06\/dzerjinski-1024x495.jpg\" alt=\"\" width=\"840\" height=\"406\" srcset=\"https:\/\/parolesdhistoire.fr\/wp-content\/uploads\/2020\/06\/dzerjinski-1024x495.jpg 1024w, https:\/\/parolesdhistoire.fr\/wp-content\/uploads\/2020\/06\/dzerjinski-300x145.jpg 300w, https:\/\/parolesdhistoire.fr\/wp-content\/uploads\/2020\/06\/dzerjinski-768x371.jpg 768w, https:\/\/parolesdhistoire.fr\/wp-content\/uploads\/2020\/06\/dzerjinski-1200x580.jpg 1200w, https:\/\/parolesdhistoire.fr\/wp-content\/uploads\/2020\/06\/dzerjinski.jpg 1226w\" sizes=\"auto, (max-width: 709px) 85vw, (max-width: 909px) 67vw, (max-width: 1362px) 62vw, 840px\" \/><\/a><strong>Le th\u00e8me\u00a0:<\/strong> Tintin de l\u2019autre c\u00f4t\u00e9 de Rideau de fer, dans <em>Au pays des soviets<\/em> (1929-1930) et <em>L\u2019affaire Tournesol <\/em>(1954-1956)<em><br \/>\n<\/em><\/p>\n<p><strong>La discussion\u00a0:<\/strong><\/p>\n<ul>\n<li>Deux albums situ\u00e9s dans des contextes tr\u00e8s diff\u00e9rents, avec l\u2019anticommunisme de l\u2019entre-deux-guerres puis le climat de la guerre froide (1\u2019)<\/li>\n<\/ul>\n<p><strong><em>Tintin au pays des soviets<\/em><\/strong><\/p>\n<ul>\n<li>Les caract\u00e9ristiques de <em>Tintin au pays des soviets <\/em>(3\u201925)<\/li>\n<li>L\u2019anticommunisme de la Belgique, et ses sp\u00e9cificit\u00e9s d\u2019\u00e9poque (6\u201920)<\/li>\n<li>Un r\u00e9cit qui est autant un r\u00e9cit d\u2019aventures qu\u2019un pamphlet id\u00e9ologique (8\u201925)<\/li>\n<li>La source d\u2019inspiration principale d\u2019Herg\u00e9\u00a0: le livre de Joseph Douillet, <em>Moscou sans voiles <\/em>(11\u201940)<\/li>\n<li>Le r\u00e9cit de voyage en URSS, genre install\u00e9 quand \u00e9crit Herg\u00e9 (13\u201930)<\/li>\n<li>Une inspiration m\u00e9connue, le scout danois Palle Huld (15\u201945)<\/li>\n<li>L\u2019id\u00e9e d\u2019usines factices et de \u00ab\u00a0villages Potemkine\u00a0\u00bb (20\u2019)<\/li>\n<li>L\u2019Allemagne, sur le chemin de la Russie (22\u201930)<\/li>\n<li>Une Russie qui rappelle la guerre civile plus que les ann\u00e9es 1920 (24\u201920)<\/li>\n<li>Les apparences et v\u00eatements (26\u201920)<\/li>\n<li>Qui dirige la Russie d\u2019Herg\u00e9\u00a0? (27\u201930)<\/li>\n<li>Quelles ressources visuelles pour dessiner l\u2019album\u00a0? (29\u201950)<\/li>\n<li>Herg\u00e9 parfois en-dessous de la r\u00e9alit\u00e9\u00a0: les orphelins et enfants errants, la d\u00e9koulakisation\u2026 (31\u2019)<\/li>\n<li>Au-del\u00e0 de l\u2019anticommunisme, des clich\u00e9s traditionnels sur la Russie (35\u2019)<\/li>\n<\/ul>\n<p><strong><em>L\u2019affaire Tournesol<\/em><\/strong><\/p>\n<ul>\n<li>Un album de guerre froide, qui transpose \u00e9galement un imaginaire li\u00e9 \u00e0 la Seconde Guerre mondiale (41\u2019)<\/li>\n<li>Quel pays de l\u2019est repr\u00e9sente la Bordurie\u00a0? (43\u2019)<\/li>\n<li>Un imaginaire marqu\u00e9 par la peur atomique (47\u2019)<\/li>\n<li>Une lecture \u00ab\u00a0totalitaire\u00a0\u00bb chez Herg\u00e9\u00a0? (51\u2019)<\/li>\n<li>L\u2019atmosph\u00e8re de surveillance qui r\u00e8gne en Bordurie (53\u2019)<\/li>\n<li>\u2026mais des r\u00e9alit\u00e9s quotidiennes \u00e9loign\u00e9es de celles des pays de l\u2019est (58\u2019)<\/li>\n<li>L\u2019\u00e9volution de la repr\u00e9sentation de ces pays dans la BD, avec le marquant <em>Partie de chasse<\/em> en 1983 de Bilal et Christin (1\u201901\u201900)<\/li>\n<\/ul>\n<p><strong>R\u00e9f\u00e9rences bibliographiques et film\u00e9es<\/strong><\/p>\n<ul>\n<li>Dziga Vertov, <a href=\"https:\/\/www.youtube.com\/watch?v=cGYZ5847FiI&amp;t=965s\">L\u2019homme \u00e0 la cam\u00e9ra<\/a> (1929)<\/li>\n<li>Lev Kulechov, <a href=\"https:\/\/www.youtube.com\/watch?v=Rqz53CnWZJA\">Les extraordinaires aventures de M. West au pays des bolcheviks<\/a> (1924)<\/li>\n<li>Rachel Mazuy, <em>Croire plut\u00f4t que voir ? Voyages en Russie sovi\u00e9tique (1919-1939)<\/em>. Paris, Odile Jacob, 2002<\/li>\n<li>Sophie C\u0153ur\u00e9, <em>La grande lueur \u00e0 l&#8217;Est : Les Fran\u00e7ais et l&#8217;Union sovi\u00e9tique<\/em>, Seuil, Paris, 1999<\/li>\n<\/ul>\n","protected":false},"excerpt":{"rendered":"<p>L\u2019invit\u00e9e\u00a0: Rachel Mazuy, chercheuse en histoire contemporaine Le th\u00e8me\u00a0: Tintin de l\u2019autre c\u00f4t\u00e9 de Rideau de fer, dans Au pays des soviets (1929-1930) et L\u2019affaire Tournesol (1954-1956) La discussion\u00a0: Deux albums situ\u00e9s dans des contextes tr\u00e8s diff\u00e9rents, avec l\u2019anticommunisme de l\u2019entre-deux-guerres puis le climat de la guerre froide (1\u2019) Tintin au pays des soviets Les &hellip; <a href=\"https:\/\/parolesdhistoire.fr\/index.php\/2020\/06\/05\/129-histoires-de-tintin-6-de-lautre-cote-du-rideau-de-fer-avec-rachel-mazuy\/\" class=\"more-link\">Continue reading<span class=\"screen-reader-text\"> &#8220;129. Histoires de Tintin #6 : De l&#8217;autre c\u00f4t\u00e9 du rideau de fer, avec Rachel Mazuy&#8221;<\/span><\/a><\/p>\n","protected":false},"author":1,"featured_media":0,"comment_status":"open","ping_status":"open","sticky":false,"template":"","format":"standard","meta":{"footnotes":""},"categories":[193],"tags":[60,21,23,194],"class_list":["post-1125","post","type-post","status-publish","format-standard","hentry","category-tintin","tag-communisme","tag-guerre-froide","tag-russie-urss","tag-tintin"],"_links":{"self":[{"href":"https:\/\/parolesdhistoire.fr\/index.php\/wp-json\/wp\/v2\/posts\/1125","targetHints":{"allow":["GET"]}}],"collection":[{"href":"https:\/\/parolesdhistoire.fr\/index.php\/wp-json\/wp\/v2\/posts"}],"about":[{"href":"https:\/\/parolesdhistoire.fr\/index.php\/wp-json\/wp\/v2\/types\/post"}],"author":[{"embeddable":true,"href":"https:\/\/parolesdhistoire.fr\/index.php\/wp-json\/wp\/v2\/users\/1"}],"replies":[{"embeddable":true,"href":"https:\/\/parolesdhistoire.fr\/index.php\/wp-json\/wp\/v2\/comments?post=1125"}],"version-history":[{"count":1,"href":"https:\/\/parolesdhistoire.fr\/index.php\/wp-json\/wp\/v2\/posts\/1125\/revisions"}],"predecessor-version":[{"id":1127,"href":"https:\/\/parolesdhistoire.fr\/index.php\/wp-json\/wp\/v2\/posts\/1125\/revisions\/1127"}],"wp:attachment":[{"href":"https:\/\/parolesdhistoire.fr\/index.php\/wp-json\/wp\/v2\/media?parent=1125"}],"wp:term":[{"taxonomy":"category","embeddable":true,"href":"https:\/\/parolesdhistoire.fr\/index.php\/wp-json\/wp\/v2\/categories?post=1125"},{"taxonomy":"post_tag","embeddable":true,"href":"https:\/\/parolesdhistoire.fr\/index.php\/wp-json\/wp\/v2\/tags?post=1125"}],"curies":[{"name":"wp","href":"https:\/\/api.w.org\/{rel}","templated":true}]}}