{"id":1164,"date":"2020-06-25T23:27:35","date_gmt":"2020-06-25T21:27:35","guid":{"rendered":"http:\/\/parolesdhistoire.fr\/?p=1164"},"modified":"2020-06-26T09:43:34","modified_gmt":"2020-06-26T07:43:34","slug":"135-eglises-en-ruine-avec-mathieu-lours","status":"publish","type":"post","link":"https:\/\/parolesdhistoire.fr\/index.php\/2020\/06\/25\/135-eglises-en-ruine-avec-mathieu-lours\/","title":{"rendered":"135. \u00c9glises en ruine, avec Mathieu Lours"},"content":{"rendered":"<iframe loading=\"lazy\" src=\"https:\/\/player.blubrry.com\/?media_url=https%3A%2F%2Fmedia.blubrry.com%2Fparolesdhistoire%2Fcontent.blubrry.com%2Fparolesdhistoire%2Fruines.mp3&amp;modern=1&amp;podcast_link=https%3A%2F%2Fparolesdhistoire.fr%2Findex.php%2F2020%2F06%2F25%2F135-eglises-en-ruine-avec-mathieu-lours%2F#mode-Light&border-000000&progress-000000\" scrolling=\"no\" width=\"100%\" height=\"165\" frameborder=\"0\" id=\"blubrryplayer-1\" class=\"blubrryplayer\" title=\"Blubrry Podcast Player\"><\/iframe><p class=\"powerpress_links powerpress_links_mp3\" style=\"margin-bottom: 1px !important;\">Podcast: <a href=\"https:\/\/media.blubrry.com\/parolesdhistoire\/content.blubrry.com\/parolesdhistoire\/ruines.mp3\" class=\"powerpress_link_pinw\" target=\"_blank\" title=\"Play in new window\" onclick=\"return powerpress_pinw('https:\/\/parolesdhistoire.fr\/?powerpress_pinw=1164-podcast');\" rel=\"nofollow\">Play in new window<\/a> | <a href=\"https:\/\/media.blubrry.com\/parolesdhistoire\/content.blubrry.com\/parolesdhistoire\/ruines.mp3\" class=\"powerpress_link_d\" title=\"Download\" rel=\"nofollow\" download=\"ruines.mp3\">Download<\/a><\/p><p class=\"powerpress_links powerpress_subscribe_links\">S'abonner :  <a href=\"https:\/\/itunes.apple.com\/fr\/podcast\/paroles-dhistoire\/id1376002842?l=en&amp;mt=2&amp;ls=1#episodeGuid=http%3A%2F%2Fparolesdhistoire.fr%2F%3Fp%3D1164\" class=\"powerpress_link_subscribe powerpress_link_subscribe_itunes\" target=\"_blank\" title=\"Subscribe on Apple Podcasts\" rel=\"nofollow\">Apple Podcasts<\/a> | <a href=\"https:\/\/open.spotify.com\/show\/57zBA3htpYUB4MJNhhlDnn\" class=\"powerpress_link_subscribe powerpress_link_subscribe_spotify\" target=\"_blank\" title=\"Subscribe on Spotify\" rel=\"nofollow\">Spotify<\/a> | <a href=\"https:\/\/subscribeonandroid.com\/feeds.audiomeans.fr\/feed\/c3e6abea-2254-416a-b8ef-0619098d0e45.xml\" class=\"powerpress_link_subscribe powerpress_link_subscribe_android\" target=\"_blank\" title=\"Subscribe on Android\" rel=\"nofollow\">Android<\/a> | <a href=\"https:\/\/www.deezer.com\/en\/show\/1000680512\" class=\"powerpress_link_subscribe powerpress_link_subscribe_deezer\" target=\"_blank\" title=\"Subscribe on Deezer\" rel=\"nofollow\">Deezer<\/a> | <a href=\"https:\/\/feeds.audiomeans.fr\/feed\/c3e6abea-2254-416a-b8ef-0619098d0e45.xml\" class=\"powerpress_link_subscribe powerpress_link_subscribe_rss\" target=\"_blank\" title=\"Subscribe via RSS\" rel=\"nofollow\">RSS<\/a> | <a href=\"https:\/\/parolesdhistoire.fr\/index.php\/sabonner\/\" class=\"powerpress_link_subscribe powerpress_link_subscribe_more\" target=\"_blank\" title=\"More\" rel=\"nofollow\">More<\/a><\/p><p><strong>L\u2019invit\u00e9\u00a0: <\/strong>Mathieu Lours, professeur en CPGE<\/p>\n<p><a href=\"http:\/\/parolesdhistoire.fr\/wp-content\/uploads\/2020\/06\/2020-03-lours-l-eglise-en-ruine-9-5ec25a8d0c48a.jpg\"><img loading=\"lazy\" decoding=\"async\" class=\"aligncenter size-full wp-image-1169\" src=\"http:\/\/parolesdhistoire.fr\/wp-content\/uploads\/2020\/06\/2020-03-lours-l-eglise-en-ruine-9-5ec25a8d0c48a.jpg\" alt=\"\" width=\"249\" height=\"382\" srcset=\"https:\/\/parolesdhistoire.fr\/wp-content\/uploads\/2020\/06\/2020-03-lours-l-eglise-en-ruine-9-5ec25a8d0c48a.jpg 249w, https:\/\/parolesdhistoire.fr\/wp-content\/uploads\/2020\/06\/2020-03-lours-l-eglise-en-ruine-9-5ec25a8d0c48a-196x300.jpg 196w\" sizes=\"auto, (max-width: 249px) 85vw, 249px\" \/><\/a><\/p>\n<p><strong>Le livre\u00a0: <\/strong><em>\u00c9glises en ruine, des invasions barbares \u00e0 l\u2019incendie de Notre-Dame<\/em>, Paris, Cerf, 2020.<\/p>\n<p><strong>La discussion\u00a0:<\/strong><\/p>\n<p>(<a href=\"http:\/\/parolesdhistoire.fr\/index.php\/2020\/04\/12\/110-notre-dame-un-an-apres-avec-mathieu-lours\/\">cliquer ici<\/a> pour \u00e9couter l&#8217;entretien avec Mathieu Lours sur Notre-Dame et les ruines du XXe si\u00e8cle)<\/p>\n<ul>\n<li>Une \u00e9vocation d\u2019Alain Erlande-Brandenburg, r\u00e9cemment disparu (1\u2019)<\/li>\n<li>L\u2019arpentage des ruines, \u00e0 l\u2019origine de cette enqu\u00eate (2\u2019)<\/li>\n<li>La ruine, objet singulier, entre an\u00e9antissement complet et pr\u00e9servation pour d\u2019autres usages (3\u2019)<\/li>\n<li>La distinction entre \u00e9glise en ruine et \u00e9glise d\u00e9consacr\u00e9e (5\u2019)<\/li>\n<li>Les ruines du haut Moyen \u00e2ge, aujourd\u2019hui rares (5\u201930)<\/li>\n<li>La charpente th\u00e9ologique qui fait penser les ruines (6\u201945)<\/li>\n<li>Le passage c\u00e9l\u00e8bre de Raoul Glaber qui \u00e9voque l\u2019embellissement des \u00e9glises au Moyen \u00e2ge central (8\u2019)<\/li>\n<li>La \u00ab\u00a0concurrence\u00a0\u00bb entre ruines antiques et ruines d\u2019\u00e9glise (9\u201920)<\/li>\n<li>La R\u00e9forme, moment marquant de la destruction d\u2019\u00e9glises, suivant diff\u00e9rentes logiques (11\u2019)<\/li>\n<li>Comment d\u00e9truit-on une \u00e9glise\u00a0? (14\u201930)<\/li>\n<li>La ruine d\u2019\u00e9glise, un non-sujet pour la peinture classique<\/li>\n<li>Deux destructions embl\u00e9matiques\u00a0: le grand incendie de Londres, la destruction de Port-Royal (18\u2019)<\/li>\n<li>Comment reconstruit-on des ruines\u00a0? une question qui commence \u00e0 se poser au lendemain des guerres de religion (19\u201945)<\/li>\n<li>La ruine d\u2019\u00e9glise associ\u00e9e \u00e0 la beaut\u00e9 \u00e0 partir du pr\u00e9romantisme au XVIIIe si\u00e8cle (21\u201930)<\/li>\n<li>Le tableau de Caspar David Friedrich, <em>Abbaye dans une for\u00eat de ch\u00eanes<\/em> (1809-1810), embl\u00e9matique de ce mouvement (24\u2019)<\/li>\n<li>Les destructions de la R\u00e9volution, plus complexes qu\u2019on ne le pense parfois (26\u2019)<\/li>\n<li>La patrimonialisation des \u00e9glises en ruine, au premier XIXe si\u00e8cle (29\u2019)<\/li>\n<li>Les ruines d\u2019\u00e9glise li\u00e9es aux guerres mondiales, aux sens diff\u00e9rents suivant les pays (30\u201930)<\/li>\n<li>O\u00f9 aller, pour voir les ruines ? abbaye de la pointe Saint-Mathieu, Saint-F\u00e9lix de Montceau (33&#8242;)<\/li>\n<\/ul>\n<p><strong><a href=\"http:\/\/parolesdhistoire.fr\/wp-content\/uploads\/2020\/06\/Caspar_David_Friedrich_-_Abtei_im_Eichwald_-_Google_Art_Project.jpg\"><img loading=\"lazy\" decoding=\"async\" class=\"aligncenter size-large wp-image-1165\" src=\"http:\/\/parolesdhistoire.fr\/wp-content\/uploads\/2020\/06\/Caspar_David_Friedrich_-_Abtei_im_Eichwald_-_Google_Art_Project-1024x656.jpg\" alt=\"\" width=\"840\" height=\"538\" srcset=\"https:\/\/parolesdhistoire.fr\/wp-content\/uploads\/2020\/06\/Caspar_David_Friedrich_-_Abtei_im_Eichwald_-_Google_Art_Project-1024x656.jpg 1024w, https:\/\/parolesdhistoire.fr\/wp-content\/uploads\/2020\/06\/Caspar_David_Friedrich_-_Abtei_im_Eichwald_-_Google_Art_Project-300x192.jpg 300w, https:\/\/parolesdhistoire.fr\/wp-content\/uploads\/2020\/06\/Caspar_David_Friedrich_-_Abtei_im_Eichwald_-_Google_Art_Project-768x492.jpg 768w, https:\/\/parolesdhistoire.fr\/wp-content\/uploads\/2020\/06\/Caspar_David_Friedrich_-_Abtei_im_Eichwald_-_Google_Art_Project-1200x769.jpg 1200w\" sizes=\"auto, (max-width: 709px) 85vw, (max-width: 909px) 67vw, (max-width: 1362px) 62vw, 840px\" \/><\/a><\/strong>Caspar David Friedrich, <em>Abbaye dans une for\u00eat de ch\u00eanes<\/em> (1809-1810), Berlin, Alte Nationalgalerie<\/p>\n","protected":false},"excerpt":{"rendered":"<p>L\u2019invit\u00e9\u00a0: Mathieu Lours, professeur en CPGE Le livre\u00a0: \u00c9glises en ruine, des invasions barbares \u00e0 l\u2019incendie de Notre-Dame, Paris, Cerf, 2020. La discussion\u00a0: (cliquer ici pour \u00e9couter l&#8217;entretien avec Mathieu Lours sur Notre-Dame et les ruines du XXe si\u00e8cle) Une \u00e9vocation d\u2019Alain Erlande-Brandenburg, r\u00e9cemment disparu (1\u2019) L\u2019arpentage des ruines, \u00e0 l\u2019origine de cette enqu\u00eate (2\u2019) &hellip; <a href=\"https:\/\/parolesdhistoire.fr\/index.php\/2020\/06\/25\/135-eglises-en-ruine-avec-mathieu-lours\/\" class=\"more-link\">Continue reading<span class=\"screen-reader-text\"> &#8220;135. \u00c9glises en ruine, avec Mathieu Lours&#8221;<\/span><\/a><\/p>\n","protected":false},"author":1,"featured_media":0,"comment_status":"open","ping_status":"open","sticky":false,"template":"","format":"standard","meta":{"footnotes":""},"categories":[4],"tags":[176,47,57,77,86,63],"class_list":["post-1164","post","type-post","status-publish","format-standard","hentry","category-parution","tag-architecture","tag-christianisme","tag-histoire-moderne","tag-litterature","tag-peinture","tag-religion"],"_links":{"self":[{"href":"https:\/\/parolesdhistoire.fr\/index.php\/wp-json\/wp\/v2\/posts\/1164","targetHints":{"allow":["GET"]}}],"collection":[{"href":"https:\/\/parolesdhistoire.fr\/index.php\/wp-json\/wp\/v2\/posts"}],"about":[{"href":"https:\/\/parolesdhistoire.fr\/index.php\/wp-json\/wp\/v2\/types\/post"}],"author":[{"embeddable":true,"href":"https:\/\/parolesdhistoire.fr\/index.php\/wp-json\/wp\/v2\/users\/1"}],"replies":[{"embeddable":true,"href":"https:\/\/parolesdhistoire.fr\/index.php\/wp-json\/wp\/v2\/comments?post=1164"}],"version-history":[{"count":5,"href":"https:\/\/parolesdhistoire.fr\/index.php\/wp-json\/wp\/v2\/posts\/1164\/revisions"}],"predecessor-version":[{"id":1171,"href":"https:\/\/parolesdhistoire.fr\/index.php\/wp-json\/wp\/v2\/posts\/1164\/revisions\/1171"}],"wp:attachment":[{"href":"https:\/\/parolesdhistoire.fr\/index.php\/wp-json\/wp\/v2\/media?parent=1164"}],"wp:term":[{"taxonomy":"category","embeddable":true,"href":"https:\/\/parolesdhistoire.fr\/index.php\/wp-json\/wp\/v2\/categories?post=1164"},{"taxonomy":"post_tag","embeddable":true,"href":"https:\/\/parolesdhistoire.fr\/index.php\/wp-json\/wp\/v2\/tags?post=1164"}],"curies":[{"name":"wp","href":"https:\/\/api.w.org\/{rel}","templated":true}]}}