{"id":1365,"date":"2020-11-01T03:34:16","date_gmt":"2020-11-01T02:34:16","guid":{"rendered":"http:\/\/parolesdhistoire.fr\/?p=1365"},"modified":"2020-10-31T23:53:11","modified_gmt":"2020-10-31T22:53:11","slug":"160-penser-et-dessiner-la-revolution-francaise-avec-florent-grouazel-younn-locard-et-paul-chopelin","status":"publish","type":"post","link":"https:\/\/parolesdhistoire.fr\/index.php\/2020\/11\/01\/160-penser-et-dessiner-la-revolution-francaise-avec-florent-grouazel-younn-locard-et-paul-chopelin\/","title":{"rendered":"160. Penser et dessiner la R\u00e9volution fran\u00e7aise, avec Florent Grouazel, Younn Locard et Paul Chopelin"},"content":{"rendered":"<iframe loading=\"lazy\" src=\"https:\/\/player.blubrry.com\/?media_url=https%3A%2F%2Fmedia.blubrry.com%2Fparolesdhistoire%2Fcontent.blubrry.com%2Fparolesdhistoire%2Frevolution_bd.mp3&amp;modern=1&amp;podcast_link=https%3A%2F%2Fparolesdhistoire.fr%2Findex.php%2F2020%2F11%2F01%2F160-penser-et-dessiner-la-revolution-francaise-avec-florent-grouazel-younn-locard-et-paul-chopelin%2F#mode-Light&border-000000&progress-000000\" scrolling=\"no\" width=\"100%\" height=\"165\" frameborder=\"0\" id=\"blubrryplayer-1\" class=\"blubrryplayer\" title=\"Blubrry Podcast Player\"><\/iframe><p class=\"powerpress_links powerpress_links_mp3\" style=\"margin-bottom: 1px !important;\">Podcast: <a href=\"https:\/\/media.blubrry.com\/parolesdhistoire\/content.blubrry.com\/parolesdhistoire\/revolution_bd.mp3\" class=\"powerpress_link_pinw\" target=\"_blank\" title=\"Play in new window\" onclick=\"return powerpress_pinw('https:\/\/parolesdhistoire.fr\/?powerpress_pinw=1365-podcast');\" rel=\"nofollow\">Play in new window<\/a> | <a href=\"https:\/\/media.blubrry.com\/parolesdhistoire\/content.blubrry.com\/parolesdhistoire\/revolution_bd.mp3\" class=\"powerpress_link_d\" title=\"Download\" rel=\"nofollow\" download=\"revolution_bd.mp3\">Download<\/a><\/p><p class=\"powerpress_links powerpress_subscribe_links\">S'abonner :  <a href=\"https:\/\/itunes.apple.com\/fr\/podcast\/paroles-dhistoire\/id1376002842?l=en&amp;mt=2&amp;ls=1#episodeGuid=http%3A%2F%2Fparolesdhistoire.fr%2F%3Fp%3D1365\" class=\"powerpress_link_subscribe powerpress_link_subscribe_itunes\" target=\"_blank\" title=\"Subscribe on Apple Podcasts\" rel=\"nofollow\">Apple Podcasts<\/a> | <a href=\"https:\/\/open.spotify.com\/show\/57zBA3htpYUB4MJNhhlDnn\" class=\"powerpress_link_subscribe powerpress_link_subscribe_spotify\" target=\"_blank\" title=\"Subscribe on Spotify\" rel=\"nofollow\">Spotify<\/a> | <a href=\"https:\/\/subscribeonandroid.com\/feeds.audiomeans.fr\/feed\/c3e6abea-2254-416a-b8ef-0619098d0e45.xml\" class=\"powerpress_link_subscribe powerpress_link_subscribe_android\" target=\"_blank\" title=\"Subscribe on Android\" rel=\"nofollow\">Android<\/a> | <a href=\"https:\/\/www.deezer.com\/en\/show\/1000680512\" class=\"powerpress_link_subscribe powerpress_link_subscribe_deezer\" target=\"_blank\" title=\"Subscribe on Deezer\" rel=\"nofollow\">Deezer<\/a> | <a href=\"https:\/\/feeds.audiomeans.fr\/feed\/c3e6abea-2254-416a-b8ef-0619098d0e45.xml\" class=\"powerpress_link_subscribe powerpress_link_subscribe_rss\" target=\"_blank\" title=\"Subscribe via RSS\" rel=\"nofollow\">RSS<\/a> | <a href=\"https:\/\/parolesdhistoire.fr\/index.php\/sabonner\/\" class=\"powerpress_link_subscribe powerpress_link_subscribe_more\" target=\"_blank\" title=\"More\" rel=\"nofollow\">More<\/a><\/p><p><em>Second volet de la rencontre-Enseignants\u00a0 organis\u00e9e par le Service \u00e9ducatif et culturel de la Conciergerie\/Sainte-Chapelle le 7 octobre 2020 (<a href=\"http:\/\/parolesdhistoire.fr\/index.php\/2020\/10\/31\/159-histoire-de-la-bd-historique-avec-paul-chopelin-rencontre-bd-histoire-a-la-conciergerie-1\/\">\u00e9couter ici le premier volet: histoire de la BD historique<\/a>)<\/em><\/p>\n<p><strong>Les intervenants:<\/strong> Paul Chopelin, ma\u00eetre de conf\u00e9rences \u00e0 l&#8217;universit\u00e9 Lyon-III ; Florent Grouazel et Younn Locard, auteurs-dessinateurs<\/p>\n<p><a href=\"http:\/\/parolesdhistoire.fr\/wp-content\/uploads\/2020\/11\/couv.jpg\"><img loading=\"lazy\" decoding=\"async\" class=\"aligncenter size-full wp-image-1372\" src=\"http:\/\/parolesdhistoire.fr\/wp-content\/uploads\/2020\/11\/couv.jpg\" alt=\"\" width=\"199\" height=\"254\" \/><\/a><\/p>\n<p><strong>L&#8217;album:<\/strong> <em>R\u00e9volution, tome 1: Libert\u00e9<\/em>, Actes Sud, 2019.<\/p>\n<p><strong>La discussion:<\/strong><\/p>\n<ul>\n<li>Des choix narratifs qui font le pari de placer les lecteurs au c\u0153ur de l\u2019action, sans rep\u00e8res familiers<\/li>\n<li>Une \u00e9criture en partie inspir\u00e9e du cin\u00e9ma, et le r\u00f4le de la \u00ab\u00a0voix off\u00a0\u00bb<\/li>\n<li>Une palette de couleurs qui s\u2019\u00e9loigne des st\u00e9r\u00e9otypes de la p\u00e9riode<\/li>\n<li>Une m\u00e9thode de travail particuli\u00e8re, o\u00f9 chacun \u00e9crit et dessine<\/li>\n<li>Le choix des personnages pour ce r\u00e9cit choral, avec le souci de mettre en avant des figures f\u00e9minines<\/li>\n<li>Un album sans le roi, qui s\u2019int\u00e9resse aux dynamiques populaires et ordinaires de la R\u00e9volution<\/li>\n<li>Le r\u00f4le de la documentation et des lectures dans la conception de l\u2019album<\/li>\n<li>Comment restituer la langue du XVIIIe si\u00e8cle\u00a0?<\/li>\n<li>Quelles m\u00e9thodes de travail pour accumuler et g\u00e9rer la documentation historique, iconographique en particulier\u00a0?<\/li>\n<li>Un \u00e9pisode mis en avant dans l\u2019album\u00a0: l\u2019incendie de la barri\u00e8re de l\u2019octroi, le 12 juillet 1789<\/li>\n<li>Comment penser et montrer les engagements<\/li>\n<li>Le th\u00e8me du complot, trait d\u2019union entre l\u2019\u00e9poque r\u00e9volutionnaire et la n\u00f4tre<\/li>\n<li>Comment \u00e9crire les personnages f\u00e9minins du livre, avec leur libert\u00e9 mais aussi vivant la domination masculine\u00a0?<\/li>\n<li>O\u00f9 en est l\u2019\u00e9criture des tomes suivants\u00a0?<\/li>\n<\/ul>\n<p><strong>Pour aller plus loin:<\/strong><\/p>\n<ul>\n<li><a href=\"https:\/\/www.cairn.info\/revue-annales-historiques-de-la-revolution-francaise-2020-2-page-125.htm\">entretien avec les auteurs<\/a> (<em>Annales historiques de la R\u00e9volution fran\u00e7aise<\/em>)<\/li>\n<li><a href=\"https:\/\/entre-temps.net\/mettre-des-images-sur-un-vide-entretien-avec-les-auteurs-de-la-bande-dessinee-revolution\/\">entretien avec les auteurs<\/a> (revue <em>Entretemps<\/em>)<\/li>\n<\/ul>\n","protected":false},"excerpt":{"rendered":"<p>Second volet de la rencontre-Enseignants\u00a0 organis\u00e9e par le Service \u00e9ducatif et culturel de la Conciergerie\/Sainte-Chapelle le 7 octobre 2020 (\u00e9couter ici le premier volet: histoire de la BD historique) Les intervenants: Paul Chopelin, ma\u00eetre de conf\u00e9rences \u00e0 l&#8217;universit\u00e9 Lyon-III ; Florent Grouazel et Younn Locard, auteurs-dessinateurs L&#8217;album: R\u00e9volution, tome 1: Libert\u00e9, Actes Sud, 2019. La &hellip; <a href=\"https:\/\/parolesdhistoire.fr\/index.php\/2020\/11\/01\/160-penser-et-dessiner-la-revolution-francaise-avec-florent-grouazel-younn-locard-et-paul-chopelin\/\" class=\"more-link\">Continue reading<span class=\"screen-reader-text\"> &#8220;160. Penser et dessiner la R\u00e9volution fran\u00e7aise, avec Florent Grouazel, Younn Locard et Paul Chopelin&#8221;<\/span><\/a><\/p>\n","protected":false},"author":1,"featured_media":0,"comment_status":"open","ping_status":"open","sticky":false,"template":"","format":"standard","meta":{"footnotes":""},"categories":[152,4],"tags":[149,154],"class_list":["post-1365","post","type-post","status-publish","format-standard","hentry","category-conference","category-parution","tag-bande-dessinee","tag-revolution"],"_links":{"self":[{"href":"https:\/\/parolesdhistoire.fr\/index.php\/wp-json\/wp\/v2\/posts\/1365","targetHints":{"allow":["GET"]}}],"collection":[{"href":"https:\/\/parolesdhistoire.fr\/index.php\/wp-json\/wp\/v2\/posts"}],"about":[{"href":"https:\/\/parolesdhistoire.fr\/index.php\/wp-json\/wp\/v2\/types\/post"}],"author":[{"embeddable":true,"href":"https:\/\/parolesdhistoire.fr\/index.php\/wp-json\/wp\/v2\/users\/1"}],"replies":[{"embeddable":true,"href":"https:\/\/parolesdhistoire.fr\/index.php\/wp-json\/wp\/v2\/comments?post=1365"}],"version-history":[{"count":6,"href":"https:\/\/parolesdhistoire.fr\/index.php\/wp-json\/wp\/v2\/posts\/1365\/revisions"}],"predecessor-version":[{"id":1373,"href":"https:\/\/parolesdhistoire.fr\/index.php\/wp-json\/wp\/v2\/posts\/1365\/revisions\/1373"}],"wp:attachment":[{"href":"https:\/\/parolesdhistoire.fr\/index.php\/wp-json\/wp\/v2\/media?parent=1365"}],"wp:term":[{"taxonomy":"category","embeddable":true,"href":"https:\/\/parolesdhistoire.fr\/index.php\/wp-json\/wp\/v2\/categories?post=1365"},{"taxonomy":"post_tag","embeddable":true,"href":"https:\/\/parolesdhistoire.fr\/index.php\/wp-json\/wp\/v2\/tags?post=1365"}],"curies":[{"name":"wp","href":"https:\/\/api.w.org\/{rel}","templated":true}]}}