{"id":1400,"date":"2020-11-19T03:40:19","date_gmt":"2020-11-19T02:40:19","guid":{"rendered":"http:\/\/parolesdhistoire.fr\/?p=1400"},"modified":"2020-11-18T16:25:53","modified_gmt":"2020-11-18T15:25:53","slug":"164-ouvriers-en-revolution-avec-omar-benlaala-et-francois-jarrige-les-mercredis-des-revolutions","status":"publish","type":"post","link":"https:\/\/parolesdhistoire.fr\/index.php\/2020\/11\/19\/164-ouvriers-en-revolution-avec-omar-benlaala-et-francois-jarrige-les-mercredis-des-revolutions\/","title":{"rendered":"164. Ouvriers en r\u00e9volution, avec Omar Benlaala et Fran\u00e7ois Jarrige (les mercredis des r\u00e9volutions)"},"content":{"rendered":"<iframe loading=\"lazy\" src=\"https:\/\/player.blubrry.com\/?media_url=https%3A%2F%2Fmedia.blubrry.com%2Fparolesdhistoire%2Fcontent.blubrry.com%2Fparolesdhistoire%2Fouvriersenrevolution.mp3&amp;modern=1&amp;podcast_link=https%3A%2F%2Fparolesdhistoire.fr%2Findex.php%2F2020%2F11%2F19%2F164-ouvriers-en-revolution-avec-omar-benlaala-et-francois-jarrige-les-mercredis-des-revolutions%2F#mode-Light&border-000000&progress-000000\" scrolling=\"no\" width=\"100%\" height=\"165\" frameborder=\"0\" id=\"blubrryplayer-1\" class=\"blubrryplayer\" title=\"Blubrry Podcast Player\"><\/iframe><p class=\"powerpress_links powerpress_links_mp3\" style=\"margin-bottom: 1px !important;\">Podcast: <a href=\"https:\/\/media.blubrry.com\/parolesdhistoire\/content.blubrry.com\/parolesdhistoire\/ouvriersenrevolution.mp3\" class=\"powerpress_link_pinw\" target=\"_blank\" title=\"Play in new window\" onclick=\"return powerpress_pinw('https:\/\/parolesdhistoire.fr\/?powerpress_pinw=1400-podcast');\" rel=\"nofollow\">Play in new window<\/a> | <a href=\"https:\/\/media.blubrry.com\/parolesdhistoire\/content.blubrry.com\/parolesdhistoire\/ouvriersenrevolution.mp3\" class=\"powerpress_link_d\" title=\"Download\" rel=\"nofollow\" download=\"ouvriersenrevolution.mp3\">Download<\/a><\/p><p class=\"powerpress_links powerpress_subscribe_links\">S'abonner :  <a href=\"https:\/\/itunes.apple.com\/fr\/podcast\/paroles-dhistoire\/id1376002842?l=en&amp;mt=2&amp;ls=1#episodeGuid=http%3A%2F%2Fparolesdhistoire.fr%2F%3Fp%3D1400\" class=\"powerpress_link_subscribe powerpress_link_subscribe_itunes\" target=\"_blank\" title=\"Subscribe on Apple Podcasts\" rel=\"nofollow\">Apple Podcasts<\/a> | <a href=\"https:\/\/open.spotify.com\/show\/57zBA3htpYUB4MJNhhlDnn\" class=\"powerpress_link_subscribe powerpress_link_subscribe_spotify\" target=\"_blank\" title=\"Subscribe on Spotify\" rel=\"nofollow\">Spotify<\/a> | <a href=\"https:\/\/subscribeonandroid.com\/feeds.audiomeans.fr\/feed\/c3e6abea-2254-416a-b8ef-0619098d0e45.xml\" class=\"powerpress_link_subscribe powerpress_link_subscribe_android\" target=\"_blank\" title=\"Subscribe on Android\" rel=\"nofollow\">Android<\/a> | <a href=\"https:\/\/www.deezer.com\/en\/show\/1000680512\" class=\"powerpress_link_subscribe powerpress_link_subscribe_deezer\" target=\"_blank\" title=\"Subscribe on Deezer\" rel=\"nofollow\">Deezer<\/a> | <a href=\"https:\/\/feeds.audiomeans.fr\/feed\/c3e6abea-2254-416a-b8ef-0619098d0e45.xml\" class=\"powerpress_link_subscribe powerpress_link_subscribe_rss\" target=\"_blank\" title=\"Subscribe via RSS\" rel=\"nofollow\">RSS<\/a> | <a href=\"https:\/\/parolesdhistoire.fr\/index.php\/sabonner\/\" class=\"powerpress_link_subscribe powerpress_link_subscribe_more\" target=\"_blank\" title=\"More\" rel=\"nofollow\">More<\/a><\/p><p><strong>Les invit\u00e9s\u00a0:<\/strong><\/p>\n<ul>\n<li>Fabrice Bensimon, professeur d\u2019histoire \u00e0 l\u2019Universit\u00e9 Paris-Sorbonne, mod\u00e9rateur<\/li>\n<li>Omar Benlaala, \u00e9crivain<\/li>\n<li>Fran\u00e7ois Jarrige, ma\u00eetre de conf\u00e9rences \u00e0 l\u2019Universit\u00e9 de Bourgogne<\/li>\n<\/ul>\n<p><a href=\"http:\/\/parolesdhistoire.fr\/wp-content\/uploads\/2020\/11\/EnF6GSyWEAAopfr.jpg\"><img loading=\"lazy\" decoding=\"async\" class=\"aligncenter size-full wp-image-1401\" src=\"http:\/\/parolesdhistoire.fr\/wp-content\/uploads\/2020\/11\/EnF6GSyWEAAopfr.jpg\" alt=\"\" width=\"500\" height=\"770\" srcset=\"https:\/\/parolesdhistoire.fr\/wp-content\/uploads\/2020\/11\/EnF6GSyWEAAopfr.jpg 500w, https:\/\/parolesdhistoire.fr\/wp-content\/uploads\/2020\/11\/EnF6GSyWEAAopfr-195x300.jpg 195w\" sizes=\"auto, (max-width: 500px) 85vw, 500px\" \/><\/a><\/p>\n<p><strong>Le th\u00e8me\u00a0:<\/strong> \u00ab Ouvriers en r\u00e9volution \u00bb, premi\u00e8re s\u00e9ance de l\u2019Universit\u00e9 populaire \u00ab Les mercredis des r\u00e9volutions \u00bb organis\u00e9e par la Soci\u00e9t\u00e9 d\u2019histoire de 1848 en partenariat avec Politis et Paroles d\u2019histoire, \u00e0 la mairie du XVIIIe arrondissement de Paris (et en visioconf\u00e9rence en p\u00e9riode de confinement). S\u00e9ance pr\u00e9par\u00e9e par Philippe Darriulat.<\/p>\n<p><strong>La discussion\u00a0:<\/strong><\/p>\n<ul>\n<li>Pr\u00e9sentation des invit\u00e9s (1\u2019)<\/li>\n<li>Les accidents du travail, enjeu r\u00e9current pour les ouvriers du b\u00e2timent hier et aujourd\u2019hui (4\u2019)<\/li>\n<li>Pour Omar Benlaala, d\u2019abord un livre sur son p\u00e8re, fier d\u2019avoir \u00e9t\u00e9 ma\u00e7on malgr\u00e9 la fatigue puis la maladie (5\u2019)<\/li>\n<li>Le travail de chantier, un travail d\u2019\u00e9quipe (8\u201920)<\/li>\n<li>Un p\u00e8re \u00e9lectricien pour Fran\u00e7ois Jarrige (9\u2019)<\/li>\n<li>Les ouvriers et leur famille, entre honte et fiert\u00e9 (10\u201930)<\/li>\n<li>Les conditions de travail des ouvriers du b\u00e2timent au XIXe si\u00e8cle, avec des risques qui s\u2019accentuent au milieu du XIXe si\u00e8cle (12\u201920)<\/li>\n<li>Un secteur rest\u00e9 peu m\u00e9canis\u00e9 (14\u2019)<\/li>\n<li>L\u2019exp\u00e9rience de la migration, qui traverse les \u00e9poques (15\u201920)<\/li>\n<li>Les tensions au sein m\u00eame des travailleurs alg\u00e9riens au XXe si\u00e8cle (16\u201930)<\/li>\n<li>La question de la x\u00e9nophobie au XIXe si\u00e8cle (19\u2019)<\/li>\n<li>Les engagements (syndicaux, r\u00e9volutionnaires\u2026) des ouvriers (25\u2019)<\/li>\n<li>Se loger pour un ouvrier alg\u00e9rien \u00e0 Paris au XXe si\u00e8cle (26\u2019)<\/li>\n<li>L\u2019acquisition de la langue, n\u00e9cessaire pour encadrer la famille, passant aussi par le syndicalisme (27\u2019)<\/li>\n<li>Le flou du terme \u00ab\u00a0ouvrier\u00a0\u00bb pour le XIXe si\u00e8cle, model\u00e9 par la pluri-activit\u00e9\u00a0(29\u2019)<\/li>\n<li>La ville, lieu clef pour la politisation des ouvriers au XIXe si\u00e8cle (31\u201945)<\/li>\n<li>Exp\u00e9riences socialistes et r\u00e9volutionnaires de Martin Nadaud (33\u2019)<\/li>\n<li>Quelles traces pour aborder ces exp\u00e9riences ouvri\u00e8res\u00a0? (36\u2019)<\/li>\n<li>Des ateliers d\u2019\u00e9criture, \u00e0 la rencontre d\u2019ouvriers retrait\u00e9s (38\u2019)<\/li>\n<li>La m\u00e9moire ouvri\u00e8re des femmes (39\u2019)<\/li>\n<li>Les sources et t\u00e9moignages du monde ouvrier au XIXe si\u00e8cle (41\u2019)<\/li>\n<li>L\u2019exp\u00e9rience des migrations, et son lien avec l\u2019activisme r\u00e9volutionnaire (42\u2019)<\/li>\n<li>Vivre mai 68 en tant qu\u2019ouvrier immigr\u00e9 (45\u2019)<\/li>\n<\/ul>\n<p><strong>Les livres:<\/strong><\/p>\n<ul>\n<li>Martin Nadaud, <a href=\"https:\/\/t.co\/m44AdPGfk8?amp=1\">M\u00e9moires de L\u00e9onard<\/a><\/li>\n<li>Omar Benlaala, <em>Tu n&#8217;habiteras jamais Paris<\/em>, Paris, Flammarion, 2018.<\/li>\n<li>Fran\u00e7ois Jarrige, <em>Au temps des &#8220;tueuses de bras&#8221;. <\/em><span class=\"aCOpRe\"><em>Les bris de machines \u00e0 l&#8217;aube de l&#8217;\u00e8re industrielle (1780-1860)<\/em>, Rennes, PUR, 2009.<\/span><\/li>\n<\/ul>\n<p>&nbsp;<\/p>\n<p>&nbsp;<\/p>\n","protected":false},"excerpt":{"rendered":"<p>Les invit\u00e9s\u00a0: Fabrice Bensimon, professeur d\u2019histoire \u00e0 l\u2019Universit\u00e9 Paris-Sorbonne, mod\u00e9rateur Omar Benlaala, \u00e9crivain Fran\u00e7ois Jarrige, ma\u00eetre de conf\u00e9rences \u00e0 l\u2019Universit\u00e9 de Bourgogne Le th\u00e8me\u00a0: \u00ab Ouvriers en r\u00e9volution \u00bb, premi\u00e8re s\u00e9ance de l\u2019Universit\u00e9 populaire \u00ab Les mercredis des r\u00e9volutions \u00bb organis\u00e9e par la Soci\u00e9t\u00e9 d\u2019histoire de 1848 en partenariat avec Politis et Paroles d\u2019histoire, \u00e0 &hellip; <a href=\"https:\/\/parolesdhistoire.fr\/index.php\/2020\/11\/19\/164-ouvriers-en-revolution-avec-omar-benlaala-et-francois-jarrige-les-mercredis-des-revolutions\/\" class=\"more-link\">Continue reading<span class=\"screen-reader-text\"> &#8220;164. Ouvriers en r\u00e9volution, avec Omar Benlaala et Fran\u00e7ois Jarrige (les mercredis des r\u00e9volutions)&#8221;<\/span><\/a><\/p>\n","protected":false},"author":1,"featured_media":0,"comment_status":"open","ping_status":"open","sticky":false,"template":"","format":"standard","meta":{"footnotes":""},"categories":[152],"tags":[11,7,35,164,53,36,34],"class_list":["post-1400","post","type-post","status-publish","format-standard","hentry","category-conference","tag-algerie","tag-histoire-sociale","tag-immigration","tag-mercredis-des-revolutions","tag-ouvriers","tag-revolutions","tag-xixe"],"_links":{"self":[{"href":"https:\/\/parolesdhistoire.fr\/index.php\/wp-json\/wp\/v2\/posts\/1400","targetHints":{"allow":["GET"]}}],"collection":[{"href":"https:\/\/parolesdhistoire.fr\/index.php\/wp-json\/wp\/v2\/posts"}],"about":[{"href":"https:\/\/parolesdhistoire.fr\/index.php\/wp-json\/wp\/v2\/types\/post"}],"author":[{"embeddable":true,"href":"https:\/\/parolesdhistoire.fr\/index.php\/wp-json\/wp\/v2\/users\/1"}],"replies":[{"embeddable":true,"href":"https:\/\/parolesdhistoire.fr\/index.php\/wp-json\/wp\/v2\/comments?post=1400"}],"version-history":[{"count":2,"href":"https:\/\/parolesdhistoire.fr\/index.php\/wp-json\/wp\/v2\/posts\/1400\/revisions"}],"predecessor-version":[{"id":1403,"href":"https:\/\/parolesdhistoire.fr\/index.php\/wp-json\/wp\/v2\/posts\/1400\/revisions\/1403"}],"wp:attachment":[{"href":"https:\/\/parolesdhistoire.fr\/index.php\/wp-json\/wp\/v2\/media?parent=1400"}],"wp:term":[{"taxonomy":"category","embeddable":true,"href":"https:\/\/parolesdhistoire.fr\/index.php\/wp-json\/wp\/v2\/categories?post=1400"},{"taxonomy":"post_tag","embeddable":true,"href":"https:\/\/parolesdhistoire.fr\/index.php\/wp-json\/wp\/v2\/tags?post=1400"}],"curies":[{"name":"wp","href":"https:\/\/api.w.org\/{rel}","templated":true}]}}