{"id":1430,"date":"2020-12-16T00:38:33","date_gmt":"2020-12-15T23:38:33","guid":{"rendered":"http:\/\/parolesdhistoire.fr\/?p=1430"},"modified":"2020-12-16T00:45:35","modified_gmt":"2020-12-15T23:45:35","slug":"170-femmes-en-1968-avec-ludivine-bantigny-les-mercredis-des-revolutions","status":"publish","type":"post","link":"https:\/\/parolesdhistoire.fr\/index.php\/2020\/12\/16\/170-femmes-en-1968-avec-ludivine-bantigny-les-mercredis-des-revolutions\/","title":{"rendered":"170. Femmes en 1968, avec Ludivine Bantigny (les mercredis des r\u00e9volutions)"},"content":{"rendered":"<iframe loading=\"lazy\" src=\"https:\/\/player.blubrry.com\/?media_url=https%3A%2F%2Fmedia.blubrry.com%2Fparolesdhistoire%2Fcontent.blubrry.com%2Fparolesdhistoire%2Ffemmes_1968.mp3&amp;modern=1&amp;podcast_link=https%3A%2F%2Fparolesdhistoire.fr%2Findex.php%2F2020%2F12%2F16%2F170-femmes-en-1968-avec-ludivine-bantigny-les-mercredis-des-revolutions%2F#mode-Light&border-000000&progress-000000\" scrolling=\"no\" width=\"100%\" height=\"165\" frameborder=\"0\" id=\"blubrryplayer-1\" class=\"blubrryplayer\" title=\"Blubrry Podcast Player\"><\/iframe><p class=\"powerpress_links powerpress_links_mp3\" style=\"margin-bottom: 1px !important;\">Podcast: <a href=\"https:\/\/media.blubrry.com\/parolesdhistoire\/content.blubrry.com\/parolesdhistoire\/femmes_1968.mp3\" class=\"powerpress_link_pinw\" target=\"_blank\" title=\"Play in new window\" onclick=\"return powerpress_pinw('https:\/\/parolesdhistoire.fr\/?powerpress_pinw=1430-podcast');\" rel=\"nofollow\">Play in new window<\/a> | <a href=\"https:\/\/media.blubrry.com\/parolesdhistoire\/content.blubrry.com\/parolesdhistoire\/femmes_1968.mp3\" class=\"powerpress_link_d\" title=\"Download\" rel=\"nofollow\" download=\"femmes_1968.mp3\">Download<\/a><\/p><p class=\"powerpress_links powerpress_subscribe_links\">S'abonner :  <a href=\"https:\/\/itunes.apple.com\/fr\/podcast\/paroles-dhistoire\/id1376002842?l=en&amp;mt=2&amp;ls=1#episodeGuid=http%3A%2F%2Fparolesdhistoire.fr%2F%3Fp%3D1430\" class=\"powerpress_link_subscribe powerpress_link_subscribe_itunes\" target=\"_blank\" title=\"Subscribe on Apple Podcasts\" rel=\"nofollow\">Apple Podcasts<\/a> | <a href=\"https:\/\/open.spotify.com\/show\/57zBA3htpYUB4MJNhhlDnn\" class=\"powerpress_link_subscribe powerpress_link_subscribe_spotify\" target=\"_blank\" title=\"Subscribe on Spotify\" rel=\"nofollow\">Spotify<\/a> | <a href=\"https:\/\/subscribeonandroid.com\/feeds.audiomeans.fr\/feed\/c3e6abea-2254-416a-b8ef-0619098d0e45.xml\" class=\"powerpress_link_subscribe powerpress_link_subscribe_android\" target=\"_blank\" title=\"Subscribe on Android\" rel=\"nofollow\">Android<\/a> | <a href=\"https:\/\/www.deezer.com\/en\/show\/1000680512\" class=\"powerpress_link_subscribe powerpress_link_subscribe_deezer\" target=\"_blank\" title=\"Subscribe on Deezer\" rel=\"nofollow\">Deezer<\/a> | <a href=\"https:\/\/feeds.audiomeans.fr\/feed\/c3e6abea-2254-416a-b8ef-0619098d0e45.xml\" class=\"powerpress_link_subscribe powerpress_link_subscribe_rss\" target=\"_blank\" title=\"Subscribe via RSS\" rel=\"nofollow\">RSS<\/a> | <a href=\"https:\/\/parolesdhistoire.fr\/index.php\/sabonner\/\" class=\"powerpress_link_subscribe powerpress_link_subscribe_more\" target=\"_blank\" title=\"More\" rel=\"nofollow\">More<\/a><\/p><p><strong>Le th\u00e8me\u00a0:<\/strong> \u00ab\u00a0femmes en r\u00e9volution en 1968\u00a0\u00bb, 2<sup>e<\/sup> s\u00e9ance de l\u2019ann\u00e9e 2020-2021 pour l\u2019universit\u00e9 populaire \u00ab\u00a0Les mercredis des r\u00e9volutions\u00a0\u00bb organis\u00e9e par la soci\u00e9t\u00e9 d\u2019histoire du XIXe si\u00e8cle, en partenariat avec la mairie du 18<sup>e<\/sup> arrondissement de Paris, <em>Politis<\/em> et Paroles d\u2019histoire<\/p>\n<p><em><a href=\"http:\/\/parolesdhistoire.fr\/wp-content\/uploads\/2020\/12\/EpTsLs9XcAA0I-N.jpg\"><img loading=\"lazy\" decoding=\"async\" class=\"aligncenter size-medium wp-image-1431\" src=\"http:\/\/parolesdhistoire.fr\/wp-content\/uploads\/2020\/12\/EpTsLs9XcAA0I-N-300x200.jpg\" alt=\"\" width=\"300\" height=\"200\" srcset=\"https:\/\/parolesdhistoire.fr\/wp-content\/uploads\/2020\/12\/EpTsLs9XcAA0I-N-300x200.jpg 300w, https:\/\/parolesdhistoire.fr\/wp-content\/uploads\/2020\/12\/EpTsLs9XcAA0I-N-768x511.jpg 768w, https:\/\/parolesdhistoire.fr\/wp-content\/uploads\/2020\/12\/EpTsLs9XcAA0I-N-1024x682.jpg 1024w, https:\/\/parolesdhistoire.fr\/wp-content\/uploads\/2020\/12\/EpTsLs9XcAA0I-N.jpg 1200w\" sizes=\"auto, (max-width: 300px) 85vw, 300px\" \/><\/a>Photo prise \u00e0 Paris le 29 mai 1968 par Jacques Marie (AFP)<br \/>\n<\/em><\/p>\n<p><strong>Les intervenantes\u00a0:<\/strong> Ludivine Bantigny (universit\u00e9 de Rouen) et Leslie Kaplan (\u00e9crivaine), d\u00e9bat anim\u00e9 par Caroline Fayolle (Universit\u00e9 de Montpellier)<\/p>\n<p><strong>La discussion (tenue \u00e0 distance, ce qui explique les imperfections de sa retransmission)\u00a0: <\/strong><\/p>\n<ul>\n<li>Introduction et pr\u00e9sentation historiographique, par Caroline Fayolle (1\u2019)<\/li>\n<li>Pr\u00e9sentation des invit\u00e9es (3\u201930)<\/li>\n<li>Mai 68, une prise de parole des femmes\u00a0? (6\u2019)<\/li>\n<li>Lecture d\u2019un extrait de Leslie Kaplan\u00a0: occuper une usine en 1968 (10\u201915)<\/li>\n<li>La tension entre le protagonisme des femmes en 1968 et leur marginalisation (11\u201930)<\/li>\n<li>Quelles revendications sp\u00e9cifiques des femmes en 1968, avec quelle ampleur\u00a0? (20\u2019)<\/li>\n<li>Les enjeux de sexualit\u00e9 et de contraception (23\u201930)<\/li>\n<li>Les effets de mai-juin 1968 sur la vie priv\u00e9e, dans la lign\u00e9e des travaux de Julie Pagis (27\u201920)<\/li>\n<li>Les comit\u00e9s d\u2019action de quartier (33\u201930)<\/li>\n<li>Une dynamique f\u00e9ministe qui s\u2019enclenche en 1968\u00a0? (42\u2019)<\/li>\n<li>1968, r\u00e9volution anthropologique ? (48\u2019)<\/li>\n<\/ul>\n","protected":false},"excerpt":{"rendered":"<p>Le th\u00e8me\u00a0: \u00ab\u00a0femmes en r\u00e9volution en 1968\u00a0\u00bb, 2e s\u00e9ance de l\u2019ann\u00e9e 2020-2021 pour l\u2019universit\u00e9 populaire \u00ab\u00a0Les mercredis des r\u00e9volutions\u00a0\u00bb organis\u00e9e par la soci\u00e9t\u00e9 d\u2019histoire du XIXe si\u00e8cle, en partenariat avec la mairie du 18e arrondissement de Paris, Politis et Paroles d\u2019histoire Photo prise \u00e0 Paris le 29 mai 1968 par Jacques Marie (AFP) Les intervenantes\u00a0: &hellip; <a href=\"https:\/\/parolesdhistoire.fr\/index.php\/2020\/12\/16\/170-femmes-en-1968-avec-ludivine-bantigny-les-mercredis-des-revolutions\/\" class=\"more-link\">Continue reading<span class=\"screen-reader-text\"> &#8220;170. Femmes en 1968, avec Ludivine Bantigny (les mercredis des r\u00e9volutions)&#8221;<\/span><\/a><\/p>\n","protected":false},"author":1,"featured_media":0,"comment_status":"open","ping_status":"open","sticky":false,"template":"","format":"standard","meta":{"footnotes":""},"categories":[152],"tags":[5,189,188,6,164],"class_list":["post-1430","post","type-post","status-publish","format-standard","hentry","category-conference","tag-contempo","tag-feminisme","tag-femmes","tag-mai-68","tag-mercredis-des-revolutions"],"_links":{"self":[{"href":"https:\/\/parolesdhistoire.fr\/index.php\/wp-json\/wp\/v2\/posts\/1430","targetHints":{"allow":["GET"]}}],"collection":[{"href":"https:\/\/parolesdhistoire.fr\/index.php\/wp-json\/wp\/v2\/posts"}],"about":[{"href":"https:\/\/parolesdhistoire.fr\/index.php\/wp-json\/wp\/v2\/types\/post"}],"author":[{"embeddable":true,"href":"https:\/\/parolesdhistoire.fr\/index.php\/wp-json\/wp\/v2\/users\/1"}],"replies":[{"embeddable":true,"href":"https:\/\/parolesdhistoire.fr\/index.php\/wp-json\/wp\/v2\/comments?post=1430"}],"version-history":[{"count":3,"href":"https:\/\/parolesdhistoire.fr\/index.php\/wp-json\/wp\/v2\/posts\/1430\/revisions"}],"predecessor-version":[{"id":1434,"href":"https:\/\/parolesdhistoire.fr\/index.php\/wp-json\/wp\/v2\/posts\/1430\/revisions\/1434"}],"wp:attachment":[{"href":"https:\/\/parolesdhistoire.fr\/index.php\/wp-json\/wp\/v2\/media?parent=1430"}],"wp:term":[{"taxonomy":"category","embeddable":true,"href":"https:\/\/parolesdhistoire.fr\/index.php\/wp-json\/wp\/v2\/categories?post=1430"},{"taxonomy":"post_tag","embeddable":true,"href":"https:\/\/parolesdhistoire.fr\/index.php\/wp-json\/wp\/v2\/tags?post=1430"}],"curies":[{"name":"wp","href":"https:\/\/api.w.org\/{rel}","templated":true}]}}