{"id":1611,"date":"2021-04-12T03:49:22","date_gmt":"2021-04-12T01:49:22","guid":{"rendered":"http:\/\/parolesdhistoire.fr\/?p=1611"},"modified":"2021-04-11T21:10:09","modified_gmt":"2021-04-11T19:10:09","slug":"190-la-jeunesse-de-voltaire-avec-pierre-yves-beaurepaire-et-nicolas-charles","status":"publish","type":"post","link":"https:\/\/parolesdhistoire.fr\/index.php\/2021\/04\/12\/190-la-jeunesse-de-voltaire-avec-pierre-yves-beaurepaire-et-nicolas-charles\/","title":{"rendered":"190. La jeunesse de Voltaire, avec Pierre-Yves Beaurepaire et Nicolas Charles"},"content":{"rendered":"<iframe loading=\"lazy\" src=\"https:\/\/player.blubrry.com\/?media_url=https%3A%2F%2Fmedia.blubrry.com%2Fparolesdhistoire%2Fcontent.blubrry.com%2Fparolesdhistoire%2Fvoltaire_beaurepaire.mp3&amp;modern=1&amp;podcast_link=https%3A%2F%2Fparolesdhistoire.fr%2Findex.php%2F2021%2F04%2F12%2F190-la-jeunesse-de-voltaire-avec-pierre-yves-beaurepaire-et-nicolas-charles%2F#mode-Light&border-000000&progress-000000\" scrolling=\"no\" width=\"100%\" height=\"165\" frameborder=\"0\" id=\"blubrryplayer-1\" class=\"blubrryplayer\" title=\"Blubrry Podcast Player\"><\/iframe><p class=\"powerpress_links powerpress_links_mp3\" style=\"margin-bottom: 1px !important;\">Podcast: <a href=\"https:\/\/media.blubrry.com\/parolesdhistoire\/content.blubrry.com\/parolesdhistoire\/voltaire_beaurepaire.mp3\" class=\"powerpress_link_pinw\" target=\"_blank\" title=\"Play in new window\" onclick=\"return powerpress_pinw('https:\/\/parolesdhistoire.fr\/?powerpress_pinw=1611-podcast');\" rel=\"nofollow\">Play in new window<\/a> | <a href=\"https:\/\/media.blubrry.com\/parolesdhistoire\/content.blubrry.com\/parolesdhistoire\/voltaire_beaurepaire.mp3\" class=\"powerpress_link_d\" title=\"Download\" rel=\"nofollow\" download=\"voltaire_beaurepaire.mp3\">Download<\/a><\/p><p class=\"powerpress_links powerpress_subscribe_links\">S'abonner :  <a href=\"https:\/\/itunes.apple.com\/fr\/podcast\/paroles-dhistoire\/id1376002842?l=en&amp;mt=2&amp;ls=1#episodeGuid=http%3A%2F%2Fparolesdhistoire.fr%2F%3Fp%3D1611\" class=\"powerpress_link_subscribe powerpress_link_subscribe_itunes\" target=\"_blank\" title=\"Subscribe on Apple Podcasts\" rel=\"nofollow\">Apple Podcasts<\/a> | <a href=\"https:\/\/open.spotify.com\/show\/57zBA3htpYUB4MJNhhlDnn\" class=\"powerpress_link_subscribe powerpress_link_subscribe_spotify\" target=\"_blank\" title=\"Subscribe on Spotify\" rel=\"nofollow\">Spotify<\/a> | <a href=\"https:\/\/subscribeonandroid.com\/feeds.audiomeans.fr\/feed\/c3e6abea-2254-416a-b8ef-0619098d0e45.xml\" class=\"powerpress_link_subscribe powerpress_link_subscribe_android\" target=\"_blank\" title=\"Subscribe on Android\" rel=\"nofollow\">Android<\/a> | <a href=\"https:\/\/www.deezer.com\/en\/show\/1000680512\" class=\"powerpress_link_subscribe powerpress_link_subscribe_deezer\" target=\"_blank\" title=\"Subscribe on Deezer\" rel=\"nofollow\">Deezer<\/a> | <a href=\"https:\/\/feeds.audiomeans.fr\/feed\/c3e6abea-2254-416a-b8ef-0619098d0e45.xml\" class=\"powerpress_link_subscribe powerpress_link_subscribe_rss\" target=\"_blank\" title=\"Subscribe via RSS\" rel=\"nofollow\">RSS<\/a> | <a href=\"https:\/\/parolesdhistoire.fr\/index.php\/sabonner\/\" class=\"powerpress_link_subscribe powerpress_link_subscribe_more\" target=\"_blank\" title=\"More\" rel=\"nofollow\">More<\/a><\/p><p><em>Une \u00e9mission r\u00e9alis\u00e9e en commun avec le podcast <a href=\"https:\/\/www.histoireenseries.com\/\">Histoire en s\u00e9ries<\/a> de Nicolas Charles<\/em><\/p>\n<p><strong>L&#8217;invit\u00e9:<\/strong> Pierre-Yves Beaurepaire, professeur \u00e0 l&#8217;universit\u00e9 Nice-C\u00f4te-d&#8217;Azur<\/p>\n<p><a href=\"http:\/\/parolesdhistoire.fr\/wp-content\/uploads\/2021\/04\/index-1.jpg\"><img loading=\"lazy\" decoding=\"async\" class=\"aligncenter wp-image-1616 size-large\" src=\"http:\/\/parolesdhistoire.fr\/wp-content\/uploads\/2021\/04\/index-1-1024x576.jpg\" alt=\"\" width=\"840\" height=\"473\" srcset=\"https:\/\/parolesdhistoire.fr\/wp-content\/uploads\/2021\/04\/index-1-1024x576.jpg 1024w, https:\/\/parolesdhistoire.fr\/wp-content\/uploads\/2021\/04\/index-1-300x169.jpg 300w, https:\/\/parolesdhistoire.fr\/wp-content\/uploads\/2021\/04\/index-1-768x432.jpg 768w, https:\/\/parolesdhistoire.fr\/wp-content\/uploads\/2021\/04\/index-1-1200x675.jpg 1200w\" sizes=\"auto, (max-width: 709px) 85vw, (max-width: 909px) 67vw, (max-width: 1362px) 62vw, 840px\" \/><\/a><strong>Le th\u00e8me:<\/strong> <em>Les aventures du jeune Voltaire<\/em>, s\u00e9rie diffus\u00e9e sur France t\u00e9l\u00e9visions en 2021.<\/p>\n<p><strong>La discussion:<\/strong><\/p>\n<ul>\n<li>Une s\u00e9rie fid\u00e8le \u00e0 ce que l\u2019on sait des jeunes ann\u00e9es de Voltaire\u00a0? (3:45)<\/li>\n<li>L\u2019\u00e9ducation du futur Voltaire chez les j\u00e9suites (5:45)<\/li>\n<li>Les rapports avec sa famille (7:50)<\/li>\n<li>Les distances sociales maintenues entre un roturier comme Arouet et les aristocrates qu\u2019il fr\u00e9quente (10:00)<\/li>\n<li>Le changement de nom de Voltaire, \u00e9tape capitale de sa trajectoire (11:30)<\/li>\n<li>Le monde des salons aristocratiques au d\u00e9but du XVIIIe si\u00e8cle, et des intrigues de la R\u00e9gence (cour de la duchesse et du duc du Maine) (14:20)<\/li>\n<li>La forme de c\u00e9l\u00e9brit\u00e9 construite par Voltaire (16:55)<\/li>\n<li>Le monde des policiers et des informateurs (19:55)<\/li>\n<li>Le r\u00f4le de l\u2019imprim\u00e9 et des \u00e9crits dans les rapports de pouvoir (23:20)<\/li>\n<li>Les premiers combats de Voltaire (27:30)<\/li>\n<li>Les confrontations avec l\u2019\u00c9glise, et le d\u00e9isme de Voltaire (32:00)<\/li>\n<li>Voltaire, d\u2019abord un homme de th\u00e9\u00e2tre (34:50)<\/li>\n<li>Le libertinage, d\u00e9fi \u00e0 l\u2019autorit\u00e9 (38:20)<\/li>\n<li>Les relations amoureuses de Voltaire (41:00)<\/li>\n<li>Une s\u00e9rie \u00e0 mettre en regard d\u2019autres repr\u00e9sentations (43:35) et d\u2019autres s\u00e9ries sur la p\u00e9riode (46:00) ainsi que d\u2019autres films (50:00)<\/li>\n<\/ul>\n<p><strong>Les r\u00e9f\u00e9rences cit\u00e9es durant l&#8217;\u00e9mission:<\/strong><\/p>\n<ul>\n<li>Pierre-Yves Beaurepaire, <em>La France des Lumi\u00e8res 1715-1789<\/em>, Paris, Belin, 2011.<\/li>\n<li>Id., <em><span class=\"aCOpRe\">Echec au roi &#8211; Irrespect, contestations et r\u00e9voltes dans la France des Lumi\u00e8res<\/span><\/em><span class=\"aCOpRe\">, Paris, Belin, 2015.<\/span><\/li>\n<li>Marion Br\u00e9t\u00e9ch\u00e9, <i>Les compagnons de Mercure. Journalisme et politique dans l\u2019Europe de Louis XIV<\/i>, Ceyz\u00e9rieux, Champ Vallon, 2015.<\/li>\n<li>Robert Darnton, <span class=\"aCOpRe\"><em>Boh\u00e8me litt\u00e9raire<\/em> <em>et R\u00e9volution, Le monde des livres au XVIIIe si\u00e8cle<\/em>, Paris, Gallimard, 1983.<\/span><\/li>\n<li>Antoine Lilti, <span class=\"notice-label\"> <span class=\"aCOpRe\"><em>Le monde des salons: Sociabilit\u00e9 et mondanit\u00e9 \u00e0 Paris au XVIIIe si\u00e8cle<\/em>, Paris; Fayard, 2005<\/span><\/span><\/li>\n<li><span class=\"\">Id. <em>Figures publiques : l&#8217;invention de la c\u00e9l\u00e9brit\u00e9, 1750-1850<\/em>, Paris, Fayard, 2014.<\/span><\/li>\n<\/ul>\n<p><strong>Le conseil de lecture:<\/strong> Pierre Milza, <em>Voltaire<\/em>, Paris, Perrin, 2015<\/p>\n","protected":false},"excerpt":{"rendered":"<p>Une \u00e9mission r\u00e9alis\u00e9e en commun avec le podcast Histoire en s\u00e9ries de Nicolas Charles L&#8217;invit\u00e9: Pierre-Yves Beaurepaire, professeur \u00e0 l&#8217;universit\u00e9 Nice-C\u00f4te-d&#8217;Azur Le th\u00e8me: Les aventures du jeune Voltaire, s\u00e9rie diffus\u00e9e sur France t\u00e9l\u00e9visions en 2021. La discussion: Une s\u00e9rie fid\u00e8le \u00e0 ce que l\u2019on sait des jeunes ann\u00e9es de Voltaire\u00a0? (3:45) L\u2019\u00e9ducation du futur Voltaire &hellip; <a href=\"https:\/\/parolesdhistoire.fr\/index.php\/2021\/04\/12\/190-la-jeunesse-de-voltaire-avec-pierre-yves-beaurepaire-et-nicolas-charles\/\" class=\"more-link\">Continue reading<span class=\"screen-reader-text\"> &#8220;190. La jeunesse de Voltaire, avec Pierre-Yves Beaurepaire et Nicolas Charles&#8221;<\/span><\/a><\/p>\n","protected":false},"author":1,"featured_media":0,"comment_status":"open","ping_status":"open","sticky":false,"template":"","format":"standard","meta":{"footnotes":""},"categories":[62],"tags":[236,57,77,185,56],"class_list":["post-1611","post","type-post","status-publish","format-standard","hentry","category-cinema","tag-ancien-regime","tag-histoire-moderne","tag-litterature","tag-lumieres","tag-monarchie"],"_links":{"self":[{"href":"https:\/\/parolesdhistoire.fr\/index.php\/wp-json\/wp\/v2\/posts\/1611","targetHints":{"allow":["GET"]}}],"collection":[{"href":"https:\/\/parolesdhistoire.fr\/index.php\/wp-json\/wp\/v2\/posts"}],"about":[{"href":"https:\/\/parolesdhistoire.fr\/index.php\/wp-json\/wp\/v2\/types\/post"}],"author":[{"embeddable":true,"href":"https:\/\/parolesdhistoire.fr\/index.php\/wp-json\/wp\/v2\/users\/1"}],"replies":[{"embeddable":true,"href":"https:\/\/parolesdhistoire.fr\/index.php\/wp-json\/wp\/v2\/comments?post=1611"}],"version-history":[{"count":4,"href":"https:\/\/parolesdhistoire.fr\/index.php\/wp-json\/wp\/v2\/posts\/1611\/revisions"}],"predecessor-version":[{"id":1617,"href":"https:\/\/parolesdhistoire.fr\/index.php\/wp-json\/wp\/v2\/posts\/1611\/revisions\/1617"}],"wp:attachment":[{"href":"https:\/\/parolesdhistoire.fr\/index.php\/wp-json\/wp\/v2\/media?parent=1611"}],"wp:term":[{"taxonomy":"category","embeddable":true,"href":"https:\/\/parolesdhistoire.fr\/index.php\/wp-json\/wp\/v2\/categories?post=1611"},{"taxonomy":"post_tag","embeddable":true,"href":"https:\/\/parolesdhistoire.fr\/index.php\/wp-json\/wp\/v2\/tags?post=1611"}],"curies":[{"name":"wp","href":"https:\/\/api.w.org\/{rel}","templated":true}]}}