{"id":1651,"date":"2021-05-11T03:09:05","date_gmt":"2021-05-11T01:09:05","guid":{"rendered":"http:\/\/parolesdhistoire.fr\/?p=1651"},"modified":"2021-05-10T23:16:34","modified_gmt":"2021-05-10T21:16:34","slug":"194-le-basculement-colonial-au-niger-avec-camille-lefebvre","status":"publish","type":"post","link":"https:\/\/parolesdhistoire.fr\/index.php\/2021\/05\/11\/194-le-basculement-colonial-au-niger-avec-camille-lefebvre\/","title":{"rendered":"194. Le basculement colonial au Niger, avec Camille Lefebvre"},"content":{"rendered":"<iframe loading=\"lazy\" src=\"https:\/\/player.blubrry.com\/?media_url=https%3A%2F%2Fmedia.blubrry.com%2Fparolesdhistoire%2Fcontent.blubrry.com%2Fparolesdhistoire%2Flefebvre_niger.mp3&amp;modern=1&amp;podcast_link=https%3A%2F%2Fparolesdhistoire.fr%2Findex.php%2F2021%2F05%2F11%2F194-le-basculement-colonial-au-niger-avec-camille-lefebvre%2F#mode-Light&border-000000&progress-000000\" scrolling=\"no\" width=\"100%\" height=\"165\" frameborder=\"0\" id=\"blubrryplayer-1\" class=\"blubrryplayer\" title=\"Blubrry Podcast Player\"><\/iframe><p class=\"powerpress_links powerpress_links_mp3\" style=\"margin-bottom: 1px !important;\">Podcast: <a href=\"https:\/\/media.blubrry.com\/parolesdhistoire\/content.blubrry.com\/parolesdhistoire\/lefebvre_niger.mp3\" class=\"powerpress_link_pinw\" target=\"_blank\" title=\"Play in new window\" onclick=\"return powerpress_pinw('https:\/\/parolesdhistoire.fr\/?powerpress_pinw=1651-podcast');\" rel=\"nofollow\">Play in new window<\/a> | <a href=\"https:\/\/media.blubrry.com\/parolesdhistoire\/content.blubrry.com\/parolesdhistoire\/lefebvre_niger.mp3\" class=\"powerpress_link_d\" title=\"Download\" rel=\"nofollow\" download=\"lefebvre_niger.mp3\">Download<\/a><\/p><p class=\"powerpress_links powerpress_subscribe_links\">S'abonner :  <a href=\"https:\/\/itunes.apple.com\/fr\/podcast\/paroles-dhistoire\/id1376002842?l=en&amp;mt=2&amp;ls=1#episodeGuid=http%3A%2F%2Fparolesdhistoire.fr%2F%3Fp%3D1651\" class=\"powerpress_link_subscribe powerpress_link_subscribe_itunes\" target=\"_blank\" title=\"Subscribe on Apple Podcasts\" rel=\"nofollow\">Apple Podcasts<\/a> | <a href=\"https:\/\/open.spotify.com\/show\/57zBA3htpYUB4MJNhhlDnn\" class=\"powerpress_link_subscribe powerpress_link_subscribe_spotify\" target=\"_blank\" title=\"Subscribe on Spotify\" rel=\"nofollow\">Spotify<\/a> | <a href=\"https:\/\/subscribeonandroid.com\/feeds.audiomeans.fr\/feed\/c3e6abea-2254-416a-b8ef-0619098d0e45.xml\" class=\"powerpress_link_subscribe powerpress_link_subscribe_android\" target=\"_blank\" title=\"Subscribe on Android\" rel=\"nofollow\">Android<\/a> | <a href=\"https:\/\/www.deezer.com\/en\/show\/1000680512\" class=\"powerpress_link_subscribe powerpress_link_subscribe_deezer\" target=\"_blank\" title=\"Subscribe on Deezer\" rel=\"nofollow\">Deezer<\/a> | <a href=\"https:\/\/feeds.audiomeans.fr\/feed\/c3e6abea-2254-416a-b8ef-0619098d0e45.xml\" class=\"powerpress_link_subscribe powerpress_link_subscribe_rss\" target=\"_blank\" title=\"Subscribe via RSS\" rel=\"nofollow\">RSS<\/a> | <a href=\"https:\/\/parolesdhistoire.fr\/index.php\/sabonner\/\" class=\"powerpress_link_subscribe powerpress_link_subscribe_more\" target=\"_blank\" title=\"More\" rel=\"nofollow\">More<\/a><\/p><p><strong>L\u2019invit\u00e9e\u00a0:<\/strong> Camille Lefebvre, directrice de recherche au CNRS<\/p>\n<p><a href=\"http:\/\/parolesdhistoire.fr\/wp-content\/uploads\/2021\/05\/9782213718101-001-T.jpeg\"><img loading=\"lazy\" decoding=\"async\" class=\"aligncenter size-medium wp-image-1652\" src=\"http:\/\/parolesdhistoire.fr\/wp-content\/uploads\/2021\/05\/9782213718101-001-T-189x300.jpeg\" alt=\"\" width=\"189\" height=\"300\" srcset=\"https:\/\/parolesdhistoire.fr\/wp-content\/uploads\/2021\/05\/9782213718101-001-T-189x300.jpeg 189w, https:\/\/parolesdhistoire.fr\/wp-content\/uploads\/2021\/05\/9782213718101-001-T.jpeg 340w\" sizes=\"auto, (max-width: 189px) 85vw, 189px\" \/><\/a><\/p>\n<p><strong>Le livre\u00a0:<\/strong> <em>Des pays au cr\u00e9puscule. Le moment de l\u2019occupation coloniale<\/em>, <em>Sahara-Sahel<\/em>, Paris, Fayard, 2021.<\/p>\n<p><strong>La discussion\u00a0:<\/strong><\/p>\n<ul>\n<li>Le sens du titre\u00a0: des pays au cr\u00e9puscule avant la \u00ab\u00a0longue nuit\u00a0\u00bb coloniale (Achille Mbemb\u00e9) (1:15)<\/li>\n<li>Les choix s\u00e9mantiques du livre\u00a0: parler d\u2019histoire africaine sans reproduire le vocabulaire de la colonisation (2:00)<\/li>\n<li>Le cadre g\u00e9ographique du livre\u00a0: Zinder et Agadez, dans l\u2019actuel Niger, villes diff\u00e9rentes et compl\u00e9mentaires (4:45)<\/li>\n<li>L\u2019incompr\u00e9hension du cadre politique local par les militaires fran\u00e7ais (6:45)<\/li>\n<li>Le Sahel, un lieu qui fait l\u2019objet de savoirs coloniaux qui n\u2019emp\u00eachent pas les pr\u00e9jug\u00e9s (7:50)<\/li>\n<li>Un travail sur le Niger qui est le fruit de rencontres et du hasard (9:00)<\/li>\n<li>La place de l\u2019enqu\u00eate de terrain, devenue tr\u00e8s compliqu\u00e9e du fait de la situation g\u00e9opolitique contemporaine (10:15)<\/li>\n<li>Les \u00e9chos entre histoire coloniale et conflits contemporains (12:00)<\/li>\n<li>Hier comme aujourd\u2019hui, le petit nombre de militaires fran\u00e7ais pour cet immense espace (13:20)<\/li>\n<li>La vari\u00e9t\u00e9 des sources et des langues permettant de raconter cette histoire, et la richesse des archives locales (16:30)<\/li>\n<li>Les usages de l\u2019Islam par les colonisateurs fran\u00e7ais (19:30), gr\u00e2ce notamment au traducteur Mo\u00efse Landeroin (21:40)<\/li>\n<li>Les \u00e9tapes de la prise de contr\u00f4le de la r\u00e9gion par la France, et les moments o\u00f9 cela s\u2019est jou\u00e9 (24:00) avec la construction d\u2019un fort (26:45)<\/li>\n<li>Les bouleversements des rapports sociaux et sexu\u00e9s avec les d\u00e9buts de la colonisation, et la remise en cause partielle de l\u2019esclavage (29:40), th\u00e8me affich\u00e9 des discours coloniaux (32:00)<\/li>\n<li>La place des eunuques dans les soci\u00e9t\u00e9s locales (36:20)<\/li>\n<li>Une colonisation qui s\u2019\u00e9toffe tr\u00e8s peu au Niger, m\u00eame dans les ann\u00e9es suivantes (39:00)<\/li>\n<li>Les faux-semblants de l\u2019abolition de l\u2019esclavage dans la r\u00e9gion (41:00)<\/li>\n<\/ul>\n<p><strong>Le conseil de lecture : <\/strong>Leonora Miano, <a href=\"https:\/\/www.grasset.fr\/livres\/afropea-9782246817178\"><em>Afropea<\/em><\/a> (Grasset, 2020)<strong><br \/>\n<\/strong><\/p>\n","protected":false},"excerpt":{"rendered":"<p>L\u2019invit\u00e9e\u00a0: Camille Lefebvre, directrice de recherche au CNRS Le livre\u00a0: Des pays au cr\u00e9puscule. Le moment de l\u2019occupation coloniale, Sahara-Sahel, Paris, Fayard, 2021. La discussion\u00a0: Le sens du titre\u00a0: des pays au cr\u00e9puscule avant la \u00ab\u00a0longue nuit\u00a0\u00bb coloniale (Achille Mbemb\u00e9) (1:15) Les choix s\u00e9mantiques du livre\u00a0: parler d\u2019histoire africaine sans reproduire le vocabulaire de la &hellip; <a href=\"https:\/\/parolesdhistoire.fr\/index.php\/2021\/05\/11\/194-le-basculement-colonial-au-niger-avec-camille-lefebvre\/\" class=\"more-link\">Continue reading<span class=\"screen-reader-text\"> &#8220;194. Le basculement colonial au Niger, avec Camille Lefebvre&#8221;<\/span><\/a><\/p>\n","protected":false},"author":1,"featured_media":0,"comment_status":"open","ping_status":"open","sticky":false,"template":"","format":"standard","meta":{"footnotes":""},"categories":[4],"tags":[98,80,12,147,17],"class_list":["post-1651","post","type-post","status-publish","format-standard","hentry","category-parution","tag-afrique","tag-archives","tag-colonisation","tag-decolonisation","tag-guerre"],"_links":{"self":[{"href":"https:\/\/parolesdhistoire.fr\/index.php\/wp-json\/wp\/v2\/posts\/1651","targetHints":{"allow":["GET"]}}],"collection":[{"href":"https:\/\/parolesdhistoire.fr\/index.php\/wp-json\/wp\/v2\/posts"}],"about":[{"href":"https:\/\/parolesdhistoire.fr\/index.php\/wp-json\/wp\/v2\/types\/post"}],"author":[{"embeddable":true,"href":"https:\/\/parolesdhistoire.fr\/index.php\/wp-json\/wp\/v2\/users\/1"}],"replies":[{"embeddable":true,"href":"https:\/\/parolesdhistoire.fr\/index.php\/wp-json\/wp\/v2\/comments?post=1651"}],"version-history":[{"count":3,"href":"https:\/\/parolesdhistoire.fr\/index.php\/wp-json\/wp\/v2\/posts\/1651\/revisions"}],"predecessor-version":[{"id":1654,"href":"https:\/\/parolesdhistoire.fr\/index.php\/wp-json\/wp\/v2\/posts\/1651\/revisions\/1654"}],"wp:attachment":[{"href":"https:\/\/parolesdhistoire.fr\/index.php\/wp-json\/wp\/v2\/media?parent=1651"}],"wp:term":[{"taxonomy":"category","embeddable":true,"href":"https:\/\/parolesdhistoire.fr\/index.php\/wp-json\/wp\/v2\/categories?post=1651"},{"taxonomy":"post_tag","embeddable":true,"href":"https:\/\/parolesdhistoire.fr\/index.php\/wp-json\/wp\/v2\/tags?post=1651"}],"curies":[{"name":"wp","href":"https:\/\/api.w.org\/{rel}","templated":true}]}}