{"id":1671,"date":"2021-05-24T04:05:30","date_gmt":"2021-05-24T02:05:30","guid":{"rendered":"http:\/\/parolesdhistoire.fr\/?p=1671"},"modified":"2021-06-24T16:11:11","modified_gmt":"2021-06-24T14:11:11","slug":"197-lhistoire-autrement-2-un-magazine-televise-avec-patrick-boucheron-et-tamara-erde","status":"publish","type":"post","link":"https:\/\/parolesdhistoire.fr\/index.php\/2021\/05\/24\/197-lhistoire-autrement-2-un-magazine-televise-avec-patrick-boucheron-et-tamara-erde\/","title":{"rendered":"197. L\u2019histoire autrement (2) : un magazine t\u00e9l\u00e9vis\u00e9, avec Patrick Boucheron et Tamara Erde"},"content":{"rendered":"<iframe loading=\"lazy\" src=\"https:\/\/player.blubrry.com\/?media_url=https%3A%2F%2Fmedia.blubrry.com%2Fparolesdhistoire%2Fcontent.blubrry.com%2Fparolesdhistoire%2F197_fairelhistoire.mp3&amp;modern=1&amp;podcast_link=https%3A%2F%2Fparolesdhistoire.fr%2Findex.php%2F2021%2F05%2F24%2F197-lhistoire-autrement-2-un-magazine-televise-avec-patrick-boucheron-et-tamara-erde%2F#mode-Light&border-000000&progress-000000\" scrolling=\"no\" width=\"100%\" height=\"165\" frameborder=\"0\" id=\"blubrryplayer-1\" class=\"blubrryplayer\" title=\"Blubrry Podcast Player\"><\/iframe><p class=\"powerpress_links powerpress_links_mp3\" style=\"margin-bottom: 1px !important;\">Podcast: <a href=\"https:\/\/media.blubrry.com\/parolesdhistoire\/content.blubrry.com\/parolesdhistoire\/197_fairelhistoire.mp3\" class=\"powerpress_link_pinw\" target=\"_blank\" title=\"Play in new window\" onclick=\"return powerpress_pinw('https:\/\/parolesdhistoire.fr\/?powerpress_pinw=1671-podcast');\" rel=\"nofollow\">Play in new window<\/a> | <a href=\"https:\/\/media.blubrry.com\/parolesdhistoire\/content.blubrry.com\/parolesdhistoire\/197_fairelhistoire.mp3\" class=\"powerpress_link_d\" title=\"Download\" rel=\"nofollow\" download=\"197_fairelhistoire.mp3\">Download<\/a><\/p><p class=\"powerpress_links powerpress_subscribe_links\">S'abonner :  <a href=\"https:\/\/itunes.apple.com\/fr\/podcast\/paroles-dhistoire\/id1376002842?l=en&amp;mt=2&amp;ls=1#episodeGuid=http%3A%2F%2Fparolesdhistoire.fr%2F%3Fp%3D1671\" class=\"powerpress_link_subscribe powerpress_link_subscribe_itunes\" target=\"_blank\" title=\"Subscribe on Apple Podcasts\" rel=\"nofollow\">Apple Podcasts<\/a> | <a href=\"https:\/\/open.spotify.com\/show\/57zBA3htpYUB4MJNhhlDnn\" class=\"powerpress_link_subscribe powerpress_link_subscribe_spotify\" target=\"_blank\" title=\"Subscribe on Spotify\" rel=\"nofollow\">Spotify<\/a> | <a href=\"https:\/\/subscribeonandroid.com\/feeds.audiomeans.fr\/feed\/c3e6abea-2254-416a-b8ef-0619098d0e45.xml\" class=\"powerpress_link_subscribe powerpress_link_subscribe_android\" target=\"_blank\" title=\"Subscribe on Android\" rel=\"nofollow\">Android<\/a> | <a href=\"https:\/\/www.deezer.com\/en\/show\/1000680512\" class=\"powerpress_link_subscribe powerpress_link_subscribe_deezer\" target=\"_blank\" title=\"Subscribe on Deezer\" rel=\"nofollow\">Deezer<\/a> | <a href=\"https:\/\/feeds.audiomeans.fr\/feed\/c3e6abea-2254-416a-b8ef-0619098d0e45.xml\" class=\"powerpress_link_subscribe powerpress_link_subscribe_rss\" target=\"_blank\" title=\"Subscribe via RSS\" rel=\"nofollow\">RSS<\/a> | <a href=\"https:\/\/parolesdhistoire.fr\/index.php\/sabonner\/\" class=\"powerpress_link_subscribe powerpress_link_subscribe_more\" target=\"_blank\" title=\"More\" rel=\"nofollow\">More<\/a><\/p><p><em>L\u2019histoire n\u2019appartient pas qu\u2019aux historiennes et aux historiens\u00a0: la s\u00e9rie d\u2019\u00e9missions <a href=\"https:\/\/twitter.com\/hashtag\/HistoireAutrement?src=hashtag_click\">#HistoireAutrement<\/a> fait porter le regard sur des pratiques non acad\u00e9miques de l\u2019histoire.<\/em><\/p>\n<p><strong>Les invit\u00e9-e-s\u00a0:<\/strong> Patrick Boucheron, professeur au Coll\u00e8ge de France\u00a0; Tamara Erde, r\u00e9alisatrice<\/p>\n<p><a href=\"http:\/\/parolesdhistoire.fr\/wp-content\/uploads\/2021\/05\/Capture.jpg\"><img loading=\"lazy\" decoding=\"async\" class=\"aligncenter wp-image-1672 size-large\" src=\"http:\/\/parolesdhistoire.fr\/wp-content\/uploads\/2021\/05\/Capture-1024x574.jpg\" alt=\"\" width=\"840\" height=\"471\" srcset=\"https:\/\/parolesdhistoire.fr\/wp-content\/uploads\/2021\/05\/Capture-1024x574.jpg 1024w, https:\/\/parolesdhistoire.fr\/wp-content\/uploads\/2021\/05\/Capture-300x168.jpg 300w, https:\/\/parolesdhistoire.fr\/wp-content\/uploads\/2021\/05\/Capture-768x431.jpg 768w, https:\/\/parolesdhistoire.fr\/wp-content\/uploads\/2021\/05\/Capture-1200x673.jpg 1200w, https:\/\/parolesdhistoire.fr\/wp-content\/uploads\/2021\/05\/Capture.jpg 1539w\" sizes=\"auto, (max-width: 709px) 85vw, (max-width: 909px) 67vw, (max-width: 1362px) 62vw, 840px\" \/><\/a><strong>Le th\u00e8me\u00a0:<\/strong> L\u2019\u00e9mission hebdomadaire d\u2019Arte <a href=\"https:\/\/www.arte.tv\/fr\/videos\/RC-020782\/faire-l-histoire\/\"><em>Faire l\u2019histoire<\/em><\/a><\/p>\n<p><strong>La discussion\u00a0:<\/strong><\/p>\n<ul>\n<li>La conception d\u2019une \u00e9mission qui se veut collective et ouverte (1:15)<\/li>\n<li>Le parcours de la r\u00e9alisatrice Tamara Erde et son rapport \u00e0 l\u2019histoire (3:30)<\/li>\n<li>Comment faire une \u00e9mission qui ne soit pas un cours d\u2019histoire\u00a0? (4:45)<\/li>\n<li>Pourquoi une histoire racont\u00e9e par les objets\u00a0? (7:15)<\/li>\n<li>Le choix des objets, qui se pr\u00eate \u00e0 des usages visuels pour les r\u00e9alisateurs et r\u00e9alisatrices (11:10)<\/li>\n<li>Des objets qui permettent \u00e9galement de traverser diff\u00e9rentes p\u00e9riodes, avec leurs usages post\u00e9rieurs (12:20)<\/li>\n<li>L\u2019habillage visuel de l\u2019\u00e9mission, qui est assez ludique, ne prenant pas tout au s\u00e9rieux, afin de rendre accessible l\u2019histoire (16:00)<\/li>\n<li>Un des compromis dans les choix de l\u2019\u00e9mission\u00a0: ne pas commenter en tant que documents certaines images diffus\u00e9es (19:00)<\/li>\n<li>Combien de temps faut-il pour pr\u00e9parer un \u00e9pisode\u00a0? (22:30)<\/li>\n<li>Le co\u00fbt de certaines archives qui est une contrainte (26:00)<\/li>\n<li>Un vaste champ g\u00e9ographique et temporel (28:30)<\/li>\n<li>Un magazine qui se distingue de l\u2019offre d\u2019histoire \u00e0 la t\u00e9l\u00e9vision (31:10)<\/li>\n<li>Le probl\u00e8me de l\u2019incarnation et du corps devant une cam\u00e9ra (34:00)<\/li>\n<li>La difficult\u00e9 \u00e0 combler l\u2019\u00e9cart, en France, entre Arte et Franck Ferrand (36:00)<\/li>\n<li>La place donn\u00e9e aux historiennes et historiens d\u2019Allemagne et d\u2019autres pays (39:00)<\/li>\n<li>Le positionnement par rapport \u00e0 Youtube, et l\u2019int\u00e9gration de Manon Bril dans l\u2019\u00e9mission (42:00)<\/li>\n<\/ul>\n","protected":false},"excerpt":{"rendered":"<p>L\u2019histoire n\u2019appartient pas qu\u2019aux historiennes et aux historiens\u00a0: la s\u00e9rie d\u2019\u00e9missions #HistoireAutrement fait porter le regard sur des pratiques non acad\u00e9miques de l\u2019histoire. Les invit\u00e9-e-s\u00a0: Patrick Boucheron, professeur au Coll\u00e8ge de France\u00a0; Tamara Erde, r\u00e9alisatrice Le th\u00e8me\u00a0: L\u2019\u00e9mission hebdomadaire d\u2019Arte Faire l\u2019histoire La discussion\u00a0: La conception d\u2019une \u00e9mission qui se veut collective et ouverte (1:15) &hellip; <a href=\"https:\/\/parolesdhistoire.fr\/index.php\/2021\/05\/24\/197-lhistoire-autrement-2-un-magazine-televise-avec-patrick-boucheron-et-tamara-erde\/\" class=\"more-link\">Continue reading<span class=\"screen-reader-text\"> &#8220;197. L\u2019histoire autrement (2) : un magazine t\u00e9l\u00e9vis\u00e9, avec Patrick Boucheron et Tamara Erde&#8221;<\/span><\/a><\/p>\n","protected":false},"author":1,"featured_media":0,"comment_status":"open","ping_status":"open","sticky":false,"template":"","format":"standard","meta":{"footnotes":""},"categories":[48],"tags":[61,59,240,92,150,237],"class_list":["post-1671","post","type-post","status-publish","format-standard","hentry","category-evenement","tag-allemagne","tag-histoire-publique","tag-lhistoire-autrement","tag-tv","tag-vulgarisation","tag-youtube"],"_links":{"self":[{"href":"https:\/\/parolesdhistoire.fr\/index.php\/wp-json\/wp\/v2\/posts\/1671","targetHints":{"allow":["GET"]}}],"collection":[{"href":"https:\/\/parolesdhistoire.fr\/index.php\/wp-json\/wp\/v2\/posts"}],"about":[{"href":"https:\/\/parolesdhistoire.fr\/index.php\/wp-json\/wp\/v2\/types\/post"}],"author":[{"embeddable":true,"href":"https:\/\/parolesdhistoire.fr\/index.php\/wp-json\/wp\/v2\/users\/1"}],"replies":[{"embeddable":true,"href":"https:\/\/parolesdhistoire.fr\/index.php\/wp-json\/wp\/v2\/comments?post=1671"}],"version-history":[{"count":1,"href":"https:\/\/parolesdhistoire.fr\/index.php\/wp-json\/wp\/v2\/posts\/1671\/revisions"}],"predecessor-version":[{"id":1673,"href":"https:\/\/parolesdhistoire.fr\/index.php\/wp-json\/wp\/v2\/posts\/1671\/revisions\/1673"}],"wp:attachment":[{"href":"https:\/\/parolesdhistoire.fr\/index.php\/wp-json\/wp\/v2\/media?parent=1671"}],"wp:term":[{"taxonomy":"category","embeddable":true,"href":"https:\/\/parolesdhistoire.fr\/index.php\/wp-json\/wp\/v2\/categories?post=1671"},{"taxonomy":"post_tag","embeddable":true,"href":"https:\/\/parolesdhistoire.fr\/index.php\/wp-json\/wp\/v2\/tags?post=1671"}],"curies":[{"name":"wp","href":"https:\/\/api.w.org\/{rel}","templated":true}]}}