{"id":1707,"date":"2021-06-09T03:38:58","date_gmt":"2021-06-09T01:38:58","guid":{"rendered":"http:\/\/parolesdhistoire.fr\/?p=1707"},"modified":"2021-06-08T16:53:03","modified_gmt":"2021-06-08T14:53:03","slug":"201-le-musee-carnavalet-renove-et-repense-avec-noemie-giard-et-juliette-tanre-szewczyk","status":"publish","type":"post","link":"https:\/\/parolesdhistoire.fr\/index.php\/2021\/06\/09\/201-le-musee-carnavalet-renove-et-repense-avec-noemie-giard-et-juliette-tanre-szewczyk\/","title":{"rendered":"201. Le Mus\u00e9e Carnavalet r\u00e9nov\u00e9 et repens\u00e9, avec No\u00e9mie Giard et Juliette Tanr\u00e9-Szewczyk"},"content":{"rendered":"<iframe loading=\"lazy\" src=\"https:\/\/player.blubrry.com\/?media_url=https%3A%2F%2Fmedia.blubrry.com%2Fparolesdhistoire%2Fcontent.blubrry.com%2Fparolesdhistoire%2F201_carnav.mp3&amp;modern=1&amp;podcast_link=https%3A%2F%2Fparolesdhistoire.fr%2Findex.php%2F2021%2F06%2F09%2F201-le-musee-carnavalet-renove-et-repense-avec-noemie-giard-et-juliette-tanre-szewczyk%2F#mode-Light&border-000000&progress-000000\" scrolling=\"no\" width=\"100%\" height=\"165\" frameborder=\"0\" id=\"blubrryplayer-1\" class=\"blubrryplayer\" title=\"Blubrry Podcast Player\"><\/iframe><p class=\"powerpress_links powerpress_links_mp3\" style=\"margin-bottom: 1px !important;\">Podcast: <a href=\"https:\/\/media.blubrry.com\/parolesdhistoire\/content.blubrry.com\/parolesdhistoire\/201_carnav.mp3\" class=\"powerpress_link_pinw\" target=\"_blank\" title=\"Play in new window\" onclick=\"return powerpress_pinw('https:\/\/parolesdhistoire.fr\/?powerpress_pinw=1707-podcast');\" rel=\"nofollow\">Play in new window<\/a> | <a href=\"https:\/\/media.blubrry.com\/parolesdhistoire\/content.blubrry.com\/parolesdhistoire\/201_carnav.mp3\" class=\"powerpress_link_d\" title=\"Download\" rel=\"nofollow\" download=\"201_carnav.mp3\">Download<\/a><\/p><p class=\"powerpress_links powerpress_subscribe_links\">S'abonner :  <a href=\"https:\/\/itunes.apple.com\/fr\/podcast\/paroles-dhistoire\/id1376002842?l=en&amp;mt=2&amp;ls=1#episodeGuid=http%3A%2F%2Fparolesdhistoire.fr%2F%3Fp%3D1707\" class=\"powerpress_link_subscribe powerpress_link_subscribe_itunes\" target=\"_blank\" title=\"Subscribe on Apple Podcasts\" rel=\"nofollow\">Apple Podcasts<\/a> | <a href=\"https:\/\/open.spotify.com\/show\/57zBA3htpYUB4MJNhhlDnn\" class=\"powerpress_link_subscribe powerpress_link_subscribe_spotify\" target=\"_blank\" title=\"Subscribe on Spotify\" rel=\"nofollow\">Spotify<\/a> | <a href=\"https:\/\/subscribeonandroid.com\/feeds.audiomeans.fr\/feed\/c3e6abea-2254-416a-b8ef-0619098d0e45.xml\" class=\"powerpress_link_subscribe powerpress_link_subscribe_android\" target=\"_blank\" title=\"Subscribe on Android\" rel=\"nofollow\">Android<\/a> | <a href=\"https:\/\/www.deezer.com\/en\/show\/1000680512\" class=\"powerpress_link_subscribe powerpress_link_subscribe_deezer\" target=\"_blank\" title=\"Subscribe on Deezer\" rel=\"nofollow\">Deezer<\/a> | <a href=\"https:\/\/feeds.audiomeans.fr\/feed\/c3e6abea-2254-416a-b8ef-0619098d0e45.xml\" class=\"powerpress_link_subscribe powerpress_link_subscribe_rss\" target=\"_blank\" title=\"Subscribe via RSS\" rel=\"nofollow\">RSS<\/a> | <a href=\"https:\/\/parolesdhistoire.fr\/index.php\/sabonner\/\" class=\"powerpress_link_subscribe powerpress_link_subscribe_more\" target=\"_blank\" title=\"More\" rel=\"nofollow\">More<\/a><\/p><p><strong>Les invit\u00e9es\u00a0:<\/strong><\/p>\n<ul>\n<li>No\u00e9mie Giard, cheffe du service des publics du Mus\u00e9e Carnavalet \u2013 Histoire de Paris<\/li>\n<li>Juliette Tanr\u00e9-Szewczyk, conservatrice au d\u00e9partement des sculptures du mus\u00e9e<em><a href=\"http:\/\/parolesdhistoire.fr\/wp-content\/uploads\/2021\/06\/image_processing20210517-18171-1e3p7vz.jpg\"><img loading=\"lazy\" decoding=\"async\" class=\"alignnone wp-image-1709 size-large\" src=\"http:\/\/parolesdhistoire.fr\/wp-content\/uploads\/2021\/06\/image_processing20210517-18171-1e3p7vz-1024x640.jpg\" alt=\"\" width=\"840\" height=\"525\" srcset=\"https:\/\/parolesdhistoire.fr\/wp-content\/uploads\/2021\/06\/image_processing20210517-18171-1e3p7vz-1024x640.jpg 1024w, https:\/\/parolesdhistoire.fr\/wp-content\/uploads\/2021\/06\/image_processing20210517-18171-1e3p7vz-300x188.jpg 300w, https:\/\/parolesdhistoire.fr\/wp-content\/uploads\/2021\/06\/image_processing20210517-18171-1e3p7vz-768x480.jpg 768w, https:\/\/parolesdhistoire.fr\/wp-content\/uploads\/2021\/06\/image_processing20210517-18171-1e3p7vz.jpg 1200w\" sizes=\"auto, (max-width: 709px) 85vw, (max-width: 909px) 67vw, (max-width: 1362px) 62vw, 840px\" \/><\/a>La galerie des enseignes. Photo Jean-Baptiste Gurliat \/ Ville de Paris<\/em><\/li>\n<\/ul>\n<p><strong>Le th\u00e8me\u00a0:<\/strong> r\u00e9ouverture du <a href=\"https:\/\/www.carnavalet.paris.fr\/\">Mus\u00e9e Carnavalet \u2013 Histoire de Paris<\/a> en juin 2021<\/p>\n<p><strong>La discussion\u00a0:<\/strong><\/p>\n<ul>\n<li>Le plaisir de la r\u00e9ouverture et les premiers retours positifs des visiteurs (0:45)<\/li>\n<li>Les origines du projet de r\u00e9novation (2:20) et ses raisons, dans un lieu dont la mus\u00e9ographie avait vieilli (3:25)<\/li>\n<li>Les contraintes de la r\u00e9novation dans un lieu qui a une histoire longue (4:55) avec la sp\u00e9cificit\u00e9 des salles \u00e0 d\u00e9cor (6:10)<\/li>\n<li>La r\u00e9novation des \u0153uvres elles-m\u00eames, et le travail de recherche suscit\u00e9 par la fermeture (9:00)<\/li>\n<li>D\u00e9but de la visite (12:15)\u00a0: les salles d\u2019introduction et les nouvelles salles pr\u00e9historiques, antiques et m\u00e9di\u00e9vales au sous-sol<\/li>\n<li>Suite de la visite (15:15)\u00a0: Renaissance et Ancien r\u00e9gime<\/li>\n<li>La p\u00e9riode r\u00e9volutionnaire, toujours l\u2019un des points forts du mus\u00e9e (16:30)<\/li>\n<li>Une mus\u00e9ographie qui fait dialoguer les types d\u2019\u0153uvres\u00a0: peinture, imprim\u00e9, objets, sculptures\u2026 (19:30)<\/li>\n<li>Reprise de la visite\u00a0: les salles du XIXe si\u00e8cle (22:00)<\/li>\n<li>Une partie des historiens associ\u00e9s au projet de r\u00e9novation (23:20)<\/li>\n<li>Fin de la visite, avec une grande nouveaut\u00e9\u00a0: la pleine int\u00e9gration de la p\u00e9riode contemporaine, jusqu\u2019\u00e0 nos jours (24:15)<\/li>\n<li>Comment raconter une histoire de Paris qui ne soit pas que celle des pouvoirs mais aussi des habitants ordinaires\u00a0? (27:00)<\/li>\n<li>Le travail important men\u00e9 sur la m\u00e9diation et l\u2019accessibilit\u00e9 du mus\u00e9e\u00a0: aux personnes en situation de handicap, aux enfants (33:00) en particulier<\/li>\n<li>L\u2019inscription du mus\u00e9e Carnavalet dans le paysage des mus\u00e9es parisiens (35:40)<\/li>\n<li>La dimension num\u00e9rique du mus\u00e9e\u00a0: site, application (37:40) et son accompagnement p\u00e9dagogique (40:45)<\/li>\n<li>Les objets \u00ab\u00a0coup de c\u0153ur\u00a0\u00bb des invit\u00e9es (42:00)<\/li>\n<\/ul>\n","protected":false},"excerpt":{"rendered":"<p>Les invit\u00e9es\u00a0: No\u00e9mie Giard, cheffe du service des publics du Mus\u00e9e Carnavalet \u2013 Histoire de Paris Juliette Tanr\u00e9-Szewczyk, conservatrice au d\u00e9partement des sculptures du mus\u00e9eLa galerie des enseignes. Photo Jean-Baptiste Gurliat \/ Ville de Paris Le th\u00e8me\u00a0: r\u00e9ouverture du Mus\u00e9e Carnavalet \u2013 Histoire de Paris en juin 2021 La discussion\u00a0: Le plaisir de la r\u00e9ouverture &hellip; <a href=\"https:\/\/parolesdhistoire.fr\/index.php\/2021\/06\/09\/201-le-musee-carnavalet-renove-et-repense-avec-noemie-giard-et-juliette-tanre-szewczyk\/\" class=\"more-link\">Continue reading<span class=\"screen-reader-text\"> &#8220;201. Le Mus\u00e9e Carnavalet r\u00e9nov\u00e9 et repens\u00e9, avec No\u00e9mie Giard et Juliette Tanr\u00e9-Szewczyk&#8221;<\/span><\/a><\/p>\n","protected":false},"author":1,"featured_media":0,"comment_status":"open","ping_status":"open","sticky":false,"template":"","format":"standard","meta":{"footnotes":""},"categories":[48],"tags":[16,57,208,242,154],"class_list":["post-1707","post","type-post","status-publish","format-standard","hentry","category-evenement","tag-enfance","tag-histoire-moderne","tag-musees","tag-paris","tag-revolution"],"_links":{"self":[{"href":"https:\/\/parolesdhistoire.fr\/index.php\/wp-json\/wp\/v2\/posts\/1707","targetHints":{"allow":["GET"]}}],"collection":[{"href":"https:\/\/parolesdhistoire.fr\/index.php\/wp-json\/wp\/v2\/posts"}],"about":[{"href":"https:\/\/parolesdhistoire.fr\/index.php\/wp-json\/wp\/v2\/types\/post"}],"author":[{"embeddable":true,"href":"https:\/\/parolesdhistoire.fr\/index.php\/wp-json\/wp\/v2\/users\/1"}],"replies":[{"embeddable":true,"href":"https:\/\/parolesdhistoire.fr\/index.php\/wp-json\/wp\/v2\/comments?post=1707"}],"version-history":[{"count":5,"href":"https:\/\/parolesdhistoire.fr\/index.php\/wp-json\/wp\/v2\/posts\/1707\/revisions"}],"predecessor-version":[{"id":1713,"href":"https:\/\/parolesdhistoire.fr\/index.php\/wp-json\/wp\/v2\/posts\/1707\/revisions\/1713"}],"wp:attachment":[{"href":"https:\/\/parolesdhistoire.fr\/index.php\/wp-json\/wp\/v2\/media?parent=1707"}],"wp:term":[{"taxonomy":"category","embeddable":true,"href":"https:\/\/parolesdhistoire.fr\/index.php\/wp-json\/wp\/v2\/categories?post=1707"},{"taxonomy":"post_tag","embeddable":true,"href":"https:\/\/parolesdhistoire.fr\/index.php\/wp-json\/wp\/v2\/tags?post=1707"}],"curies":[{"name":"wp","href":"https:\/\/api.w.org\/{rel}","templated":true}]}}