{"id":1715,"date":"2021-06-15T04:54:21","date_gmt":"2021-06-15T02:54:21","guid":{"rendered":"http:\/\/parolesdhistoire.fr\/?p=1715"},"modified":"2021-06-14T23:18:56","modified_gmt":"2021-06-14T21:18:56","slug":"202-engels-et-la-guerre-des-paysans-dans-lhistoire-allemande-avec-rachel-renault","status":"publish","type":"post","link":"https:\/\/parolesdhistoire.fr\/index.php\/2021\/06\/15\/202-engels-et-la-guerre-des-paysans-dans-lhistoire-allemande-avec-rachel-renault\/","title":{"rendered":"202. Engels et la guerre des paysans dans l\u2019histoire allemande, avec Rachel Renault"},"content":{"rendered":"<iframe loading=\"lazy\" src=\"https:\/\/player.blubrry.com\/?media_url=https%3A%2F%2Fmedia.blubrry.com%2Fparolesdhistoire%2Fcontent.blubrry.com%2Fparolesdhistoire%2F202_renault.mp3&amp;modern=1&amp;podcast_link=https%3A%2F%2Fparolesdhistoire.fr%2Findex.php%2F2021%2F06%2F15%2F202-engels-et-la-guerre-des-paysans-dans-lhistoire-allemande-avec-rachel-renault%2F#mode-Light&border-000000&progress-000000\" scrolling=\"no\" width=\"100%\" height=\"165\" frameborder=\"0\" id=\"blubrryplayer-1\" class=\"blubrryplayer\" title=\"Blubrry Podcast Player\"><\/iframe><p class=\"powerpress_links powerpress_links_mp3\" style=\"margin-bottom: 1px !important;\">Podcast: <a href=\"https:\/\/media.blubrry.com\/parolesdhistoire\/content.blubrry.com\/parolesdhistoire\/202_renault.mp3\" class=\"powerpress_link_pinw\" target=\"_blank\" title=\"Play in new window\" onclick=\"return powerpress_pinw('https:\/\/parolesdhistoire.fr\/?powerpress_pinw=1715-podcast');\" rel=\"nofollow\">Play in new window<\/a> | <a href=\"https:\/\/media.blubrry.com\/parolesdhistoire\/content.blubrry.com\/parolesdhistoire\/202_renault.mp3\" class=\"powerpress_link_d\" title=\"Download\" rel=\"nofollow\" download=\"202_renault.mp3\">Download<\/a><\/p><p class=\"powerpress_links powerpress_subscribe_links\">S'abonner :  <a href=\"https:\/\/itunes.apple.com\/fr\/podcast\/paroles-dhistoire\/id1376002842?l=en&amp;mt=2&amp;ls=1#episodeGuid=http%3A%2F%2Fparolesdhistoire.fr%2F%3Fp%3D1715\" class=\"powerpress_link_subscribe powerpress_link_subscribe_itunes\" target=\"_blank\" title=\"Subscribe on Apple Podcasts\" rel=\"nofollow\">Apple Podcasts<\/a> | <a href=\"https:\/\/open.spotify.com\/show\/57zBA3htpYUB4MJNhhlDnn\" class=\"powerpress_link_subscribe powerpress_link_subscribe_spotify\" target=\"_blank\" title=\"Subscribe on Spotify\" rel=\"nofollow\">Spotify<\/a> | <a href=\"https:\/\/subscribeonandroid.com\/feeds.audiomeans.fr\/feed\/c3e6abea-2254-416a-b8ef-0619098d0e45.xml\" class=\"powerpress_link_subscribe powerpress_link_subscribe_android\" target=\"_blank\" title=\"Subscribe on Android\" rel=\"nofollow\">Android<\/a> | <a href=\"https:\/\/www.deezer.com\/en\/show\/1000680512\" class=\"powerpress_link_subscribe powerpress_link_subscribe_deezer\" target=\"_blank\" title=\"Subscribe on Deezer\" rel=\"nofollow\">Deezer<\/a> | <a href=\"https:\/\/feeds.audiomeans.fr\/feed\/c3e6abea-2254-416a-b8ef-0619098d0e45.xml\" class=\"powerpress_link_subscribe powerpress_link_subscribe_rss\" target=\"_blank\" title=\"Subscribe via RSS\" rel=\"nofollow\">RSS<\/a> | <a href=\"https:\/\/parolesdhistoire.fr\/index.php\/sabonner\/\" class=\"powerpress_link_subscribe powerpress_link_subscribe_more\" target=\"_blank\" title=\"More\" rel=\"nofollow\">More<\/a><\/p><p><strong>L\u2019invit\u00e9e\u00a0:<\/strong> Rachel Renault, ma\u00eetresse de conf\u00e9rences \u00e0 l\u2019universit\u00e9 du Mans<\/p>\n<p><a href=\"http:\/\/parolesdhistoire.fr\/wp-content\/uploads\/2021\/06\/Guerredespaysans_Couv1-1-597x1024.jpg\"><img loading=\"lazy\" decoding=\"async\" class=\"aligncenter size-medium wp-image-1718\" src=\"http:\/\/parolesdhistoire.fr\/wp-content\/uploads\/2021\/06\/Guerredespaysans_Couv1-1-597x1024-175x300.jpg\" alt=\"\" width=\"175\" height=\"300\" srcset=\"https:\/\/parolesdhistoire.fr\/wp-content\/uploads\/2021\/06\/Guerredespaysans_Couv1-1-597x1024-175x300.jpg 175w, https:\/\/parolesdhistoire.fr\/wp-content\/uploads\/2021\/06\/Guerredespaysans_Couv1-1-597x1024.jpg 597w\" sizes=\"auto, (max-width: 175px) 85vw, 175px\" \/><\/a><strong>Le livre\u00a0:<\/strong> Friedrich Engels, <em>La guerre des paysans<\/em>, pr\u00e9face d\u2019\u00c9ric Vuillard, introduction et notes de Rachel Renault, \u00e9ditions sociales, 2021.<\/p>\n<p><strong>La discussion\u00a0:<\/strong><\/p>\n<ul>\n<li>L\u2019int\u00e9r\u00eat du livre d\u2019Engels, presque deux cents ans apr\u00e8s sa naissance (1:00)<\/li>\n<li>\u00c9l\u00e9ments de contexte\u00a0: la guerre des paysans (4:00), Thomas M\u00fcntzer, le r\u00f4le r\u00e9pressif de Luther, les particularit\u00e9s du Saint Empire (9:30)<\/li>\n<li>Qui est Friedrich Engels en 1850\u00a0?<\/li>\n<li>Un livre sur 1525 qui est aussi une r\u00e9flexion sur l\u2019\u00e9chec politique de 1848-1849<\/li>\n<li>La question du morcellement politique allemand, au XVIe si\u00e8cle et au XIXe si\u00e8cle, et des r\u00f4les respectifs de la Prusse et de l\u2019Empire (19:00)<\/li>\n<li>Le probl\u00e8me du Sonderweg ou \u00ab\u00a0chemin particulier\u00a0\u00bb de l\u2019histoire allemande (21:00)<\/li>\n<li>Un \u00e9loge paradoxal de la bourgeoisie allemande chez Engels (25:00)<\/li>\n<li>Un livre qui est une des premi\u00e8res mises en pratique du mat\u00e9rialisme historique (26:20)<\/li>\n<li>Une \u00e9vocation du Saint Empire qui r\u00e9sonne avec les renouvellements historiographiques le concernant (29:45)<\/li>\n<li>Ce qui rend le texte \u00ab\u00a0p\u00e9rim\u00e9\u00a0\u00bb ou probl\u00e9matique au regard des savoirs actuels sur la guerre des paysans (32:00)<\/li>\n<li>La religion, un simple \u00ab\u00a0masque\u00a0\u00bb d\u2019int\u00e9r\u00eats sociaux\u00a0? (34:00)<\/li>\n<li>Quel regard port\u00e9 sur les paysans, et leur r\u00f4le de \u00ab\u00a0frein\u00a0\u00bb aux forces r\u00e9volutionnaires\u00a0? (38:15)<\/li>\n<li>La force narrative et intellectuelle du texte (42:00)<\/li>\n<\/ul>\n<p><strong>Le conseil de visionnage\u00a0:<\/strong> <em><a href=\"https:\/\/www.youtube.com\/watch?v=6Ad7yZOvRpc\">Le jeune Marx<\/a><\/em>, film de Raoul Peck (2017)<\/p>\n","protected":false},"excerpt":{"rendered":"<p>L\u2019invit\u00e9e\u00a0: Rachel Renault, ma\u00eetresse de conf\u00e9rences \u00e0 l\u2019universit\u00e9 du Mans Le livre\u00a0: Friedrich Engels, La guerre des paysans, pr\u00e9face d\u2019\u00c9ric Vuillard, introduction et notes de Rachel Renault, \u00e9ditions sociales, 2021. La discussion\u00a0: L\u2019int\u00e9r\u00eat du livre d\u2019Engels, presque deux cents ans apr\u00e8s sa naissance (1:00) \u00c9l\u00e9ments de contexte\u00a0: la guerre des paysans (4:00), Thomas M\u00fcntzer, le &hellip; <a href=\"https:\/\/parolesdhistoire.fr\/index.php\/2021\/06\/15\/202-engels-et-la-guerre-des-paysans-dans-lhistoire-allemande-avec-rachel-renault\/\" class=\"more-link\">Continue reading<span class=\"screen-reader-text\"> &#8220;202. Engels et la guerre des paysans dans l\u2019histoire allemande, avec Rachel Renault&#8221;<\/span><\/a><\/p>\n","protected":false},"author":1,"featured_media":0,"comment_status":"open","ping_status":"open","sticky":false,"template":"","format":"standard","meta":{"footnotes":""},"categories":[1,4],"tags":[61,247,246,245,244,34],"class_list":["post-1715","post","type-post","status-publish","format-standard","hentry","category-non-classe","category-parution","tag-allemagne","tag-marxisme","tag-paysannerie","tag-revoltes","tag-socialisme","tag-xixe"],"_links":{"self":[{"href":"https:\/\/parolesdhistoire.fr\/index.php\/wp-json\/wp\/v2\/posts\/1715","targetHints":{"allow":["GET"]}}],"collection":[{"href":"https:\/\/parolesdhistoire.fr\/index.php\/wp-json\/wp\/v2\/posts"}],"about":[{"href":"https:\/\/parolesdhistoire.fr\/index.php\/wp-json\/wp\/v2\/types\/post"}],"author":[{"embeddable":true,"href":"https:\/\/parolesdhistoire.fr\/index.php\/wp-json\/wp\/v2\/users\/1"}],"replies":[{"embeddable":true,"href":"https:\/\/parolesdhistoire.fr\/index.php\/wp-json\/wp\/v2\/comments?post=1715"}],"version-history":[{"count":3,"href":"https:\/\/parolesdhistoire.fr\/index.php\/wp-json\/wp\/v2\/posts\/1715\/revisions"}],"predecessor-version":[{"id":1719,"href":"https:\/\/parolesdhistoire.fr\/index.php\/wp-json\/wp\/v2\/posts\/1715\/revisions\/1719"}],"wp:attachment":[{"href":"https:\/\/parolesdhistoire.fr\/index.php\/wp-json\/wp\/v2\/media?parent=1715"}],"wp:term":[{"taxonomy":"category","embeddable":true,"href":"https:\/\/parolesdhistoire.fr\/index.php\/wp-json\/wp\/v2\/categories?post=1715"},{"taxonomy":"post_tag","embeddable":true,"href":"https:\/\/parolesdhistoire.fr\/index.php\/wp-json\/wp\/v2\/tags?post=1715"}],"curies":[{"name":"wp","href":"https:\/\/api.w.org\/{rel}","templated":true}]}}