{"id":1801,"date":"2021-10-04T03:33:17","date_gmt":"2021-10-04T01:33:17","guid":{"rendered":"http:\/\/parolesdhistoire.fr\/?p=1801"},"modified":"2021-10-03T09:40:21","modified_gmt":"2021-10-03T07:40:21","slug":"215-les-annales-tournant-reflexif-avec-vincent-azoulay-camille-lefebvre-et-antoine-lilti","status":"publish","type":"post","link":"https:\/\/parolesdhistoire.fr\/index.php\/2021\/10\/04\/215-les-annales-tournant-reflexif-avec-vincent-azoulay-camille-lefebvre-et-antoine-lilti\/","title":{"rendered":"215. Les Annales, tournant r\u00e9flexif, avec Vincent Azoulay, Camille Lefebvre et Antoine Lilti"},"content":{"rendered":"<iframe loading=\"lazy\" src=\"https:\/\/player.blubrry.com\/?media_url=https%3A%2F%2Fmedia.blubrry.com%2Fparolesdhistoire%2Fcontent.blubrry.com%2Fparolesdhistoire%2F215_annales.mp3&amp;modern=1&amp;podcast_link=https%3A%2F%2Fparolesdhistoire.fr%2Findex.php%2F2021%2F10%2F04%2F215-les-annales-tournant-reflexif-avec-vincent-azoulay-camille-lefebvre-et-antoine-lilti%2F#mode-Light&border-000000&progress-000000\" scrolling=\"no\" width=\"100%\" height=\"165\" frameborder=\"0\" id=\"blubrryplayer-1\" class=\"blubrryplayer\" title=\"Blubrry Podcast Player\"><\/iframe><p class=\"powerpress_links powerpress_links_mp3\" style=\"margin-bottom: 1px !important;\">Podcast: <a href=\"https:\/\/media.blubrry.com\/parolesdhistoire\/content.blubrry.com\/parolesdhistoire\/215_annales.mp3\" class=\"powerpress_link_pinw\" target=\"_blank\" title=\"Play in new window\" onclick=\"return powerpress_pinw('https:\/\/parolesdhistoire.fr\/?powerpress_pinw=1801-podcast');\" rel=\"nofollow\">Play in new window<\/a> | <a href=\"https:\/\/media.blubrry.com\/parolesdhistoire\/content.blubrry.com\/parolesdhistoire\/215_annales.mp3\" class=\"powerpress_link_d\" title=\"Download\" rel=\"nofollow\" download=\"215_annales.mp3\">Download<\/a><\/p><p class=\"powerpress_links powerpress_subscribe_links\">S'abonner :  <a href=\"https:\/\/itunes.apple.com\/fr\/podcast\/paroles-dhistoire\/id1376002842?l=en&amp;mt=2&amp;ls=1#episodeGuid=http%3A%2F%2Fparolesdhistoire.fr%2F%3Fp%3D1801\" class=\"powerpress_link_subscribe powerpress_link_subscribe_itunes\" target=\"_blank\" title=\"Subscribe on Apple Podcasts\" rel=\"nofollow\">Apple Podcasts<\/a> | <a href=\"https:\/\/open.spotify.com\/show\/57zBA3htpYUB4MJNhhlDnn\" class=\"powerpress_link_subscribe powerpress_link_subscribe_spotify\" target=\"_blank\" title=\"Subscribe on Spotify\" rel=\"nofollow\">Spotify<\/a> | <a href=\"https:\/\/subscribeonandroid.com\/feeds.audiomeans.fr\/feed\/c3e6abea-2254-416a-b8ef-0619098d0e45.xml\" class=\"powerpress_link_subscribe powerpress_link_subscribe_android\" target=\"_blank\" title=\"Subscribe on Android\" rel=\"nofollow\">Android<\/a> | <a href=\"https:\/\/www.deezer.com\/en\/show\/1000680512\" class=\"powerpress_link_subscribe powerpress_link_subscribe_deezer\" target=\"_blank\" title=\"Subscribe on Deezer\" rel=\"nofollow\">Deezer<\/a> | <a href=\"https:\/\/feeds.audiomeans.fr\/feed\/c3e6abea-2254-416a-b8ef-0619098d0e45.xml\" class=\"powerpress_link_subscribe powerpress_link_subscribe_rss\" target=\"_blank\" title=\"Subscribe via RSS\" rel=\"nofollow\">RSS<\/a> | <a href=\"https:\/\/parolesdhistoire.fr\/index.php\/sabonner\/\" class=\"powerpress_link_subscribe powerpress_link_subscribe_more\" target=\"_blank\" title=\"More\" rel=\"nofollow\">More<\/a><\/p><p>&nbsp;<\/p>\n<p><strong>Les invit\u00e9-es : <\/strong>Vincent Azoulay, Camille Lefebvre et Antoine Lilti, directeur et membres du comit\u00e9 de r\u00e9daction des Annales, Histoire, Sciences sociales<\/p>\n<p><strong>Le num\u00e9ro\u00a0:<\/strong> Autoportrait d\u2019une revue (<em>Annales Histoire, Sciences sociales<\/em>, 75\/3-4, 2020). Voir les <a href=\"http:\/\/annales.ehess.fr\/index.php?626\">compl\u00e9ments de lecture<\/a> en ligne.<\/p>\n<p><a href=\"http:\/\/parolesdhistoire.fr\/wp-content\/uploads\/2021\/10\/cover.jpeg\"><img loading=\"lazy\" decoding=\"async\" class=\"aligncenter wp-image-1802\" src=\"http:\/\/parolesdhistoire.fr\/wp-content\/uploads\/2021\/10\/cover-725x1024.jpeg\" alt=\"\" width=\"429\" height=\"606\" srcset=\"https:\/\/parolesdhistoire.fr\/wp-content\/uploads\/2021\/10\/cover-725x1024.jpeg 725w, https:\/\/parolesdhistoire.fr\/wp-content\/uploads\/2021\/10\/cover-212x300.jpeg 212w, https:\/\/parolesdhistoire.fr\/wp-content\/uploads\/2021\/10\/cover-768x1084.jpeg 768w, https:\/\/parolesdhistoire.fr\/wp-content\/uploads\/2021\/10\/cover-1200x1694.jpeg 1200w, https:\/\/parolesdhistoire.fr\/wp-content\/uploads\/2021\/10\/cover.jpeg 1813w\" sizes=\"auto, (max-width: 429px) 85vw, 429px\" \/><\/a><\/p>\n<p><strong>La discussion\u00a0:<\/strong><\/p>\n<ul>\n<li>L\u2019esprit de ce num\u00e9ro \u00ab\u00a0autoportrait\u00a0\u00bb, ni bilan ni programme, qui cherche \u00e0 faire le point sur les \u00e9volutions de la revue (1:45)<\/li>\n<li>Le choix d\u2019articles tous \u00e9crits de fa\u00e7on collective (6:00)<\/li>\n<li>Un num\u00e9ro pens\u00e9 de fa\u00e7on coh\u00e9rente, ce qui se complique \u00e0 l\u2019heure de la lecture en ligne article par article (7:45)<\/li>\n<li>Une tonalit\u00e9 r\u00e9flexive et parfois autocritique (11:15)<\/li>\n<li>Un effort d\u2019objectivation statistique de ce que publient les <em>Annales<\/em> (17:00) et de qui compose son comit\u00e9 (19:00)<\/li>\n<li>Retour sur un \u00e9pisode important dans la vie de la revue, le \u00ab\u00a0tournant critique\u00a0\u00bb, \u00e0 la fin des ann\u00e9es 1980 (20:00) et le r\u00f4le jou\u00e9 par Bernard Lepetit (25:00)<\/li>\n<li>L\u2019ouverture plus r\u00e9cente de la revue \u00e0 des aires culturelles non europ\u00e9ennes (28:00)<\/li>\n<li>Le trajet d\u2019un texte soumis \u00e0 la revue (33:00)<\/li>\n<li>L\u2019enjeu important de la traduction en anglais d\u00e9sormais int\u00e9grale (37:45)<\/li>\n<li>L\u2019importance du travail \u00e9ditorial dans la production du savoir (42:00)<\/li>\n<li>Discussion sur un passage de la revue portant sur le rapport histoire \/ litt\u00e9rature (46:00)<\/li>\n<li>Quel rapport au pr\u00e9sent et au politique dans une revue savante\u00a0? (50:00)<\/li>\n<\/ul>\n","protected":false},"excerpt":{"rendered":"<p>&nbsp; Les invit\u00e9-es : Vincent Azoulay, Camille Lefebvre et Antoine Lilti, directeur et membres du comit\u00e9 de r\u00e9daction des Annales, Histoire, Sciences sociales Le num\u00e9ro\u00a0: Autoportrait d\u2019une revue (Annales Histoire, Sciences sociales, 75\/3-4, 2020). Voir les compl\u00e9ments de lecture en ligne. La discussion\u00a0: L\u2019esprit de ce num\u00e9ro \u00ab\u00a0autoportrait\u00a0\u00bb, ni bilan ni programme, qui cherche \u00e0 &hellip; <a href=\"https:\/\/parolesdhistoire.fr\/index.php\/2021\/10\/04\/215-les-annales-tournant-reflexif-avec-vincent-azoulay-camille-lefebvre-et-antoine-lilti\/\" class=\"more-link\">Continue reading<span class=\"screen-reader-text\"> &#8220;215. Les Annales, tournant r\u00e9flexif, avec Vincent Azoulay, Camille Lefebvre et Antoine Lilti&#8221;<\/span><\/a><\/p>\n","protected":false},"author":1,"featured_media":0,"comment_status":"open","ping_status":"open","sticky":false,"template":"","format":"standard","meta":{"footnotes":""},"categories":[4],"tags":[28,51,139],"class_list":["post-1801","post","type-post","status-publish","format-standard","hentry","category-parution","tag-historiographie","tag-metier","tag-microhistoire"],"_links":{"self":[{"href":"https:\/\/parolesdhistoire.fr\/index.php\/wp-json\/wp\/v2\/posts\/1801","targetHints":{"allow":["GET"]}}],"collection":[{"href":"https:\/\/parolesdhistoire.fr\/index.php\/wp-json\/wp\/v2\/posts"}],"about":[{"href":"https:\/\/parolesdhistoire.fr\/index.php\/wp-json\/wp\/v2\/types\/post"}],"author":[{"embeddable":true,"href":"https:\/\/parolesdhistoire.fr\/index.php\/wp-json\/wp\/v2\/users\/1"}],"replies":[{"embeddable":true,"href":"https:\/\/parolesdhistoire.fr\/index.php\/wp-json\/wp\/v2\/comments?post=1801"}],"version-history":[{"count":1,"href":"https:\/\/parolesdhistoire.fr\/index.php\/wp-json\/wp\/v2\/posts\/1801\/revisions"}],"predecessor-version":[{"id":1803,"href":"https:\/\/parolesdhistoire.fr\/index.php\/wp-json\/wp\/v2\/posts\/1801\/revisions\/1803"}],"wp:attachment":[{"href":"https:\/\/parolesdhistoire.fr\/index.php\/wp-json\/wp\/v2\/media?parent=1801"}],"wp:term":[{"taxonomy":"category","embeddable":true,"href":"https:\/\/parolesdhistoire.fr\/index.php\/wp-json\/wp\/v2\/categories?post=1801"},{"taxonomy":"post_tag","embeddable":true,"href":"https:\/\/parolesdhistoire.fr\/index.php\/wp-json\/wp\/v2\/tags?post=1801"}],"curies":[{"name":"wp","href":"https:\/\/api.w.org\/{rel}","templated":true}]}}