{"id":1810,"date":"2021-10-18T03:46:36","date_gmt":"2021-10-18T01:46:36","guid":{"rendered":"http:\/\/parolesdhistoire.fr\/?p=1810"},"modified":"2021-10-16T23:53:01","modified_gmt":"2021-10-16T21:53:01","slug":"217-le-travail-des-historien-ne-s-avec-etienne-anheim-manon-pignot-et-catherine-rideau-kikuchi","status":"publish","type":"post","link":"https:\/\/parolesdhistoire.fr\/index.php\/2021\/10\/18\/217-le-travail-des-historien-ne-s-avec-etienne-anheim-manon-pignot-et-catherine-rideau-kikuchi\/","title":{"rendered":"217. Le travail des historien-ne-s, avec Etienne Anheim, Manon Pignot et Catherine Rideau-Kikuchi"},"content":{"rendered":"<iframe loading=\"lazy\" src=\"https:\/\/player.blubrry.com\/?media_url=https%3A%2F%2Fmedia.blubrry.com%2Fparolesdhistoire%2Fcontent.blubrry.com%2Fparolesdhistoire%2F217_RDVBlois.mp3&amp;modern=1&amp;podcast_link=https%3A%2F%2Fparolesdhistoire.fr%2Findex.php%2F2021%2F10%2F18%2F217-le-travail-des-historien-ne-s-avec-etienne-anheim-manon-pignot-et-catherine-rideau-kikuchi%2F#mode-Light&border-000000&progress-000000\" scrolling=\"no\" width=\"100%\" height=\"165\" frameborder=\"0\" id=\"blubrryplayer-1\" class=\"blubrryplayer\" title=\"Blubrry Podcast Player\"><\/iframe><p class=\"powerpress_links powerpress_links_mp3\" style=\"margin-bottom: 1px !important;\">Podcast: <a href=\"https:\/\/media.blubrry.com\/parolesdhistoire\/content.blubrry.com\/parolesdhistoire\/217_RDVBlois.mp3\" class=\"powerpress_link_pinw\" target=\"_blank\" title=\"Play in new window\" onclick=\"return powerpress_pinw('https:\/\/parolesdhistoire.fr\/?powerpress_pinw=1810-podcast');\" rel=\"nofollow\">Play in new window<\/a> | <a href=\"https:\/\/media.blubrry.com\/parolesdhistoire\/content.blubrry.com\/parolesdhistoire\/217_RDVBlois.mp3\" class=\"powerpress_link_d\" title=\"Download\" rel=\"nofollow\" download=\"217_RDVBlois.mp3\">Download<\/a><\/p><p class=\"powerpress_links powerpress_subscribe_links\">S'abonner :  <a href=\"https:\/\/itunes.apple.com\/fr\/podcast\/paroles-dhistoire\/id1376002842?l=en&amp;mt=2&amp;ls=1#episodeGuid=http%3A%2F%2Fparolesdhistoire.fr%2F%3Fp%3D1810\" class=\"powerpress_link_subscribe powerpress_link_subscribe_itunes\" target=\"_blank\" title=\"Subscribe on Apple Podcasts\" rel=\"nofollow\">Apple Podcasts<\/a> | <a href=\"https:\/\/open.spotify.com\/show\/57zBA3htpYUB4MJNhhlDnn\" class=\"powerpress_link_subscribe powerpress_link_subscribe_spotify\" target=\"_blank\" title=\"Subscribe on Spotify\" rel=\"nofollow\">Spotify<\/a> | <a href=\"https:\/\/subscribeonandroid.com\/feeds.audiomeans.fr\/feed\/c3e6abea-2254-416a-b8ef-0619098d0e45.xml\" class=\"powerpress_link_subscribe powerpress_link_subscribe_android\" target=\"_blank\" title=\"Subscribe on Android\" rel=\"nofollow\">Android<\/a> | <a href=\"https:\/\/www.deezer.com\/en\/show\/1000680512\" class=\"powerpress_link_subscribe powerpress_link_subscribe_deezer\" target=\"_blank\" title=\"Subscribe on Deezer\" rel=\"nofollow\">Deezer<\/a> | <a href=\"https:\/\/feeds.audiomeans.fr\/feed\/c3e6abea-2254-416a-b8ef-0619098d0e45.xml\" class=\"powerpress_link_subscribe powerpress_link_subscribe_rss\" target=\"_blank\" title=\"Subscribe via RSS\" rel=\"nofollow\">RSS<\/a> | <a href=\"https:\/\/parolesdhistoire.fr\/index.php\/sabonner\/\" class=\"powerpress_link_subscribe powerpress_link_subscribe_more\" target=\"_blank\" title=\"More\" rel=\"nofollow\">More<\/a><\/p><p><strong><em>\u00c9mission enregistr\u00e9e en public le dimanche 10 octobre 2021 aux Rendez-vous de l\u2019histoire de Blois<\/em><\/strong><\/p>\n<p><a href=\"http:\/\/parolesdhistoire.fr\/wp-content\/uploads\/2021\/10\/couv-1.jpg\"><img loading=\"lazy\" decoding=\"async\" class=\"aligncenter size-full wp-image-1812\" src=\"http:\/\/parolesdhistoire.fr\/wp-content\/uploads\/2021\/10\/couv-1.jpg\" alt=\"\" width=\"992\" height=\"617\" srcset=\"https:\/\/parolesdhistoire.fr\/wp-content\/uploads\/2021\/10\/couv-1.jpg 992w, https:\/\/parolesdhistoire.fr\/wp-content\/uploads\/2021\/10\/couv-1-300x187.jpg 300w, https:\/\/parolesdhistoire.fr\/wp-content\/uploads\/2021\/10\/couv-1-768x478.jpg 768w\" sizes=\"auto, (max-width: 709px) 85vw, (max-width: 909px) 67vw, (max-width: 1362px) 62vw, 840px\" \/><\/a><\/p>\n<p><strong>Les invit\u00e9-e-s\u00a0:<\/strong><\/p>\n<ul>\n<li>Etienne Anheim, directeur d\u2019\u00e9tudes \u00e0 l\u2019EHESS et des \u00e9ditions de l\u2019EHESS<\/li>\n<li>Manon Pignot, MCF HDR \u00e0 l\u2019Universit\u00e9 de Picardie<\/li>\n<li>Catherine Rideau-Kikuchi, MCF \u00e0 l\u2019Universit\u00e9 de Versailles Saint-Quentin<\/li>\n<\/ul>\n<p><strong>La discussion\u00a0:<\/strong><\/p>\n<ul>\n<li>Pourquoi \u00e9tudier le travail de l\u2019historienne et de l\u2019historien\u00a0? (1:00)<\/li>\n<li>Les RDV de l\u2019histoire de Blois, du travail\u00a0? (4:00)<\/li>\n<li>Le march\u00e9 du travail de l\u2019histoire savante et la rar\u00e9faction des postes (6:15)<\/li>\n<li>Les effets de cette concurrence sur le travail intellectuel (9:30)<\/li>\n<li>La conjoncture difficile depuis les ann\u00e9es 2010 (12:30)<\/li>\n<li>Comment faire exister une communaut\u00e9 savante malgr\u00e9 les clivages entre titulaires et pr\u00e9caires (14:00), malgr\u00e9 les difficult\u00e9s des enseignants du secondaire (17:30)<\/li>\n<li>La tension entre enseignement et recherche (20:00)<\/li>\n<li>La lourdeur des t\u00e2ches administratives (24:00)<\/li>\n<li>Des comp\u00e9tences techniques sp\u00e9cifiques qu\u2019il faut d\u00e9velopper (31:00)<\/li>\n<li>La part de travail invisible des universitaires (32:30)<\/li>\n<li>Recensions, expertises (34:00)<\/li>\n<li>L\u2019autonomie des universitaires, enjeu politique (35:30)<\/li>\n<li>O\u00f9 en est le rapport hommes \/ femmes dans la profession historienne\u00a0? (39:00)<\/li>\n<li>Les soutiens masculins aux combats f\u00e9ministes, et les fa\u00e7ons de les prolonger (51:00)<\/li>\n<li>Les joies que procure le m\u00e9tier (55:00)<\/li>\n<li>Le paradoxe des m\u00e9tiers \u00e0 passion, \u00e9panouissants et parfois ali\u00e9nants (59:20)<\/li>\n<li><strong>(questions du public)<\/strong><\/li>\n<li>D\u2019autres t\u00e2ches\u00a0: \u00e9criture de manuels, traduction\u2026 (1:01:00)<\/li>\n<li>Les d\u00e9s\u00e9quilibres g\u00e9ographiques entre Paris et province (1:07:50)<\/li>\n<li>Les difficult\u00e9s de coll\u00e8gues du secondaire pour faire une th\u00e8se (1:11:00)<\/li>\n<li>Ce que la pand\u00e9mie a chang\u00e9 en termes d\u2019acc\u00e8s (num\u00e9rique) \u00e0 des s\u00e9minaires et des colloques (1:16:00)<\/li>\n<li>Peut-on se lasser de son sujet de recherche (et en changer)\u00a0? (1:20:00)<\/li>\n<\/ul>\n","protected":false},"excerpt":{"rendered":"<p>\u00c9mission enregistr\u00e9e en public le dimanche 10 octobre 2021 aux Rendez-vous de l\u2019histoire de Blois Les invit\u00e9-e-s\u00a0: Etienne Anheim, directeur d\u2019\u00e9tudes \u00e0 l\u2019EHESS et des \u00e9ditions de l\u2019EHESS Manon Pignot, MCF HDR \u00e0 l\u2019Universit\u00e9 de Picardie Catherine Rideau-Kikuchi, MCF \u00e0 l\u2019Universit\u00e9 de Versailles Saint-Quentin La discussion\u00a0: Pourquoi \u00e9tudier le travail de l\u2019historienne et de l\u2019historien\u00a0? &hellip; <a href=\"https:\/\/parolesdhistoire.fr\/index.php\/2021\/10\/18\/217-le-travail-des-historien-ne-s-avec-etienne-anheim-manon-pignot-et-catherine-rideau-kikuchi\/\" class=\"more-link\">Continue reading<span class=\"screen-reader-text\"> &#8220;217. Le travail des historien-ne-s, avec Etienne Anheim, Manon Pignot et Catherine Rideau-Kikuchi&#8221;<\/span><\/a><\/p>\n","protected":false},"author":1,"featured_media":0,"comment_status":"open","ping_status":"open","sticky":false,"template":"","format":"standard","meta":{"footnotes":""},"categories":[152,48],"tags":[51,124],"class_list":["post-1810","post","type-post","status-publish","format-standard","hentry","category-conference","category-evenement","tag-metier","tag-universite"],"_links":{"self":[{"href":"https:\/\/parolesdhistoire.fr\/index.php\/wp-json\/wp\/v2\/posts\/1810","targetHints":{"allow":["GET"]}}],"collection":[{"href":"https:\/\/parolesdhistoire.fr\/index.php\/wp-json\/wp\/v2\/posts"}],"about":[{"href":"https:\/\/parolesdhistoire.fr\/index.php\/wp-json\/wp\/v2\/types\/post"}],"author":[{"embeddable":true,"href":"https:\/\/parolesdhistoire.fr\/index.php\/wp-json\/wp\/v2\/users\/1"}],"replies":[{"embeddable":true,"href":"https:\/\/parolesdhistoire.fr\/index.php\/wp-json\/wp\/v2\/comments?post=1810"}],"version-history":[{"count":3,"href":"https:\/\/parolesdhistoire.fr\/index.php\/wp-json\/wp\/v2\/posts\/1810\/revisions"}],"predecessor-version":[{"id":1814,"href":"https:\/\/parolesdhistoire.fr\/index.php\/wp-json\/wp\/v2\/posts\/1810\/revisions\/1814"}],"wp:attachment":[{"href":"https:\/\/parolesdhistoire.fr\/index.php\/wp-json\/wp\/v2\/media?parent=1810"}],"wp:term":[{"taxonomy":"category","embeddable":true,"href":"https:\/\/parolesdhistoire.fr\/index.php\/wp-json\/wp\/v2\/categories?post=1810"},{"taxonomy":"post_tag","embeddable":true,"href":"https:\/\/parolesdhistoire.fr\/index.php\/wp-json\/wp\/v2\/tags?post=1810"}],"curies":[{"name":"wp","href":"https:\/\/api.w.org\/{rel}","templated":true}]}}