{"id":1818,"date":"2021-10-25T03:50:29","date_gmt":"2021-10-25T01:50:29","guid":{"rendered":"http:\/\/parolesdhistoire.fr\/?p=1818"},"modified":"2021-10-23T21:44:41","modified_gmt":"2021-10-23T19:44:41","slug":"217-guedelon-le-chantier-dun-chateau-medieval-avec-emmanuel-gleyze-lhistoire-autrement-7","status":"publish","type":"post","link":"https:\/\/parolesdhistoire.fr\/index.php\/2021\/10\/25\/217-guedelon-le-chantier-dun-chateau-medieval-avec-emmanuel-gleyze-lhistoire-autrement-7\/","title":{"rendered":"218. Gu\u00e9delon, le chantier d\u2019un ch\u00e2teau m\u00e9di\u00e9val, avec Emmanuel Gleyze (l\u2019histoire autrement #7)"},"content":{"rendered":"<iframe loading=\"lazy\" src=\"https:\/\/player.blubrry.com\/?media_url=https%3A%2F%2Fmedia.blubrry.com%2Fparolesdhistoire%2Fcontent.blubrry.com%2Fparolesdhistoire%2F218_guedelon.mp3&amp;modern=1&amp;podcast_link=https%3A%2F%2Fparolesdhistoire.fr%2Findex.php%2F2021%2F10%2F25%2F217-guedelon-le-chantier-dun-chateau-medieval-avec-emmanuel-gleyze-lhistoire-autrement-7%2F#mode-Light&border-000000&progress-000000\" scrolling=\"no\" width=\"100%\" height=\"165\" frameborder=\"0\" id=\"blubrryplayer-1\" class=\"blubrryplayer\" title=\"Blubrry Podcast Player\"><\/iframe><p class=\"powerpress_links powerpress_links_mp3\" style=\"margin-bottom: 1px !important;\">Podcast: <a href=\"https:\/\/media.blubrry.com\/parolesdhistoire\/content.blubrry.com\/parolesdhistoire\/218_guedelon.mp3\" class=\"powerpress_link_pinw\" target=\"_blank\" title=\"Play in new window\" onclick=\"return powerpress_pinw('https:\/\/parolesdhistoire.fr\/?powerpress_pinw=1818-podcast');\" rel=\"nofollow\">Play in new window<\/a> | <a href=\"https:\/\/media.blubrry.com\/parolesdhistoire\/content.blubrry.com\/parolesdhistoire\/218_guedelon.mp3\" class=\"powerpress_link_d\" title=\"Download\" rel=\"nofollow\" download=\"218_guedelon.mp3\">Download<\/a><\/p><p class=\"powerpress_links powerpress_subscribe_links\">S'abonner :  <a href=\"https:\/\/itunes.apple.com\/fr\/podcast\/paroles-dhistoire\/id1376002842?l=en&amp;mt=2&amp;ls=1#episodeGuid=http%3A%2F%2Fparolesdhistoire.fr%2F%3Fp%3D1818\" class=\"powerpress_link_subscribe powerpress_link_subscribe_itunes\" target=\"_blank\" title=\"Subscribe on Apple Podcasts\" rel=\"nofollow\">Apple Podcasts<\/a> | <a href=\"https:\/\/open.spotify.com\/show\/57zBA3htpYUB4MJNhhlDnn\" class=\"powerpress_link_subscribe powerpress_link_subscribe_spotify\" target=\"_blank\" title=\"Subscribe on Spotify\" rel=\"nofollow\">Spotify<\/a> | <a href=\"https:\/\/subscribeonandroid.com\/feeds.audiomeans.fr\/feed\/c3e6abea-2254-416a-b8ef-0619098d0e45.xml\" class=\"powerpress_link_subscribe powerpress_link_subscribe_android\" target=\"_blank\" title=\"Subscribe on Android\" rel=\"nofollow\">Android<\/a> | <a href=\"https:\/\/www.deezer.com\/en\/show\/1000680512\" class=\"powerpress_link_subscribe powerpress_link_subscribe_deezer\" target=\"_blank\" title=\"Subscribe on Deezer\" rel=\"nofollow\">Deezer<\/a> | <a href=\"https:\/\/feeds.audiomeans.fr\/feed\/c3e6abea-2254-416a-b8ef-0619098d0e45.xml\" class=\"powerpress_link_subscribe powerpress_link_subscribe_rss\" target=\"_blank\" title=\"Subscribe via RSS\" rel=\"nofollow\">RSS<\/a> | <a href=\"https:\/\/parolesdhistoire.fr\/index.php\/sabonner\/\" class=\"powerpress_link_subscribe powerpress_link_subscribe_more\" target=\"_blank\" title=\"More\" rel=\"nofollow\">More<\/a><\/p><p><strong>L\u2019invit\u00e9\u00a0:<\/strong> Emmanuel Gleyze, sociologue<\/p>\n<p><em><a href=\"http:\/\/parolesdhistoire.fr\/wp-content\/uploads\/2021\/10\/chateau.jpg\"><img loading=\"lazy\" decoding=\"async\" class=\"aligncenter size-large wp-image-1822\" src=\"http:\/\/parolesdhistoire.fr\/wp-content\/uploads\/2021\/10\/chateau-1024x482.jpg\" alt=\"\" width=\"840\" height=\"395\" srcset=\"https:\/\/parolesdhistoire.fr\/wp-content\/uploads\/2021\/10\/chateau-1024x482.jpg 1024w, https:\/\/parolesdhistoire.fr\/wp-content\/uploads\/2021\/10\/chateau-300x141.jpg 300w, https:\/\/parolesdhistoire.fr\/wp-content\/uploads\/2021\/10\/chateau-768x362.jpg 768w, https:\/\/parolesdhistoire.fr\/wp-content\/uploads\/2021\/10\/chateau-1200x565.jpg 1200w, https:\/\/parolesdhistoire.fr\/wp-content\/uploads\/2021\/10\/chateau.jpg 1793w\" sizes=\"auto, (max-width: 709px) 85vw, (max-width: 909px) 67vw, (max-width: 1362px) 62vw, 840px\" \/><\/a>Le chantier de Gu\u00e9delon, mai 2019 (photo AL)<\/em><\/p>\n<p><strong>Le th\u00e8me\u00a0:<\/strong> le chantier du ch\u00e2teau m\u00e9di\u00e9val de Gu\u00e9delon<\/p>\n<p><strong>La discussion\u00a0:<\/strong><\/p>\n<ul>\n<li>Le projet de Gu\u00e9delon et son originalit\u00e9 (1:10)<\/li>\n<li>Un chantier qui a consid\u00e9rablement avanc\u00e9 en plus de vingt ans (2:45)<\/li>\n<li>Michel Guyot, le cr\u00e9ateur du projet (3:45)<\/li>\n<li>Un projet en partie inspir\u00e9 de celui de la fr\u00e9gate <em>L\u2019Hermione<\/em> (6:40)<\/li>\n<li>Un ch\u00e2teau inscrit dans une temporalit\u00e9 plausible, dans la premi\u00e8re moiti\u00e9 du XIIIe si\u00e8cle (8:30), avec une architecture \u00ab\u00a0philippienne\u00a0\u00bb (10:30)<\/li>\n<li>Un projet de recherche centr\u00e9 sur le rapport entre hommes et mati\u00e8re (12:00), avec l\u2019id\u00e9e que le travail de la pierre transforme les individus\u00a0(15:00)<\/li>\n<li>Le refus des outils modernes \u00e0 Gu\u00e9delon (17:00), un lieu qui ne se limite pas au ch\u00e2teau (18:30)<\/li>\n<li>L\u2019arch\u00e9ologie exp\u00e9rimentale \u00e0 Gu\u00e9delon (20:40)<\/li>\n<li>Rep\u00e9rer des \u00ab\u00a0repentirs\u00a0\u00bb de la construction (23:20), faire de la chaux comme au Moyen \u00e2ge (25:00)<\/li>\n<li>Les ambigu\u00eft\u00e9s de Gu\u00e9delon dans le rapport au pass\u00e9 et \u00e0 l\u2019\u00ab\u00a0authenticit\u00e9\u00a0\u00bb (29:00), suscitant des controverses ou oppositions (32:00)<\/li>\n<li>Les \u00e9carts dans les techniques ou le droit avec le XIIIe si\u00e8cle (33:30)<\/li>\n<li>Un chantier associatif devenu soci\u00e9t\u00e9 anonyme, suscitant d\u2019autres tensions ou ambigu\u00eft\u00e9s (35:20)<\/li>\n<li>Quels prolongements de Gu\u00e9delon, sur place et ailleurs (39:00)\u00a0?<\/li>\n<li>Quel rapport au Moyen \u00e2ge pour les acteurs de Gu\u00e9delon\u00a0? (43:00)<\/li>\n<li>Qui est le seigneur de Gu\u00e9delon ? (44:30)<\/li>\n<\/ul>\n","protected":false},"excerpt":{"rendered":"<p>L\u2019invit\u00e9\u00a0: Emmanuel Gleyze, sociologue Le chantier de Gu\u00e9delon, mai 2019 (photo AL) Le th\u00e8me\u00a0: le chantier du ch\u00e2teau m\u00e9di\u00e9val de Gu\u00e9delon La discussion\u00a0: Le projet de Gu\u00e9delon et son originalit\u00e9 (1:10) Un chantier qui a consid\u00e9rablement avanc\u00e9 en plus de vingt ans (2:45) Michel Guyot, le cr\u00e9ateur du projet (3:45) Un projet en partie inspir\u00e9 &hellip; <a href=\"https:\/\/parolesdhistoire.fr\/index.php\/2021\/10\/25\/217-guedelon-le-chantier-dun-chateau-medieval-avec-emmanuel-gleyze-lhistoire-autrement-7\/\" class=\"more-link\">Continue reading<span class=\"screen-reader-text\"> &#8220;218. Gu\u00e9delon, le chantier d\u2019un ch\u00e2teau m\u00e9di\u00e9val, avec Emmanuel Gleyze (l\u2019histoire autrement #7)&#8221;<\/span><\/a><\/p>\n","protected":false},"author":1,"featured_media":0,"comment_status":"open","ping_status":"open","sticky":false,"template":"","format":"standard","meta":{"footnotes":""},"categories":[1],"tags":[176,54,240,84],"class_list":["post-1818","post","type-post","status-publish","format-standard","hentry","category-non-classe","tag-architecture","tag-histoire-medievale","tag-lhistoire-autrement","tag-medievalisme"],"_links":{"self":[{"href":"https:\/\/parolesdhistoire.fr\/index.php\/wp-json\/wp\/v2\/posts\/1818","targetHints":{"allow":["GET"]}}],"collection":[{"href":"https:\/\/parolesdhistoire.fr\/index.php\/wp-json\/wp\/v2\/posts"}],"about":[{"href":"https:\/\/parolesdhistoire.fr\/index.php\/wp-json\/wp\/v2\/types\/post"}],"author":[{"embeddable":true,"href":"https:\/\/parolesdhistoire.fr\/index.php\/wp-json\/wp\/v2\/users\/1"}],"replies":[{"embeddable":true,"href":"https:\/\/parolesdhistoire.fr\/index.php\/wp-json\/wp\/v2\/comments?post=1818"}],"version-history":[{"count":5,"href":"https:\/\/parolesdhistoire.fr\/index.php\/wp-json\/wp\/v2\/posts\/1818\/revisions"}],"predecessor-version":[{"id":1824,"href":"https:\/\/parolesdhistoire.fr\/index.php\/wp-json\/wp\/v2\/posts\/1818\/revisions\/1824"}],"wp:attachment":[{"href":"https:\/\/parolesdhistoire.fr\/index.php\/wp-json\/wp\/v2\/media?parent=1818"}],"wp:term":[{"taxonomy":"category","embeddable":true,"href":"https:\/\/parolesdhistoire.fr\/index.php\/wp-json\/wp\/v2\/categories?post=1818"},{"taxonomy":"post_tag","embeddable":true,"href":"https:\/\/parolesdhistoire.fr\/index.php\/wp-json\/wp\/v2\/tags?post=1818"}],"curies":[{"name":"wp","href":"https:\/\/api.w.org\/{rel}","templated":true}]}}