{"id":1889,"date":"2021-12-20T03:09:32","date_gmt":"2021-12-20T02:09:32","guid":{"rendered":"http:\/\/parolesdhistoire.fr\/?p=1889"},"modified":"2021-12-20T00:25:21","modified_gmt":"2021-12-19T23:25:21","slug":"229-coups-de-coeur-et-conseils-2021","status":"publish","type":"post","link":"https:\/\/parolesdhistoire.fr\/index.php\/2021\/12\/20\/229-coups-de-coeur-et-conseils-2021\/","title":{"rendered":"229. Coups de coeur et conseils 2021"},"content":{"rendered":"<iframe loading=\"lazy\" src=\"https:\/\/player.blubrry.com\/?media_url=https%3A%2F%2Fmedia.blubrry.com%2Fparolesdhistoire%2Fcontent.blubrry.com%2Fparolesdhistoire%2F229_conseils.mp3&amp;modern=1&amp;podcast_link=https%3A%2F%2Fparolesdhistoire.fr%2Findex.php%2F2021%2F12%2F20%2F229-coups-de-coeur-et-conseils-2021%2F#mode-Light&border-000000&progress-000000\" scrolling=\"no\" width=\"100%\" height=\"165\" frameborder=\"0\" id=\"blubrryplayer-1\" class=\"blubrryplayer\" title=\"Blubrry Podcast Player\"><\/iframe><p class=\"powerpress_links powerpress_links_mp3\" style=\"margin-bottom: 1px !important;\">Podcast: <a href=\"https:\/\/media.blubrry.com\/parolesdhistoire\/content.blubrry.com\/parolesdhistoire\/229_conseils.mp3\" class=\"powerpress_link_pinw\" target=\"_blank\" title=\"Play in new window\" onclick=\"return powerpress_pinw('https:\/\/parolesdhistoire.fr\/?powerpress_pinw=1889-podcast');\" rel=\"nofollow\">Play in new window<\/a> | <a href=\"https:\/\/media.blubrry.com\/parolesdhistoire\/content.blubrry.com\/parolesdhistoire\/229_conseils.mp3\" class=\"powerpress_link_d\" title=\"Download\" rel=\"nofollow\" download=\"229_conseils.mp3\">Download<\/a><\/p><p class=\"powerpress_links powerpress_subscribe_links\">S'abonner :  <a href=\"https:\/\/itunes.apple.com\/fr\/podcast\/paroles-dhistoire\/id1376002842?l=en&amp;mt=2&amp;ls=1#episodeGuid=http%3A%2F%2Fparolesdhistoire.fr%2F%3Fp%3D1889\" class=\"powerpress_link_subscribe powerpress_link_subscribe_itunes\" target=\"_blank\" title=\"Subscribe on Apple Podcasts\" rel=\"nofollow\">Apple Podcasts<\/a> | <a href=\"https:\/\/open.spotify.com\/show\/57zBA3htpYUB4MJNhhlDnn\" class=\"powerpress_link_subscribe powerpress_link_subscribe_spotify\" target=\"_blank\" title=\"Subscribe on Spotify\" rel=\"nofollow\">Spotify<\/a> | <a href=\"https:\/\/subscribeonandroid.com\/feeds.audiomeans.fr\/feed\/c3e6abea-2254-416a-b8ef-0619098d0e45.xml\" class=\"powerpress_link_subscribe powerpress_link_subscribe_android\" target=\"_blank\" title=\"Subscribe on Android\" rel=\"nofollow\">Android<\/a> | <a href=\"https:\/\/www.deezer.com\/en\/show\/1000680512\" class=\"powerpress_link_subscribe powerpress_link_subscribe_deezer\" target=\"_blank\" title=\"Subscribe on Deezer\" rel=\"nofollow\">Deezer<\/a> | <a href=\"https:\/\/feeds.audiomeans.fr\/feed\/c3e6abea-2254-416a-b8ef-0619098d0e45.xml\" class=\"powerpress_link_subscribe powerpress_link_subscribe_rss\" target=\"_blank\" title=\"Subscribe via RSS\" rel=\"nofollow\">RSS<\/a> | <a href=\"https:\/\/parolesdhistoire.fr\/index.php\/sabonner\/\" class=\"powerpress_link_subscribe powerpress_link_subscribe_more\" target=\"_blank\" title=\"More\" rel=\"nofollow\">More<\/a><\/p><p><strong> Retrouvez les conseil <a href=\"http:\/\/parolesdhistoire.fr\/index.php\/2020\/12\/09\/168-conseils-de-lecture-et-coups-de-coeur-2020\/\">2020<\/a>, <a href=\"http:\/\/parolesdhistoire.fr\/index.php\/2019\/12\/14\/85-conseils-de-lectures-et-coups-de-coeur-2019\/\">2019<\/a> et <a href=\"http:\/\/parolesdhistoire.fr\/index.php\/2018\/12\/15\/34-conseils-de-lectures-et-coups-de-coeur-2018\/\">2018<\/a><\/strong><\/p>\n<p><a href=\"http:\/\/parolesdhistoire.fr\/wp-content\/uploads\/2021\/12\/Capture-3.jpg\"><img loading=\"lazy\" decoding=\"async\" class=\"aligncenter size-full wp-image-1895\" src=\"http:\/\/parolesdhistoire.fr\/wp-content\/uploads\/2021\/12\/Capture-3.jpg\" alt=\"\" width=\"547\" height=\"688\" srcset=\"https:\/\/parolesdhistoire.fr\/wp-content\/uploads\/2021\/12\/Capture-3.jpg 547w, https:\/\/parolesdhistoire.fr\/wp-content\/uploads\/2021\/12\/Capture-3-239x300.jpg 239w\" sizes=\"auto, (max-width: 547px) 85vw, 547px\" \/><\/a><\/p>\n<p><strong>Les conseils de Sophie Laribi Glaudel en histoire antique<\/strong><\/p>\n<ul>\n<li>Fran\u00e7ois Lef\u00e8vre 2021, <em>Histoire antique, histoire ancienne ?<\/em> (Pass\u00e9s Compos\u00e9s)<\/li>\n<li>Corinne Bonnet (dir.) 2021, Noms de Dieux. Portraits de divinit\u00e9s antiques (Anacharsis)<\/li>\n<li>Dossier <a href=\"http:\/\/parolesdhistoire.fr\/index.php\/2021\/02\/01\/1500\/\">&#8220;Des femmes qui comptent : genre et participation sociale en Gr\u00e8ce et \u00e0 Rome&#8221;<\/a> in <em>M\u00e9tis<\/em> N.S. 18 2020<\/li>\n<li>Leslie Beaumont, Matthew Dillon, Nicola Harrington (dir.) 2021, Children in Antiquity : perspectives and experiences of childhood in Ancient Mediterranean (Routledge)<\/li>\n<li>Debby Sneed 2021, &#8220;Disability and Infanticide in Ancient Greece&#8221;, in <em>Hesperia<\/em> 90, p. 747-772.<\/li>\n<\/ul>\n<p><strong>Les conseils de Florian Besson en histoire m\u00e9di\u00e9vale<\/strong><\/p>\n<ul>\n<li>Jo\u00ebl Chandelier, L\u2019occident m\u00e9di\u00e9val (Belin)<\/li>\n<li>Forian Mazel, <em>Nouvelle histoire du Moyen \u00c2ge<\/em> (Seuil)<\/li>\n<li>Didier Lett, <em>Viols d&#8217;enfants au Moyen \u00c2ge: Genre et p\u00e9docriminalit\u00e9 \u00e0 Bologne XIVe-XVe si\u00e8cle<\/em> (PUF)<\/li>\n<li>Sylvie Nony, Violaine Giacomotto-Charra, <em>La Terre plate: G\u00e9n\u00e9alogie d&#8217;une id\u00e9e fausse<\/em> (Les Belles lettres)<\/li>\n<li>Lucie Malbos, <em>Harald \u00e0 la Dent bleue: Viking, roi, chr\u00e9tien<\/em> (f\u00e9vrier 2022, Pass\u00e9s compos\u00e9s)<\/li>\n<li>Claude Gauvard, Jeanne d\u2019Arc, <em>H\u00e9ro\u00efne diffam\u00e9e et martyre<\/em> (f\u00e9vrier 2022, Gallimard)<\/li>\n<\/ul>\n<p><strong>Les conseils de Myriam Deniel Ternant en histoire moderne<\/strong><\/p>\n<ul>\n<li>J\u00e9r\u00e9mie Foa, <a href=\"http:\/\/parolesdhistoire.fr\/index.php\/2021\/09\/02\/209-lordinaire-de-la-saint-barthelemy-avec-jeremie-foa\/\"><em>Tous ceux qui tombent <\/em><\/a>(La d\u00e9couverte)<\/li>\n<li>St\u00e9phane Van Damme, <em>Dans l\u2019absolu<\/em> (histoire dessin\u00e9e de la France)<\/li>\n<li>Jean-Cl\u00e9ment Martin et Julien Peltier, <em>Infographie de la R\u00e9volution fran\u00e7aise<\/em> (Pass\u00e9s compos\u00e9s)<\/li>\n<li>Sylvain Venayre, Pierre Singarav\u00e9lou, <em>Le petit magasin du monde<\/em> (Mille et une nuits)<\/li>\n<\/ul>\n<p><strong>Les conseils de Paul Chopelin en BD historiques<\/strong><\/p>\n<ul>\n<li><em>La Bibliomule de Cordoue<\/em> de Lupano et Chemineau (Dargaud).<\/li>\n<li><em># J&#8217;accuse !<\/em> de Jean Dytar (Delcourt)<\/li>\n<li><em>Sur un air de Fado<\/em> de Nicolas Barral (Dargaud)<\/li>\n<li><em>Sengo<\/em> de Sansuke Yamada (Casterman)<\/li>\n<\/ul>\n<p><strong>Les conseils de J\u00e9r\u00f4me Lamy en histoire contemporaine et sciences sociales<br \/>\n<\/strong><\/p>\n<ul>\n<li>Corinne Marache, <em>Les petites villes et le monde agricole<\/em> (France XIXe si\u00e8cle) (PUR)<\/li>\n<li>Margot Lyautey , L\u00e9na Humnart, Christophe Bonneuil, <em>Histoire des modernisations agricoles au XXe si\u00e8cle<\/em> (PUR)<\/li>\n<li>Vincent Genin, <em>Avec Marcel Detienne<\/em> (Labor et Fides)<\/li>\n<li>Philippe Descola, <em>Les formes du visible une anthropologie de la figuration<\/em> (Le Seuil),<\/li>\n<\/ul>\n<p><strong>Les conseils d\u2019Andr\u00e9 Loez pour Paroles d\u2019histoire<\/strong><\/p>\n<ul>\n<li>Chris Wickham, <em>Somnambules d&#8217;un nouveau monde<\/em> (Zones sensibles)<\/li>\n<li>Rapha\u00ebl Meltz, Louise Moaty, Simon Roussin, <em>Des Vivants: Le r\u00e9seau du mus\u00e9e de l&#8217;Homme, 1940-42<\/em> (\u00e9ditions 2024)<\/li>\n<li>Christophe Charle, <em>Paris, \u00ab\u00a0capitales\u00a0\u00bb du XIXe si\u00e8cle <\/em>(Seuil)<\/li>\n<li>Claire Andrieu, <a href=\"http:\/\/parolesdhistoire.fr\/index.php\/2021\/04\/19\/191-le-sort-des-aviateurs-abattus-dans-la-seconde-guerre-mondiale-avec-claire-andrieu\/\"><em>Tomb\u00e9s du ciel<\/em> <\/a>(Tallandier)<\/li>\n<\/ul>\n","protected":false},"excerpt":{"rendered":"<p>Retrouvez les conseil 2020, 2019 et 2018 Les conseils de Sophie Laribi Glaudel en histoire antique Fran\u00e7ois Lef\u00e8vre 2021, Histoire antique, histoire ancienne ? (Pass\u00e9s Compos\u00e9s) Corinne Bonnet (dir.) 2021, Noms de Dieux. Portraits de divinit\u00e9s antiques (Anacharsis) Dossier &#8220;Des femmes qui comptent : genre et participation sociale en Gr\u00e8ce et \u00e0 Rome&#8221; in M\u00e9tis &hellip; <a href=\"https:\/\/parolesdhistoire.fr\/index.php\/2021\/12\/20\/229-coups-de-coeur-et-conseils-2021\/\" class=\"more-link\">Continue reading<span class=\"screen-reader-text\"> &#8220;229. Coups de coeur et conseils 2021&#8221;<\/span><\/a><\/p>\n","protected":false},"author":1,"featured_media":0,"comment_status":"open","ping_status":"open","sticky":false,"template":"","format":"standard","meta":{"footnotes":""},"categories":[1],"tags":[219],"class_list":["post-1889","post","type-post","status-publish","format-standard","hentry","category-non-classe","tag-conseils"],"_links":{"self":[{"href":"https:\/\/parolesdhistoire.fr\/index.php\/wp-json\/wp\/v2\/posts\/1889","targetHints":{"allow":["GET"]}}],"collection":[{"href":"https:\/\/parolesdhistoire.fr\/index.php\/wp-json\/wp\/v2\/posts"}],"about":[{"href":"https:\/\/parolesdhistoire.fr\/index.php\/wp-json\/wp\/v2\/types\/post"}],"author":[{"embeddable":true,"href":"https:\/\/parolesdhistoire.fr\/index.php\/wp-json\/wp\/v2\/users\/1"}],"replies":[{"embeddable":true,"href":"https:\/\/parolesdhistoire.fr\/index.php\/wp-json\/wp\/v2\/comments?post=1889"}],"version-history":[{"count":6,"href":"https:\/\/parolesdhistoire.fr\/index.php\/wp-json\/wp\/v2\/posts\/1889\/revisions"}],"predecessor-version":[{"id":1896,"href":"https:\/\/parolesdhistoire.fr\/index.php\/wp-json\/wp\/v2\/posts\/1889\/revisions\/1896"}],"wp:attachment":[{"href":"https:\/\/parolesdhistoire.fr\/index.php\/wp-json\/wp\/v2\/media?parent=1889"}],"wp:term":[{"taxonomy":"category","embeddable":true,"href":"https:\/\/parolesdhistoire.fr\/index.php\/wp-json\/wp\/v2\/categories?post=1889"},{"taxonomy":"post_tag","embeddable":true,"href":"https:\/\/parolesdhistoire.fr\/index.php\/wp-json\/wp\/v2\/tags?post=1889"}],"curies":[{"name":"wp","href":"https:\/\/api.w.org\/{rel}","templated":true}]}}