{"id":1904,"date":"2022-01-11T03:39:35","date_gmt":"2022-01-11T02:39:35","guid":{"rendered":"http:\/\/parolesdhistoire.fr\/?p=1904"},"modified":"2022-01-10T23:42:19","modified_gmt":"2022-01-10T22:42:19","slug":"231-1962-en-algerie-avec-malika-rahal","status":"publish","type":"post","link":"https:\/\/parolesdhistoire.fr\/index.php\/2022\/01\/11\/231-1962-en-algerie-avec-malika-rahal\/","title":{"rendered":"231. L&#8217;ann\u00e9e 1962 en Alg\u00e9rie, avec Malika Rahal"},"content":{"rendered":"<iframe loading=\"lazy\" src=\"https:\/\/player.blubrry.com\/?media_url=https%3A%2F%2Fmedia.blubrry.com%2Fparolesdhistoire%2Fcontent.blubrry.com%2Fparolesdhistoire%2F231_algerie_rahal.mp3&amp;modern=1&amp;podcast_link=https%3A%2F%2Fparolesdhistoire.fr%2Findex.php%2F2022%2F01%2F11%2F231-1962-en-algerie-avec-malika-rahal%2F#mode-Light&border-000000&progress-000000\" scrolling=\"no\" width=\"100%\" height=\"165\" frameborder=\"0\" id=\"blubrryplayer-1\" class=\"blubrryplayer\" title=\"Blubrry Podcast Player\"><\/iframe><p class=\"powerpress_links powerpress_links_mp3\" style=\"margin-bottom: 1px !important;\">Podcast: <a href=\"https:\/\/media.blubrry.com\/parolesdhistoire\/content.blubrry.com\/parolesdhistoire\/231_algerie_rahal.mp3\" class=\"powerpress_link_pinw\" target=\"_blank\" title=\"Play in new window\" onclick=\"return powerpress_pinw('https:\/\/parolesdhistoire.fr\/?powerpress_pinw=1904-podcast');\" rel=\"nofollow\">Play in new window<\/a> | <a href=\"https:\/\/media.blubrry.com\/parolesdhistoire\/content.blubrry.com\/parolesdhistoire\/231_algerie_rahal.mp3\" class=\"powerpress_link_d\" title=\"Download\" rel=\"nofollow\" download=\"231_algerie_rahal.mp3\">Download<\/a><\/p><p class=\"powerpress_links powerpress_subscribe_links\">S'abonner :  <a href=\"https:\/\/itunes.apple.com\/fr\/podcast\/paroles-dhistoire\/id1376002842?l=en&amp;mt=2&amp;ls=1#episodeGuid=http%3A%2F%2Fparolesdhistoire.fr%2F%3Fp%3D1904\" class=\"powerpress_link_subscribe powerpress_link_subscribe_itunes\" target=\"_blank\" title=\"Subscribe on Apple Podcasts\" rel=\"nofollow\">Apple Podcasts<\/a> | <a href=\"https:\/\/open.spotify.com\/show\/57zBA3htpYUB4MJNhhlDnn\" class=\"powerpress_link_subscribe powerpress_link_subscribe_spotify\" target=\"_blank\" title=\"Subscribe on Spotify\" rel=\"nofollow\">Spotify<\/a> | <a href=\"https:\/\/subscribeonandroid.com\/feeds.audiomeans.fr\/feed\/c3e6abea-2254-416a-b8ef-0619098d0e45.xml\" class=\"powerpress_link_subscribe powerpress_link_subscribe_android\" target=\"_blank\" title=\"Subscribe on Android\" rel=\"nofollow\">Android<\/a> | <a href=\"https:\/\/www.deezer.com\/en\/show\/1000680512\" class=\"powerpress_link_subscribe powerpress_link_subscribe_deezer\" target=\"_blank\" title=\"Subscribe on Deezer\" rel=\"nofollow\">Deezer<\/a> | <a href=\"https:\/\/feeds.audiomeans.fr\/feed\/c3e6abea-2254-416a-b8ef-0619098d0e45.xml\" class=\"powerpress_link_subscribe powerpress_link_subscribe_rss\" target=\"_blank\" title=\"Subscribe via RSS\" rel=\"nofollow\">RSS<\/a> | <a href=\"https:\/\/parolesdhistoire.fr\/index.php\/sabonner\/\" class=\"powerpress_link_subscribe powerpress_link_subscribe_more\" target=\"_blank\" title=\"More\" rel=\"nofollow\">More<\/a><\/p><p><strong>L&#8217;invit\u00e9e:<\/strong> Malika Rahal, charg\u00e9e de recherche au CNRS<a href=\"http:\/\/parolesdhistoire.fr\/wp-content\/uploads\/2022\/01\/9782348073038.jpg\"><img loading=\"lazy\" decoding=\"async\" class=\"aligncenter wp-image-1905 size-medium\" src=\"http:\/\/parolesdhistoire.fr\/wp-content\/uploads\/2022\/01\/9782348073038-192x300.jpg\" alt=\"\" width=\"192\" height=\"300\" srcset=\"https:\/\/parolesdhistoire.fr\/wp-content\/uploads\/2022\/01\/9782348073038-192x300.jpg 192w, https:\/\/parolesdhistoire.fr\/wp-content\/uploads\/2022\/01\/9782348073038-768x1197.jpg 768w, https:\/\/parolesdhistoire.fr\/wp-content\/uploads\/2022\/01\/9782348073038-657x1024.jpg 657w, https:\/\/parolesdhistoire.fr\/wp-content\/uploads\/2022\/01\/9782348073038.jpg 800w\" sizes=\"auto, (max-width: 192px) 85vw, 192px\" \/><\/a><strong>Le livre:<\/strong> <em>Alg\u00e9rie 1962. Une histoire populaire<\/em>, Paris, La d\u00e9couverte, 2022.<\/p>\n<p>La discussion:<\/p>\n<ul>\n<li>Quel sens a le terme d\u2019histoire \u00ab\u00a0populaire\u00a0\u00bb appliqu\u00e9e \u00e0 l\u2019Alg\u00e9rie en 1962\u00a0? (1:00)<\/li>\n<li>L\u2019historiographie insatisfaisante du cinquantenaire (3:00)<\/li>\n<li>La part personnelle du projet (4:30)<\/li>\n<li>Ce que disent les entretiens sur l\u2019ann\u00e9e 1962 (7:15)<\/li>\n<li>Le type d\u2019archives mobilis\u00e9es (11:30)<\/li>\n<li>Comment \u00e9quilibrer le r\u00e9cit entre les diff\u00e9rents acteurs en cette fin de guerre\u00a0? (16:00)<\/li>\n<li>Les diff\u00e9rentes temporalit\u00e9s de l\u2019ann\u00e9e 1962 (19:40)<\/li>\n<li>Les outils de la comparaison et de l\u2019histoire des guerres contemporaines appliqu\u00e9es \u00e0 la guerre d\u2019ind\u00e9pendance alg\u00e9rienne (23:15)<\/li>\n<li>Conflits, tensions ou malentendus parmi les Alg\u00e9riens (28:00)<\/li>\n<li>L\u2019\u00e9mergence d\u2019un nouveau pouvoir et les rapports pas seulement d\u2019affrontement avec les Fran\u00e7ais d\u2019Alg\u00e9rie (31:45)<\/li>\n<li>Des possibles et des espaces qui s\u2019ouvrent pour les Alg\u00e9riens, acteurs d\u2019une liesse r\u00e9volutionnaire (37:00)<\/li>\n<li>Les craintes des dirigeants alg\u00e9riens d\u2019un sc\u00e9nario catastrophe au moment de l\u2019ind\u00e9pendance\u00a0: partition, famine, maintien de la lutte contre l\u2019OAS\u2026 (41:40)<\/li>\n<li>Les slogans de l\u2019ind\u00e9pendance (46:00)<\/li>\n<li>Les regards port\u00e9s aujourd\u2019hui en Alg\u00e9rie sur 1962 (51:25)<\/li>\n<li>Quelles perspectives pour les comm\u00e9morations\u00a0? (56\u00a0:20)<\/li>\n<\/ul>\n<p><strong>Le conseil de visionnage: <\/strong><a href=\"https:\/\/www.youtube.com\/watch?v=jqM8-DUJ108\">Comme la pierre est \u00e0 la pierre<\/a> (film de 1962)<strong><br \/>\n<\/strong><\/p>\n<p>&nbsp;<\/p>\n","protected":false},"excerpt":{"rendered":"<p>L&#8217;invit\u00e9e: Malika Rahal, charg\u00e9e de recherche au CNRSLe livre: Alg\u00e9rie 1962. Une histoire populaire, Paris, La d\u00e9couverte, 2022. La discussion: Quel sens a le terme d\u2019histoire \u00ab\u00a0populaire\u00a0\u00bb appliqu\u00e9e \u00e0 l\u2019Alg\u00e9rie en 1962\u00a0? (1:00) L\u2019historiographie insatisfaisante du cinquantenaire (3:00) La part personnelle du projet (4:30) Ce que disent les entretiens sur l\u2019ann\u00e9e 1962 (7:15) Le type &hellip; <a href=\"https:\/\/parolesdhistoire.fr\/index.php\/2022\/01\/11\/231-1962-en-algerie-avec-malika-rahal\/\" class=\"more-link\">Continue reading<span class=\"screen-reader-text\"> &#8220;231. L&#8217;ann\u00e9e 1962 en Alg\u00e9rie, avec Malika Rahal&#8221;<\/span><\/a><\/p>\n","protected":false},"author":1,"featured_media":0,"comment_status":"open","ping_status":"open","sticky":false,"template":"","format":"standard","meta":{"footnotes":""},"categories":[4],"tags":[11,12,147,17],"class_list":["post-1904","post","type-post","status-publish","format-standard","hentry","category-parution","tag-algerie","tag-colonisation","tag-decolonisation","tag-guerre"],"_links":{"self":[{"href":"https:\/\/parolesdhistoire.fr\/index.php\/wp-json\/wp\/v2\/posts\/1904","targetHints":{"allow":["GET"]}}],"collection":[{"href":"https:\/\/parolesdhistoire.fr\/index.php\/wp-json\/wp\/v2\/posts"}],"about":[{"href":"https:\/\/parolesdhistoire.fr\/index.php\/wp-json\/wp\/v2\/types\/post"}],"author":[{"embeddable":true,"href":"https:\/\/parolesdhistoire.fr\/index.php\/wp-json\/wp\/v2\/users\/1"}],"replies":[{"embeddable":true,"href":"https:\/\/parolesdhistoire.fr\/index.php\/wp-json\/wp\/v2\/comments?post=1904"}],"version-history":[{"count":4,"href":"https:\/\/parolesdhistoire.fr\/index.php\/wp-json\/wp\/v2\/posts\/1904\/revisions"}],"predecessor-version":[{"id":1909,"href":"https:\/\/parolesdhistoire.fr\/index.php\/wp-json\/wp\/v2\/posts\/1904\/revisions\/1909"}],"wp:attachment":[{"href":"https:\/\/parolesdhistoire.fr\/index.php\/wp-json\/wp\/v2\/media?parent=1904"}],"wp:term":[{"taxonomy":"category","embeddable":true,"href":"https:\/\/parolesdhistoire.fr\/index.php\/wp-json\/wp\/v2\/categories?post=1904"},{"taxonomy":"post_tag","embeddable":true,"href":"https:\/\/parolesdhistoire.fr\/index.php\/wp-json\/wp\/v2\/tags?post=1904"}],"curies":[{"name":"wp","href":"https:\/\/api.w.org\/{rel}","templated":true}]}}