{"id":1935,"date":"2022-02-20T22:56:20","date_gmt":"2022-02-20T21:56:20","guid":{"rendered":"http:\/\/parolesdhistoire.fr\/?p=1935"},"modified":"2022-02-21T10:06:36","modified_gmt":"2022-02-21T09:06:36","slug":"236-histoires-dasie-centrale-avec-cloe-drieu","status":"publish","type":"post","link":"https:\/\/parolesdhistoire.fr\/index.php\/2022\/02\/20\/236-histoires-dasie-centrale-avec-cloe-drieu\/","title":{"rendered":"236. Histoires d&#8217;Asie centrale, avec Clo\u00e9 Drieu"},"content":{"rendered":"<iframe loading=\"lazy\" src=\"https:\/\/player.blubrry.com\/?media_url=https%3A%2F%2Fmedia.blubrry.com%2Fparolesdhistoire%2Fcontent.blubrry.com%2Fparolesdhistoire%2F236_cloedrieu_asiecentrale.mp3&amp;modern=1&amp;podcast_link=https%3A%2F%2Fparolesdhistoire.fr%2Findex.php%2F2022%2F02%2F20%2F236-histoires-dasie-centrale-avec-cloe-drieu%2F#mode-Light&border-000000&progress-000000\" scrolling=\"no\" width=\"100%\" height=\"165\" frameborder=\"0\" id=\"blubrryplayer-1\" class=\"blubrryplayer\" title=\"Blubrry Podcast Player\"><\/iframe><p class=\"powerpress_links powerpress_links_mp3\" style=\"margin-bottom: 1px !important;\">Podcast: <a href=\"https:\/\/media.blubrry.com\/parolesdhistoire\/content.blubrry.com\/parolesdhistoire\/236_cloedrieu_asiecentrale.mp3\" class=\"powerpress_link_pinw\" target=\"_blank\" title=\"Play in new window\" onclick=\"return powerpress_pinw('https:\/\/parolesdhistoire.fr\/?powerpress_pinw=1935-podcast');\" rel=\"nofollow\">Play in new window<\/a> | <a href=\"https:\/\/media.blubrry.com\/parolesdhistoire\/content.blubrry.com\/parolesdhistoire\/236_cloedrieu_asiecentrale.mp3\" class=\"powerpress_link_d\" title=\"Download\" rel=\"nofollow\" download=\"236_cloedrieu_asiecentrale.mp3\">Download<\/a><\/p><p class=\"powerpress_links powerpress_subscribe_links\">S'abonner :  <a href=\"https:\/\/itunes.apple.com\/fr\/podcast\/paroles-dhistoire\/id1376002842?l=en&amp;mt=2&amp;ls=1#episodeGuid=http%3A%2F%2Fparolesdhistoire.fr%2F%3Fp%3D1935\" class=\"powerpress_link_subscribe powerpress_link_subscribe_itunes\" target=\"_blank\" title=\"Subscribe on Apple Podcasts\" rel=\"nofollow\">Apple Podcasts<\/a> | <a href=\"https:\/\/open.spotify.com\/show\/57zBA3htpYUB4MJNhhlDnn\" class=\"powerpress_link_subscribe powerpress_link_subscribe_spotify\" target=\"_blank\" title=\"Subscribe on Spotify\" rel=\"nofollow\">Spotify<\/a> | <a href=\"https:\/\/subscribeonandroid.com\/feeds.audiomeans.fr\/feed\/c3e6abea-2254-416a-b8ef-0619098d0e45.xml\" class=\"powerpress_link_subscribe powerpress_link_subscribe_android\" target=\"_blank\" title=\"Subscribe on Android\" rel=\"nofollow\">Android<\/a> | <a href=\"https:\/\/www.deezer.com\/en\/show\/1000680512\" class=\"powerpress_link_subscribe powerpress_link_subscribe_deezer\" target=\"_blank\" title=\"Subscribe on Deezer\" rel=\"nofollow\">Deezer<\/a> | <a href=\"https:\/\/feeds.audiomeans.fr\/feed\/c3e6abea-2254-416a-b8ef-0619098d0e45.xml\" class=\"powerpress_link_subscribe powerpress_link_subscribe_rss\" target=\"_blank\" title=\"Subscribe via RSS\" rel=\"nofollow\">RSS<\/a> | <a href=\"https:\/\/parolesdhistoire.fr\/index.php\/sabonner\/\" class=\"powerpress_link_subscribe powerpress_link_subscribe_more\" target=\"_blank\" title=\"More\" rel=\"nofollow\">More<\/a><\/p><p><strong>L\u2019invit\u00e9e\u00a0:<\/strong> Clo\u00e9 Drieu, historienne, sp\u00e9cialiste de l\u2019Asie centrale, membre du laboratoire CETOBAC<\/p>\n<p><a href=\"http:\/\/parolesdhistoire.fr\/wp-content\/uploads\/2022\/02\/khan..jpg\"><img loading=\"lazy\" decoding=\"async\" class=\"aligncenter size-full wp-image-1936\" src=\"http:\/\/parolesdhistoire.fr\/wp-content\/uploads\/2022\/02\/khan..jpg\" alt=\"\" width=\"963\" height=\"787\" srcset=\"https:\/\/parolesdhistoire.fr\/wp-content\/uploads\/2022\/02\/khan..jpg 963w, https:\/\/parolesdhistoire.fr\/wp-content\/uploads\/2022\/02\/khan.-300x245.jpg 300w, https:\/\/parolesdhistoire.fr\/wp-content\/uploads\/2022\/02\/khan.-768x628.jpg 768w\" sizes=\"auto, (max-width: 709px) 85vw, (max-width: 909px) 67vw, (max-width: 1362px) 62vw, 840px\" \/><\/a><em>Mohammed Alim Khan (1880-1944), dernier \u00e9mir du Boukhara, photo de <a href=\"https:\/\/www.loc.gov\/collections\/prokudin-gorskii\/\">Prokhoudine-Gorski<\/a>.<\/em><\/p>\n<p><strong>La discussion\u00a0:<\/strong><\/p>\n<ul>\n<li>Introduction (00:00)<\/li>\n<li>Les origines d\u2019un travail d\u2019historienne sur l\u2019Asie centrale (2:00)<\/li>\n<li>Les archives des ex-R\u00e9publiques sovi\u00e9tiques (5:00)<\/li>\n<li>Pourquoi un int\u00e9r\u00eat sur le cin\u00e9ma sovi\u00e9tique ? (11:00)<\/li>\n<li>La tension entre communisme et nationalit\u00e9 dans l\u2019Ouzb\u00e9kistan de l\u2019entre-deux-guerres (14:00)<\/li>\n<li>L\u2019Asie centrale, p\u00e9riph\u00e9rie imp\u00e9riale russe puis sovi\u00e9tique (16:00)<\/li>\n<li>Les d\u00e9coupages territoriaux et les constructions nationales de la r\u00e9gion (19:40)<\/li>\n<li>Des espaces de confrontation entre tradition et modernisation, autour du statut des femmes et du voile en particulier (22:00)<\/li>\n<li>La grande r\u00e9volte de 1916 et ses enjeux (26:00)<\/li>\n<li>L\u2019intervention sovi\u00e9tique en Afghanistan et ses m\u00e9moires (34:00)<\/li>\n<li>Des croisements entre histoire sovi\u00e9tique et histoire coloniale ? (36:00)<\/li>\n<li>Le t\u00e9lescopage entre histoire et pr\u00e9sent avec les politiques criminelles men\u00e9es contre les Ou\u00efghours (38:45)<\/li>\n<\/ul>\n<p><strong>R\u00e9f\u00e9rences \u00e9voqu\u00e9es durant l\u2019\u00e9mission\u00a0: <\/strong><\/p>\n<ul>\n<li><a href=\"https:\/\/www.cairn.info\/publications-de-Clo%C3%A9-Drieu--125076.htm\">Articles<\/a> de Clo\u00e9 Drieu<\/li>\n<li>Francine Hirsch, \u00ab Toward an Empire of Nations: Border-Making and the Formation of Soviet National Identities \u00bb, <em>The Russian Review<\/em>,\u00a0 59-2, 2000, p. 201\u2011226<\/li>\n<li>\n<div>Francine Hirsch, <em>Empire of Nations. Ethnographic Knowledge and the Making of the Soviet Union<\/em>. Ithaca-London, Cornell University Press, 2005, 367\u00a0p., bibl., index, ill., cartes.<\/div>\n<\/li>\n<li>\n<div>Terry Martin, <em>The Affirmative Action Empire: Nations and Nationalism in the USSR, 1923\u20131939<\/em> (Cornell UP, 2001)<\/div>\n<\/li>\n<li>\n<div>Arne Haugen, <em>The Establishment of National Republics in Soviet Central Asia<\/em>, New York, Palgrave Macmillan, 2003, 280 p.<\/div>\n<\/li>\n<li>\n<div>Adrienne Edgard,<em> Tribal Nation: The Making of Soviet Turkmenistan <\/em>(Princeton: Princeton University Press, 2004, paperback edition 2007).<\/div>\n<\/li>\n<li>\n<div>Yuri Slezkine : <a href=\"https:\/\/www.jstor.org\/stable\/2501300\" target=\"_blank\" rel=\"noopener noreferrer\" data-saferedirecturl=\"https:\/\/www.google.com\/url?q=https:\/\/www.jstor.org\/stable\/2501300&amp;source=gmail&amp;ust=1645518589509000&amp;usg=AOvVaw3WMHP2h6_34FU6FWd2T7Ha\">https:\/\/www.jstor.org\/stable\/<wbr \/>2501300<\/a><\/div>\n<div><\/div>\n<\/li>\n<li>\n<div>Adeeb Khalid : <a href=\"https:\/\/www.carleton.edu\/directory\/akhalid\/\" target=\"_blank\" rel=\"noopener noreferrer\" data-saferedirecturl=\"https:\/\/www.google.com\/url?q=https:\/\/www.carleton.edu\/directory\/akhalid\/&amp;source=gmail&amp;ust=1645518589509000&amp;usg=AOvVaw3y9cYKmAVWQjvn77NBHQEW\">https:\/\/www.carleton.edu\/<wbr \/>directory\/akhalid\/<\/a><\/div>\n<\/li>\n<li>La fianc\u00e9e de l\u2019ichan (1931)<\/li>\n<li>Liao Yiwu, <em>Dans l\u2019Empire des t\u00e9n\u00e8bres<\/em>, Paris, Globe, 2019.<\/li>\n<li><a href=\"https:\/\/uyghurtribunal.com\/\">Tribunal Ouighour<\/a>, dot\u00e9 de sa <a href=\"https:\/\/www.youtube.com\/channel\/UCt4uc8LsgxsTDK_0dChZm5A\">chaine YouTube<\/a><\/li>\n<li><a href=\"http:\/\/www.uzbekjourneys.com\/2014\/11\/propoganda-posters-of-soviet-east-1918.html\">Affiches de propagande<\/a> d\u2019Ouzb\u00e9kistan sovi\u00e9tique<\/li>\n<\/ul>\n<p>&nbsp;<\/p>\n","protected":false},"excerpt":{"rendered":"<p>L\u2019invit\u00e9e\u00a0: Clo\u00e9 Drieu, historienne, sp\u00e9cialiste de l\u2019Asie centrale, membre du laboratoire CETOBAC Mohammed Alim Khan (1880-1944), dernier \u00e9mir du Boukhara, photo de Prokhoudine-Gorski. La discussion\u00a0: Introduction (00:00) Les origines d\u2019un travail d\u2019historienne sur l\u2019Asie centrale (2:00) Les archives des ex-R\u00e9publiques sovi\u00e9tiques (5:00) Pourquoi un int\u00e9r\u00eat sur le cin\u00e9ma sovi\u00e9tique ? (11:00) La tension entre communisme &hellip; <a href=\"https:\/\/parolesdhistoire.fr\/index.php\/2022\/02\/20\/236-histoires-dasie-centrale-avec-cloe-drieu\/\" class=\"more-link\">Continue reading<span class=\"screen-reader-text\"> &#8220;236. Histoires d&#8217;Asie centrale, avec Clo\u00e9 Drieu&#8221;<\/span><\/a><\/p>\n","protected":false},"author":1,"featured_media":0,"comment_status":"open","ping_status":"open","sticky":false,"template":"","format":"standard","meta":{"footnotes":""},"categories":[1],"tags":[80,26,24,60,23,42],"class_list":["post-1935","post","type-post","status-publish","format-standard","hentry","category-non-classe","tag-archives","tag-asie","tag-chine","tag-communisme","tag-russie-urss","tag-violence"],"_links":{"self":[{"href":"https:\/\/parolesdhistoire.fr\/index.php\/wp-json\/wp\/v2\/posts\/1935","targetHints":{"allow":["GET"]}}],"collection":[{"href":"https:\/\/parolesdhistoire.fr\/index.php\/wp-json\/wp\/v2\/posts"}],"about":[{"href":"https:\/\/parolesdhistoire.fr\/index.php\/wp-json\/wp\/v2\/types\/post"}],"author":[{"embeddable":true,"href":"https:\/\/parolesdhistoire.fr\/index.php\/wp-json\/wp\/v2\/users\/1"}],"replies":[{"embeddable":true,"href":"https:\/\/parolesdhistoire.fr\/index.php\/wp-json\/wp\/v2\/comments?post=1935"}],"version-history":[{"count":3,"href":"https:\/\/parolesdhistoire.fr\/index.php\/wp-json\/wp\/v2\/posts\/1935\/revisions"}],"predecessor-version":[{"id":1939,"href":"https:\/\/parolesdhistoire.fr\/index.php\/wp-json\/wp\/v2\/posts\/1935\/revisions\/1939"}],"wp:attachment":[{"href":"https:\/\/parolesdhistoire.fr\/index.php\/wp-json\/wp\/v2\/media?parent=1935"}],"wp:term":[{"taxonomy":"category","embeddable":true,"href":"https:\/\/parolesdhistoire.fr\/index.php\/wp-json\/wp\/v2\/categories?post=1935"},{"taxonomy":"post_tag","embeddable":true,"href":"https:\/\/parolesdhistoire.fr\/index.php\/wp-json\/wp\/v2\/tags?post=1935"}],"curies":[{"name":"wp","href":"https:\/\/api.w.org\/{rel}","templated":true}]}}