{"id":1947,"date":"2022-03-07T02:07:49","date_gmt":"2022-03-07T01:07:49","guid":{"rendered":"http:\/\/parolesdhistoire.fr\/?p=1947"},"modified":"2022-03-06T17:42:24","modified_gmt":"2022-03-06T16:42:24","slug":"238-chefs-revolutionnaires-avec-david-a-bell","status":"publish","type":"post","link":"https:\/\/parolesdhistoire.fr\/index.php\/2022\/03\/07\/238-chefs-revolutionnaires-avec-david-a-bell\/","title":{"rendered":"238. Chefs r\u00e9volutionnaires, avec David A. Bell"},"content":{"rendered":"<iframe loading=\"lazy\" src=\"https:\/\/player.blubrry.com\/?media_url=https%3A%2F%2Fmedia.blubrry.com%2Fparolesdhistoire%2Fcontent.blubrry.com%2Fparolesdhistoire%2F238_bell_chefs.mp3&amp;modern=1&amp;podcast_link=https%3A%2F%2Fparolesdhistoire.fr%2Findex.php%2F2022%2F03%2F07%2F238-chefs-revolutionnaires-avec-david-a-bell%2F#mode-Light&border-000000&progress-000000\" scrolling=\"no\" width=\"100%\" height=\"165\" frameborder=\"0\" id=\"blubrryplayer-1\" class=\"blubrryplayer\" title=\"Blubrry Podcast Player\"><\/iframe><p class=\"powerpress_links powerpress_links_mp3\" style=\"margin-bottom: 1px !important;\">Podcast: <a href=\"https:\/\/media.blubrry.com\/parolesdhistoire\/content.blubrry.com\/parolesdhistoire\/238_bell_chefs.mp3\" class=\"powerpress_link_pinw\" target=\"_blank\" title=\"Play in new window\" onclick=\"return powerpress_pinw('https:\/\/parolesdhistoire.fr\/?powerpress_pinw=1947-podcast');\" rel=\"nofollow\">Play in new window<\/a> | <a href=\"https:\/\/media.blubrry.com\/parolesdhistoire\/content.blubrry.com\/parolesdhistoire\/238_bell_chefs.mp3\" class=\"powerpress_link_d\" title=\"Download\" rel=\"nofollow\" download=\"238_bell_chefs.mp3\">Download<\/a><\/p><p class=\"powerpress_links powerpress_subscribe_links\">S'abonner :  <a href=\"https:\/\/itunes.apple.com\/fr\/podcast\/paroles-dhistoire\/id1376002842?l=en&amp;mt=2&amp;ls=1#episodeGuid=http%3A%2F%2Fparolesdhistoire.fr%2F%3Fp%3D1947\" class=\"powerpress_link_subscribe powerpress_link_subscribe_itunes\" target=\"_blank\" title=\"Subscribe on Apple Podcasts\" rel=\"nofollow\">Apple Podcasts<\/a> | <a href=\"https:\/\/open.spotify.com\/show\/57zBA3htpYUB4MJNhhlDnn\" class=\"powerpress_link_subscribe powerpress_link_subscribe_spotify\" target=\"_blank\" title=\"Subscribe on Spotify\" rel=\"nofollow\">Spotify<\/a> | <a href=\"https:\/\/subscribeonandroid.com\/feeds.audiomeans.fr\/feed\/c3e6abea-2254-416a-b8ef-0619098d0e45.xml\" class=\"powerpress_link_subscribe powerpress_link_subscribe_android\" target=\"_blank\" title=\"Subscribe on Android\" rel=\"nofollow\">Android<\/a> | <a href=\"https:\/\/www.deezer.com\/en\/show\/1000680512\" class=\"powerpress_link_subscribe powerpress_link_subscribe_deezer\" target=\"_blank\" title=\"Subscribe on Deezer\" rel=\"nofollow\">Deezer<\/a> | <a href=\"https:\/\/feeds.audiomeans.fr\/feed\/c3e6abea-2254-416a-b8ef-0619098d0e45.xml\" class=\"powerpress_link_subscribe powerpress_link_subscribe_rss\" target=\"_blank\" title=\"Subscribe via RSS\" rel=\"nofollow\">RSS<\/a> | <a href=\"https:\/\/parolesdhistoire.fr\/index.php\/sabonner\/\" class=\"powerpress_link_subscribe powerpress_link_subscribe_more\" target=\"_blank\" title=\"More\" rel=\"nofollow\">More<\/a><\/p><p><strong>L\u2019invit\u00e9\u00a0:<\/strong> David A. Bell, professeur \u00e0 l\u2019universit\u00e9 Princeton<\/p>\n<p><a href=\"http:\/\/parolesdhistoire.fr\/wp-content\/uploads\/2022\/03\/9782213718415-001-T.jpeg\"><img loading=\"lazy\" decoding=\"async\" class=\"aligncenter size-full wp-image-1948\" src=\"http:\/\/parolesdhistoire.fr\/wp-content\/uploads\/2022\/03\/9782213718415-001-T.jpeg\" alt=\"\" width=\"340\" height=\"524\" srcset=\"https:\/\/parolesdhistoire.fr\/wp-content\/uploads\/2022\/03\/9782213718415-001-T.jpeg 340w, https:\/\/parolesdhistoire.fr\/wp-content\/uploads\/2022\/03\/9782213718415-001-T-195x300.jpeg 195w\" sizes=\"auto, (max-width: 340px) 85vw, 340px\" \/><\/a><strong>Le livre\u00a0:<\/strong> <em>Le culte des chefs. Charisme et pouvoir \u00e0 l\u2019\u00e2ge des r\u00e9volutions<\/em>, Paris, Fayard, 2022.<\/p>\n<p><strong>La discussion\u00a0:<\/strong><\/p>\n<ul>\n<li>Introduction (00:00)<\/li>\n<li>Pourquoi \u00e9tudier ensemble cinq \u00ab hommes \u00e0 cheval \u00bb de la fin du XVIIIe si\u00e8cle ? (1:20)<\/li>\n<li>Le paradoxe d\u2019hommes autoritaires n\u00e9s de r\u00e9volutions dites d\u00e9mocratiques (4:45)<\/li>\n<li>Pourquoi une conception moderne du charisme \u00e9merge-t-elle dans cette p\u00e9riode ? (10:00)<\/li>\n<li>Un charisme construit et v\u00e9hicul\u00e9 par l\u2019imprim\u00e9 (14:00)<\/li>\n<li>En quoi les conceptions du charisme changent apr\u00e8s 1750 ? (16:00)<\/li>\n<li>Que r\u00f4le joue l\u2019apparence physique dans la construction du charisme ? (19:40)<\/li>\n<li>Le charisme entendu comme une relation entre un chef, un entourage et un public (23 :00), avant tout pour les \u00e9lites lettr\u00e9es ? (24:00)<\/li>\n<li>Quel lien entre s\u00e9cularisation religieuse et culte des chefs ? (26:00)<\/li>\n<li>Un mod\u00e8le de virilit\u00e9 caract\u00e9ristique de la p\u00e9riode (28:40)<\/li>\n<li>Robespierre, contre-exemple de la d\u00e9monstration ? (30:30)<\/li>\n<li>La construction charismatique de Toussaint Louverture compliqu\u00e9e par son origine d\u2019esclave africain (35:05)<\/li>\n<li>Un livre qui permet d\u2019historiciser le ph\u00e9nom\u00e8ne Trump et la politique contemporaine ? (39:20)<\/li>\n<li>Quelle place du \u00ab grand homme \u00bb dans l\u2019historiographie ? (43:15)<\/li>\n<\/ul>\n<p><strong>Les r\u00e9f\u00e9rences cit\u00e9es dans l\u2019\u00e9mission\u00a0:<\/strong><\/p>\n<ul>\n<li><a href=\"https:\/\/networks.h-net.org\/node\/28443\/discussions\/7414147\/h-diplo-roundtable-xxii-31-bell%C2%A0-men-horseback-power-charisma-age\">Table ronde<\/a> de H-Diplo sur le livre de David Bell<\/li>\n<li>Benedict Anderson, <em>L&#8217;imaginaire national. R\u00e9flexions sur l&#8217;origine et l&#8217;essor du nationalisme<\/em>, Paris, La d\u00e9couverte, 2006 [1983]<\/li>\n<li>Robert B. Palmer,<em> The Age of the Democratic Revolution: A Political History of Europe &amp; America, 1760-1800<\/em>, Princeton, Princeton University Press, 1969.<\/li>\n<li>Jean-Claude Monod, <em>Qu&#8217;est-ce qu&#8217;un chef en d\u00e9mocratie ? Politiques du charisme<\/em>, Paris, Seuil, 2012.<\/li>\n<li>Cristina Soriano,<em> Tides of Revolution. Information, Insurgencies, and the Crisis of Colonial Rule in Venezuela<\/em>, Albuquerque, University of New Mexico Press, 2018.<\/li>\n<\/ul>\n<p><strong>Le conseil de lecture\u00a0:<\/strong> Antoine Lilti, <em>Figures publiques. L&#8217;invention de la c\u00e9l\u00e9brit\u00e9, 1750-1850<\/em>, Paris, Fayard, 2014<\/p>\n","protected":false},"excerpt":{"rendered":"<p>L\u2019invit\u00e9\u00a0: David A. Bell, professeur \u00e0 l\u2019universit\u00e9 Princeton Le livre\u00a0: Le culte des chefs. Charisme et pouvoir \u00e0 l\u2019\u00e2ge des r\u00e9volutions, Paris, Fayard, 2022. La discussion\u00a0: Introduction (00:00) Pourquoi \u00e9tudier ensemble cinq \u00ab hommes \u00e0 cheval \u00bb de la fin du XVIIIe si\u00e8cle ? (1:20) Le paradoxe d\u2019hommes autoritaires n\u00e9s de r\u00e9volutions dites d\u00e9mocratiques (4:45) &hellip; <a href=\"https:\/\/parolesdhistoire.fr\/index.php\/2022\/03\/07\/238-chefs-revolutionnaires-avec-david-a-bell\/\" class=\"more-link\">Continue reading<span class=\"screen-reader-text\"> &#8220;238. Chefs r\u00e9volutionnaires, avec David A. Bell&#8221;<\/span><\/a><\/p>\n","protected":false},"author":1,"featured_media":0,"comment_status":"open","ping_status":"open","sticky":false,"template":"","format":"standard","meta":{"footnotes":""},"categories":[1,4],"tags":[118,58,81,57,216,154,36],"class_list":["post-1947","post","type-post","status-publish","format-standard","hentry","category-non-classe","category-parution","tag-ameriques","tag-esclavage","tag-etats-unis","tag-histoire-moderne","tag-napoleon","tag-revolution","tag-revolutions"],"_links":{"self":[{"href":"https:\/\/parolesdhistoire.fr\/index.php\/wp-json\/wp\/v2\/posts\/1947","targetHints":{"allow":["GET"]}}],"collection":[{"href":"https:\/\/parolesdhistoire.fr\/index.php\/wp-json\/wp\/v2\/posts"}],"about":[{"href":"https:\/\/parolesdhistoire.fr\/index.php\/wp-json\/wp\/v2\/types\/post"}],"author":[{"embeddable":true,"href":"https:\/\/parolesdhistoire.fr\/index.php\/wp-json\/wp\/v2\/users\/1"}],"replies":[{"embeddable":true,"href":"https:\/\/parolesdhistoire.fr\/index.php\/wp-json\/wp\/v2\/comments?post=1947"}],"version-history":[{"count":2,"href":"https:\/\/parolesdhistoire.fr\/index.php\/wp-json\/wp\/v2\/posts\/1947\/revisions"}],"predecessor-version":[{"id":1950,"href":"https:\/\/parolesdhistoire.fr\/index.php\/wp-json\/wp\/v2\/posts\/1947\/revisions\/1950"}],"wp:attachment":[{"href":"https:\/\/parolesdhistoire.fr\/index.php\/wp-json\/wp\/v2\/media?parent=1947"}],"wp:term":[{"taxonomy":"category","embeddable":true,"href":"https:\/\/parolesdhistoire.fr\/index.php\/wp-json\/wp\/v2\/categories?post=1947"},{"taxonomy":"post_tag","embeddable":true,"href":"https:\/\/parolesdhistoire.fr\/index.php\/wp-json\/wp\/v2\/tags?post=1947"}],"curies":[{"name":"wp","href":"https:\/\/api.w.org\/{rel}","templated":true}]}}