{"id":1951,"date":"2022-03-08T00:38:45","date_gmt":"2022-03-07T23:38:45","guid":{"rendered":"http:\/\/parolesdhistoire.fr\/?p=1951"},"modified":"2022-04-04T12:00:20","modified_gmt":"2022-04-04T10:00:20","slug":"239-revolutions-latino-americaines-les-mercredis-des-revolutions","status":"publish","type":"post","link":"https:\/\/parolesdhistoire.fr\/index.php\/2022\/03\/08\/239-revolutions-latino-americaines-les-mercredis-des-revolutions\/","title":{"rendered":"239. R\u00e9volutions latino-am\u00e9ricaines (les mercredis des r\u00e9volutions)"},"content":{"rendered":"<iframe loading=\"lazy\" src=\"https:\/\/player.blubrry.com\/?media_url=https%3A%2F%2Fmedia.blubrry.com%2Fparolesdhistoire%2Fcontent.blubrry.com%2Fparolesdhistoire%2F239_ameriquelatine.mp3&amp;modern=1&amp;podcast_link=https%3A%2F%2Fparolesdhistoire.fr%2Findex.php%2F2022%2F03%2F08%2F239-revolutions-latino-americaines-les-mercredis-des-revolutions%2F#mode-Light&border-000000&progress-000000\" scrolling=\"no\" width=\"100%\" height=\"165\" frameborder=\"0\" id=\"blubrryplayer-1\" class=\"blubrryplayer\" title=\"Blubrry Podcast Player\"><\/iframe><p class=\"powerpress_links powerpress_links_mp3\" style=\"margin-bottom: 1px !important;\">Podcast: <a href=\"https:\/\/media.blubrry.com\/parolesdhistoire\/content.blubrry.com\/parolesdhistoire\/239_ameriquelatine.mp3\" class=\"powerpress_link_pinw\" target=\"_blank\" title=\"Play in new window\" onclick=\"return powerpress_pinw('https:\/\/parolesdhistoire.fr\/?powerpress_pinw=1951-podcast');\" rel=\"nofollow\">Play in new window<\/a> | <a href=\"https:\/\/media.blubrry.com\/parolesdhistoire\/content.blubrry.com\/parolesdhistoire\/239_ameriquelatine.mp3\" class=\"powerpress_link_d\" title=\"Download\" rel=\"nofollow\" download=\"239_ameriquelatine.mp3\">Download<\/a><\/p><p class=\"powerpress_links powerpress_subscribe_links\">S'abonner :  <a href=\"https:\/\/itunes.apple.com\/fr\/podcast\/paroles-dhistoire\/id1376002842?l=en&amp;mt=2&amp;ls=1#episodeGuid=http%3A%2F%2Fparolesdhistoire.fr%2F%3Fp%3D1951\" class=\"powerpress_link_subscribe powerpress_link_subscribe_itunes\" target=\"_blank\" title=\"Subscribe on Apple Podcasts\" rel=\"nofollow\">Apple Podcasts<\/a> | <a href=\"https:\/\/open.spotify.com\/show\/57zBA3htpYUB4MJNhhlDnn\" class=\"powerpress_link_subscribe powerpress_link_subscribe_spotify\" target=\"_blank\" title=\"Subscribe on Spotify\" rel=\"nofollow\">Spotify<\/a> | <a href=\"https:\/\/subscribeonandroid.com\/feeds.audiomeans.fr\/feed\/c3e6abea-2254-416a-b8ef-0619098d0e45.xml\" class=\"powerpress_link_subscribe powerpress_link_subscribe_android\" target=\"_blank\" title=\"Subscribe on Android\" rel=\"nofollow\">Android<\/a> | <a href=\"https:\/\/www.deezer.com\/en\/show\/1000680512\" class=\"powerpress_link_subscribe powerpress_link_subscribe_deezer\" target=\"_blank\" title=\"Subscribe on Deezer\" rel=\"nofollow\">Deezer<\/a> | <a href=\"https:\/\/feeds.audiomeans.fr\/feed\/c3e6abea-2254-416a-b8ef-0619098d0e45.xml\" class=\"powerpress_link_subscribe powerpress_link_subscribe_rss\" target=\"_blank\" title=\"Subscribe via RSS\" rel=\"nofollow\">RSS<\/a> | <a href=\"https:\/\/parolesdhistoire.fr\/index.php\/sabonner\/\" class=\"powerpress_link_subscribe powerpress_link_subscribe_more\" target=\"_blank\" title=\"More\" rel=\"nofollow\">More<\/a><\/p><p><strong>Avec l\u2019historienne Genevi\u00e8ve Verdo et le journaliste Maurice Lemoine<\/strong><\/p>\n<p><strong>S\u00e9ance anim\u00e9e par l\u2019historien Edward Blumenthal, dans le cadre des <a href=\"https:\/\/histoire19.hypotheses.org\/8956\">Mercredis des r\u00e9volutions <\/a><\/strong><strong>en partenariat avec <em>Politis<\/em><\/strong><\/p>\n<p>L\u2019Am\u00e9rique latine a souvent \u00e9t\u00e9 associ\u00e9e \u00e0 des exp\u00e9riences r\u00e9volutionnaires dans l\u2019imaginaire populaire et historiographique, depuis les guerres d\u2019ind\u00e9pendance au d\u00e9but du XIXe si\u00e8cle jusqu\u2019au d\u00e9but du XXIe si\u00e8cle. Bien que les langages et les revendications concr\u00e8tes aient chang\u00e9 consid\u00e9rablement, certains enjeux ont continu\u00e9 \u00e0 s\u2019exprimer dans les mouvements sociaux jusqu\u2019\u00e0 aujourd\u2019hui. L\u2019\u00e9galit\u00e9 r\u00e9publicaine, les contours de la souverainet\u00e9 populaire dans des soci\u00e9t\u00e9s marqu\u00e9es par des hi\u00e9rarchies socio-ethniques, la distribution de la terre, des questions territoriales -entre autres-, v\u00e9hiculent la m\u00e9moire des ind\u00e9pendances.<\/p>\n<p><strong>La discussion\u00a0:<\/strong><\/p>\n<ul>\n<li>Introduction par Edward Blumenthal (00:00)<\/li>\n<li>Pr\u00e9sentation par Genevi\u00e8ve Verdo\u00a0: quelles id\u00e9es re\u00e7ues sur les ind\u00e9pendances hispano-am\u00e9ricaines\u00a0? (2:00)<\/li>\n<li>Pr\u00e9sentation de la R\u00e9volution mexicaine et des r\u00e9volutions du XXe si\u00e8cle par Maurice Lemoine (16:00)<\/li>\n<li>Est-ce qu\u2019il y a un atavisme r\u00e9volutionnaire en Am\u00e9rique latine\u00a0? (29:00)<\/li>\n<li>La question du \u00ab\u00a0populaire\u00a0\u00bb dans les r\u00e9volutions de la r\u00e9gion (41:00)<\/li>\n<li>La question des in\u00e9galit\u00e9s \u00e9conomiques et sociales (51:00)<\/li>\n<\/ul>\n","protected":false},"excerpt":{"rendered":"<p>Avec l\u2019historienne Genevi\u00e8ve Verdo et le journaliste Maurice Lemoine S\u00e9ance anim\u00e9e par l\u2019historien Edward Blumenthal, dans le cadre des Mercredis des r\u00e9volutions en partenariat avec Politis L\u2019Am\u00e9rique latine a souvent \u00e9t\u00e9 associ\u00e9e \u00e0 des exp\u00e9riences r\u00e9volutionnaires dans l\u2019imaginaire populaire et historiographique, depuis les guerres d\u2019ind\u00e9pendance au d\u00e9but du XIXe si\u00e8cle jusqu\u2019au d\u00e9but du XXIe si\u00e8cle. &hellip; <a href=\"https:\/\/parolesdhistoire.fr\/index.php\/2022\/03\/08\/239-revolutions-latino-americaines-les-mercredis-des-revolutions\/\" class=\"more-link\">Continue reading<span class=\"screen-reader-text\"> &#8220;239. R\u00e9volutions latino-am\u00e9ricaines (les mercredis des r\u00e9volutions)&#8221;<\/span><\/a><\/p>\n","protected":false},"author":1,"featured_media":0,"comment_status":"open","ping_status":"open","sticky":false,"template":"","format":"standard","meta":{"footnotes":""},"categories":[152],"tags":[118,164,36,34],"class_list":["post-1951","post","type-post","status-publish","format-standard","hentry","category-conference","tag-ameriques","tag-mercredis-des-revolutions","tag-revolutions","tag-xixe"],"_links":{"self":[{"href":"https:\/\/parolesdhistoire.fr\/index.php\/wp-json\/wp\/v2\/posts\/1951","targetHints":{"allow":["GET"]}}],"collection":[{"href":"https:\/\/parolesdhistoire.fr\/index.php\/wp-json\/wp\/v2\/posts"}],"about":[{"href":"https:\/\/parolesdhistoire.fr\/index.php\/wp-json\/wp\/v2\/types\/post"}],"author":[{"embeddable":true,"href":"https:\/\/parolesdhistoire.fr\/index.php\/wp-json\/wp\/v2\/users\/1"}],"replies":[{"embeddable":true,"href":"https:\/\/parolesdhistoire.fr\/index.php\/wp-json\/wp\/v2\/comments?post=1951"}],"version-history":[{"count":2,"href":"https:\/\/parolesdhistoire.fr\/index.php\/wp-json\/wp\/v2\/posts\/1951\/revisions"}],"predecessor-version":[{"id":1991,"href":"https:\/\/parolesdhistoire.fr\/index.php\/wp-json\/wp\/v2\/posts\/1951\/revisions\/1991"}],"wp:attachment":[{"href":"https:\/\/parolesdhistoire.fr\/index.php\/wp-json\/wp\/v2\/media?parent=1951"}],"wp:term":[{"taxonomy":"category","embeddable":true,"href":"https:\/\/parolesdhistoire.fr\/index.php\/wp-json\/wp\/v2\/categories?post=1951"},{"taxonomy":"post_tag","embeddable":true,"href":"https:\/\/parolesdhistoire.fr\/index.php\/wp-json\/wp\/v2\/tags?post=1951"}],"curies":[{"name":"wp","href":"https:\/\/api.w.org\/{rel}","templated":true}]}}