{"id":1954,"date":"2022-03-13T22:38:12","date_gmt":"2022-03-13T21:38:12","guid":{"rendered":"http:\/\/parolesdhistoire.fr\/?p=1954"},"modified":"2022-03-13T22:45:25","modified_gmt":"2022-03-13T21:45:25","slug":"240-difficile-denazification-allemande-avec-marie-benedicte-vincent","status":"publish","type":"post","link":"https:\/\/parolesdhistoire.fr\/index.php\/2022\/03\/13\/240-difficile-denazification-allemande-avec-marie-benedicte-vincent\/","title":{"rendered":"240. Difficile d\u00e9nazification allemande, avec Marie-B\u00e9n\u00e9dicte Vincent"},"content":{"rendered":"<iframe loading=\"lazy\" src=\"https:\/\/player.blubrry.com\/?media_url=https%3A%2F%2Fmedia.blubrry.com%2Fparolesdhistoire%2Fcontent.blubrry.com%2Fparolesdhistoire%2F240_denazification.mp3&amp;modern=1&amp;podcast_link=https%3A%2F%2Fparolesdhistoire.fr%2Findex.php%2F2022%2F03%2F13%2F240-difficile-denazification-allemande-avec-marie-benedicte-vincent%2F#mode-Light&border-000000&progress-000000\" scrolling=\"no\" width=\"100%\" height=\"165\" frameborder=\"0\" id=\"blubrryplayer-1\" class=\"blubrryplayer\" title=\"Blubrry Podcast Player\"><\/iframe><p class=\"powerpress_links powerpress_links_mp3\" style=\"margin-bottom: 1px !important;\">Podcast: <a href=\"https:\/\/media.blubrry.com\/parolesdhistoire\/content.blubrry.com\/parolesdhistoire\/240_denazification.mp3\" class=\"powerpress_link_pinw\" target=\"_blank\" title=\"Play in new window\" onclick=\"return powerpress_pinw('https:\/\/parolesdhistoire.fr\/?powerpress_pinw=1954-podcast');\" rel=\"nofollow\">Play in new window<\/a> | <a href=\"https:\/\/media.blubrry.com\/parolesdhistoire\/content.blubrry.com\/parolesdhistoire\/240_denazification.mp3\" class=\"powerpress_link_d\" title=\"Download\" rel=\"nofollow\" download=\"240_denazification.mp3\">Download<\/a><\/p><p class=\"powerpress_links powerpress_subscribe_links\">S'abonner :  <a href=\"https:\/\/itunes.apple.com\/fr\/podcast\/paroles-dhistoire\/id1376002842?l=en&amp;mt=2&amp;ls=1#episodeGuid=http%3A%2F%2Fparolesdhistoire.fr%2F%3Fp%3D1954\" class=\"powerpress_link_subscribe powerpress_link_subscribe_itunes\" target=\"_blank\" title=\"Subscribe on Apple Podcasts\" rel=\"nofollow\">Apple Podcasts<\/a> | <a href=\"https:\/\/open.spotify.com\/show\/57zBA3htpYUB4MJNhhlDnn\" class=\"powerpress_link_subscribe powerpress_link_subscribe_spotify\" target=\"_blank\" title=\"Subscribe on Spotify\" rel=\"nofollow\">Spotify<\/a> | <a href=\"https:\/\/subscribeonandroid.com\/feeds.audiomeans.fr\/feed\/c3e6abea-2254-416a-b8ef-0619098d0e45.xml\" class=\"powerpress_link_subscribe powerpress_link_subscribe_android\" target=\"_blank\" title=\"Subscribe on Android\" rel=\"nofollow\">Android<\/a> | <a href=\"https:\/\/www.deezer.com\/en\/show\/1000680512\" class=\"powerpress_link_subscribe powerpress_link_subscribe_deezer\" target=\"_blank\" title=\"Subscribe on Deezer\" rel=\"nofollow\">Deezer<\/a> | <a href=\"https:\/\/feeds.audiomeans.fr\/feed\/c3e6abea-2254-416a-b8ef-0619098d0e45.xml\" class=\"powerpress_link_subscribe powerpress_link_subscribe_rss\" target=\"_blank\" title=\"Subscribe via RSS\" rel=\"nofollow\">RSS<\/a> | <a href=\"https:\/\/parolesdhistoire.fr\/index.php\/sabonner\/\" class=\"powerpress_link_subscribe powerpress_link_subscribe_more\" target=\"_blank\" title=\"More\" rel=\"nofollow\">More<\/a><\/p><p><strong>L\u2019invit\u00e9e\u00a0:<\/strong> Marie-B\u00e9n\u00e9dicte Vincent, professeure d\u2019histoire contemporaine \u00e0 l\u2019universit\u00e9 de Franche-Comt\u00e9<\/p>\n<p><a href=\"http:\/\/parolesdhistoire.fr\/wp-content\/uploads\/2022\/03\/9782271095305.jpg\"><img loading=\"lazy\" decoding=\"async\" class=\"aligncenter size-full wp-image-1955\" src=\"http:\/\/parolesdhistoire.fr\/wp-content\/uploads\/2022\/03\/9782271095305.jpg\" alt=\"\" width=\"600\" height=\"920\" srcset=\"https:\/\/parolesdhistoire.fr\/wp-content\/uploads\/2022\/03\/9782271095305.jpg 600w, https:\/\/parolesdhistoire.fr\/wp-content\/uploads\/2022\/03\/9782271095305-196x300.jpg 196w\" sizes=\"auto, (max-width: 709px) 85vw, (max-width: 909px) 67vw, (max-width: 984px) 61vw, (max-width: 1362px) 45vw, 600px\" \/><\/a><strong>Le livre\u00a0:<\/strong> <em>La d\u00e9nazification des fonctionnaires en Allemagne de l\u2019ouest<\/em>, Paris, \u00e9ditions du CNRS, 2022.<\/p>\n<p><strong>La discussion\u00a0:<\/strong><\/p>\n<ul>\n<li>Introduction (00:00)<\/li>\n<li>Pourquoi faire l\u2019histoire de la d\u00e9nazification\u00a0? (1:20)<\/li>\n<li>Les fonctionnaires, un bon objet d\u2019\u00e9tude\u00a0? (3:00)<\/li>\n<li>La litt\u00e9rature s\u2019est empar\u00e9e de la d\u00e9nazification avant l\u2019histoire (5:00)<\/li>\n<li>O\u00f9 en est l\u2019historiographie de la d\u00e9nazification\u00a0? (6:00)<\/li>\n<li>Comment mettre \u00e0 distance un sujet qui provoque des r\u00e9actions vives\u00a0? (8:00)<\/li>\n<li>L\u2019apport de l\u2019histoire sociale pour l\u2019\u00e9tude de la question (10:20)<\/li>\n<li>Le sens des mots: \u00e9puration, d\u00e9nazification, d\u00e9s\u00e9puration (12:00)<\/li>\n<li>L\u2019article 131, clef du processus d\u2019\u00e9puration-d\u00e9s\u00e9puration des fonctionnaires (14:45)<\/li>\n<li>Comment d\u00e9finir les \u00ab\u00a0anciens nazis\u00a0\u00bb\u00a0? (18:00) Avec quelle s\u00e9mantique\u00a0? (21:00)<\/li>\n<li>Le consensus pour la r\u00e9int\u00e9gration d\u2019anciens nazis, et ses limites (25:00)<\/li>\n<li>La tension RFA \/ RDA sur la question de la nazification (30:00)<\/li>\n<li>Les acteurs et lobbies militant pour la r\u00e9int\u00e9gration d\u2019anciens nazis (31:15)<\/li>\n<li>Le registre de la victimisation d\u2019anciens nazis (33:20)<\/li>\n<li>La fa\u00e7on dont les historiens, dont l\u2019Institut fur Zeitgeschichte de Munich, sont impliqu\u00e9s dans les proc\u00e9dures (41:00)<\/li>\n<li>Comment prend fin la r\u00e9int\u00e9gration des anciens nazis dans les ann\u00e9es 1960-1970 (44:00)<\/li>\n<\/ul>\n","protected":false},"excerpt":{"rendered":"<p>L\u2019invit\u00e9e\u00a0: Marie-B\u00e9n\u00e9dicte Vincent, professeure d\u2019histoire contemporaine \u00e0 l\u2019universit\u00e9 de Franche-Comt\u00e9 Le livre\u00a0: La d\u00e9nazification des fonctionnaires en Allemagne de l\u2019ouest, Paris, \u00e9ditions du CNRS, 2022. La discussion\u00a0: Introduction (00:00) Pourquoi faire l\u2019histoire de la d\u00e9nazification\u00a0? (1:20) Les fonctionnaires, un bon objet d\u2019\u00e9tude\u00a0? (3:00) La litt\u00e9rature s\u2019est empar\u00e9e de la d\u00e9nazification avant l\u2019histoire (5:00) O\u00f9 en &hellip; <a href=\"https:\/\/parolesdhistoire.fr\/index.php\/2022\/03\/13\/240-difficile-denazification-allemande-avec-marie-benedicte-vincent\/\" class=\"more-link\">Continue reading<span class=\"screen-reader-text\"> &#8220;240. Difficile d\u00e9nazification allemande, avec Marie-B\u00e9n\u00e9dicte Vincent&#8221;<\/span><\/a><\/p>\n","protected":false},"author":1,"featured_media":0,"comment_status":"open","ping_status":"open","sticky":false,"template":"","format":"standard","meta":{"footnotes":""},"categories":[4],"tags":[20,61,17,227],"class_list":["post-1954","post","type-post","status-publish","format-standard","hentry","category-parution","tag-2e-guerre-mondiale","tag-allemagne","tag-guerre","tag-nazisme"],"_links":{"self":[{"href":"https:\/\/parolesdhistoire.fr\/index.php\/wp-json\/wp\/v2\/posts\/1954","targetHints":{"allow":["GET"]}}],"collection":[{"href":"https:\/\/parolesdhistoire.fr\/index.php\/wp-json\/wp\/v2\/posts"}],"about":[{"href":"https:\/\/parolesdhistoire.fr\/index.php\/wp-json\/wp\/v2\/types\/post"}],"author":[{"embeddable":true,"href":"https:\/\/parolesdhistoire.fr\/index.php\/wp-json\/wp\/v2\/users\/1"}],"replies":[{"embeddable":true,"href":"https:\/\/parolesdhistoire.fr\/index.php\/wp-json\/wp\/v2\/comments?post=1954"}],"version-history":[{"count":1,"href":"https:\/\/parolesdhistoire.fr\/index.php\/wp-json\/wp\/v2\/posts\/1954\/revisions"}],"predecessor-version":[{"id":1956,"href":"https:\/\/parolesdhistoire.fr\/index.php\/wp-json\/wp\/v2\/posts\/1954\/revisions\/1956"}],"wp:attachment":[{"href":"https:\/\/parolesdhistoire.fr\/index.php\/wp-json\/wp\/v2\/media?parent=1954"}],"wp:term":[{"taxonomy":"category","embeddable":true,"href":"https:\/\/parolesdhistoire.fr\/index.php\/wp-json\/wp\/v2\/categories?post=1954"},{"taxonomy":"post_tag","embeddable":true,"href":"https:\/\/parolesdhistoire.fr\/index.php\/wp-json\/wp\/v2\/tags?post=1954"}],"curies":[{"name":"wp","href":"https:\/\/api.w.org\/{rel}","templated":true}]}}