{"id":1959,"date":"2022-03-19T02:59:01","date_gmt":"2022-03-19T01:59:01","guid":{"rendered":"http:\/\/parolesdhistoire.fr\/?p=1959"},"modified":"2022-04-04T11:59:35","modified_gmt":"2022-04-04T09:59:35","slug":"241-reprimer-les-revolutionnaires-les-mercredis-des-revolutions","status":"publish","type":"post","link":"https:\/\/parolesdhistoire.fr\/index.php\/2022\/03\/19\/241-reprimer-les-revolutionnaires-les-mercredis-des-revolutions\/","title":{"rendered":"241. R\u00e9primer les r\u00e9volutionnaires (les mercredis des r\u00e9volutions)"},"content":{"rendered":"<iframe loading=\"lazy\" src=\"https:\/\/player.blubrry.com\/?media_url=https%3A%2F%2Fmedia.blubrry.com%2Fparolesdhistoire%2Fcontent.blubrry.com%2Fparolesdhistoire%2F241_UP_reprimert.mp3&amp;modern=1&amp;podcast_link=https%3A%2F%2Fparolesdhistoire.fr%2Findex.php%2F2022%2F03%2F19%2F241-reprimer-les-revolutionnaires-les-mercredis-des-revolutions%2F#mode-Light&border-000000&progress-000000\" scrolling=\"no\" width=\"100%\" height=\"165\" frameborder=\"0\" id=\"blubrryplayer-1\" class=\"blubrryplayer\" title=\"Blubrry Podcast Player\"><\/iframe><p class=\"powerpress_links powerpress_links_mp3\" style=\"margin-bottom: 1px !important;\">Podcast: <a href=\"https:\/\/media.blubrry.com\/parolesdhistoire\/content.blubrry.com\/parolesdhistoire\/241_UP_reprimert.mp3\" class=\"powerpress_link_pinw\" target=\"_blank\" title=\"Play in new window\" onclick=\"return powerpress_pinw('https:\/\/parolesdhistoire.fr\/?powerpress_pinw=1959-podcast');\" rel=\"nofollow\">Play in new window<\/a> | <a href=\"https:\/\/media.blubrry.com\/parolesdhistoire\/content.blubrry.com\/parolesdhistoire\/241_UP_reprimert.mp3\" class=\"powerpress_link_d\" title=\"Download\" rel=\"nofollow\" download=\"241_UP_reprimert.mp3\">Download<\/a><\/p><p class=\"powerpress_links powerpress_subscribe_links\">S'abonner :  <a href=\"https:\/\/itunes.apple.com\/fr\/podcast\/paroles-dhistoire\/id1376002842?l=en&amp;mt=2&amp;ls=1#episodeGuid=http%3A%2F%2Fparolesdhistoire.fr%2F%3Fp%3D1959\" class=\"powerpress_link_subscribe powerpress_link_subscribe_itunes\" target=\"_blank\" title=\"Subscribe on Apple Podcasts\" rel=\"nofollow\">Apple Podcasts<\/a> | <a href=\"https:\/\/open.spotify.com\/show\/57zBA3htpYUB4MJNhhlDnn\" class=\"powerpress_link_subscribe powerpress_link_subscribe_spotify\" target=\"_blank\" title=\"Subscribe on Spotify\" rel=\"nofollow\">Spotify<\/a> | <a href=\"https:\/\/subscribeonandroid.com\/feeds.audiomeans.fr\/feed\/c3e6abea-2254-416a-b8ef-0619098d0e45.xml\" class=\"powerpress_link_subscribe powerpress_link_subscribe_android\" target=\"_blank\" title=\"Subscribe on Android\" rel=\"nofollow\">Android<\/a> | <a href=\"https:\/\/www.deezer.com\/en\/show\/1000680512\" class=\"powerpress_link_subscribe powerpress_link_subscribe_deezer\" target=\"_blank\" title=\"Subscribe on Deezer\" rel=\"nofollow\">Deezer<\/a> | <a href=\"https:\/\/feeds.audiomeans.fr\/feed\/c3e6abea-2254-416a-b8ef-0619098d0e45.xml\" class=\"powerpress_link_subscribe powerpress_link_subscribe_rss\" target=\"_blank\" title=\"Subscribe via RSS\" rel=\"nofollow\">RSS<\/a> | <a href=\"https:\/\/parolesdhistoire.fr\/index.php\/sabonner\/\" class=\"powerpress_link_subscribe powerpress_link_subscribe_more\" target=\"_blank\" title=\"More\" rel=\"nofollow\">More<\/a><\/p><p><strong><a href=\"https:\/\/histoire19.hypotheses.org\/9573\">Les mercredis des r\u00e9volutions<\/a>, Universit\u00e9 populaire de la soci\u00e9t\u00e9 d\u2019histoire de 1848 en partenariat avec <em>Politis<\/em> \u2013 S\u00e9ance du 17 mars 2022 \u00e0 la mairie du 18e arrondissement de Paris<br \/>\n<\/strong><\/p>\n<p><a href=\"http:\/\/parolesdhistoire.fr\/wp-content\/uploads\/2022\/03\/til1_luce_001f.jpg\"><img loading=\"lazy\" decoding=\"async\" class=\"aligncenter size-large wp-image-1962\" src=\"http:\/\/parolesdhistoire.fr\/wp-content\/uploads\/2022\/03\/til1_luce_001f-1024x681.jpg\" alt=\"\" width=\"840\" height=\"559\" srcset=\"https:\/\/parolesdhistoire.fr\/wp-content\/uploads\/2022\/03\/til1_luce_001f-1024x681.jpg 1024w, https:\/\/parolesdhistoire.fr\/wp-content\/uploads\/2022\/03\/til1_luce_001f-300x200.jpg 300w, https:\/\/parolesdhistoire.fr\/wp-content\/uploads\/2022\/03\/til1_luce_001f-768x511.jpg 768w, https:\/\/parolesdhistoire.fr\/wp-content\/uploads\/2022\/03\/til1_luce_001f-1200x798.jpg 1200w, https:\/\/parolesdhistoire.fr\/wp-content\/uploads\/2022\/03\/til1_luce_001f.jpg 1400w\" sizes=\"auto, (max-width: 709px) 85vw, (max-width: 909px) 67vw, (max-width: 1362px) 62vw, 840px\" \/><\/a><em>Une rue de Paris en 1871 (Maximilien Luce, entre 1903 et 1906)<\/em><\/p>\n<p>Le massacre de la rue Transnonain d\u2019avril 1834, les fusillades de juin 1848, la Semaine Sanglante de 1871\u2026 L\u2019histoire des r\u00e9volutionnaires est aussi celle de r\u00e9pressions terribles. De nos jours, les armes ne sont plus si l\u00e9tales, et fort heureusement, les bilans humains moins atroces, mais la r\u00e9pression toujours s\u2019abat sur celles et ceux qui veulent renverser l\u2019ordre. Aussi sera-t-il int\u00e9ressant de faire dialoguer ensemble une historienne qui a travaill\u00e9 sur une des forces de l\u2019ordre du 19e si\u00e8cle, Mathilde Larr\u00e8re, et le journaliste, romancier, lanceur d\u2019alerte des violences polici\u00e8res pendant le mouvement des Gilets jaunes et auteur du documentaire Un pays qui se tient sage, David Dufresne. Comment documenter la r\u00e9pression, comment administrer la preuve ? Qui frappe, qui est frapp\u00e9 ? Comment expliquer, justifier, l\u00e9gitimer, mettre en r\u00e9cit ou en image la violence d\u2019\u00c9tat ? Autant de questions qui permettent de faire dialoguer pass\u00e9 et pr\u00e9sent.<\/p>\n<p>Avec David Dufresne et Mathilde Larr\u00e8re, s\u00e9ance anim\u00e9e par Philippe Darriulat<\/p>\n<p><strong>La discussion<\/strong><\/p>\n<ul>\n<li>Introduction, par Philippe Darriulat (00:00)<\/li>\n<li>Quelles sources pour l\u2019histoire de la r\u00e9pression au XIXe si\u00e8cle\u00a0? (2:00)<\/li>\n<li>La difficult\u00e9 \u00e0 obtenir des documents sur les r\u00e9pressions contemporaines (9:00)<\/li>\n<li>La nouveaut\u00e9 des r\u00e9seaux sociaux du point de vue de la profusion des photos ou r\u00e9cits (18:00)<\/li>\n<li>Arm\u00e9e, gendarmerie, garde nationale\u2026 La diversit\u00e9 des acteurs de la r\u00e9pression au XIXe si\u00e8cle (21:00)<\/li>\n<li>Qui maintient l\u2019ordre aujourd\u2019hui, avec quelles pratiques, quel usage de la violence\u00a0? (30:30)<\/li>\n<li>Les victimes de la r\u00e9pression et les cat\u00e9gories cibl\u00e9es (38:00)<\/li>\n<li>Les victimes au XIXe si\u00e8cle: quelle place des femmes en particulier\u00a0? (43:00)<\/li>\n<li>La question de la violence d\u2019\u00c9tat, et de la mise en r\u00e9cit de la r\u00e9pression (51:00)<\/li>\n<li>Les explications \u00e0 donner \u00e0 la violence, et le paradoxe d\u2019une r\u00e9pression r\u00e9publicaine en 1848 et 1871 (1:05:00)<\/li>\n<li>Mot de la fin par Philippe Darriulat (1:18:00)<\/li>\n<\/ul>\n<p>&nbsp;<\/p>\n","protected":false},"excerpt":{"rendered":"<p>Les mercredis des r\u00e9volutions, Universit\u00e9 populaire de la soci\u00e9t\u00e9 d\u2019histoire de 1848 en partenariat avec Politis \u2013 S\u00e9ance du 17 mars 2022 \u00e0 la mairie du 18e arrondissement de Paris Une rue de Paris en 1871 (Maximilien Luce, entre 1903 et 1906) Le massacre de la rue Transnonain d\u2019avril 1834, les fusillades de juin 1848, &hellip; <a href=\"https:\/\/parolesdhistoire.fr\/index.php\/2022\/03\/19\/241-reprimer-les-revolutionnaires-les-mercredis-des-revolutions\/\" class=\"more-link\">Continue reading<span class=\"screen-reader-text\"> &#8220;241. R\u00e9primer les r\u00e9volutionnaires (les mercredis des r\u00e9volutions)&#8221;<\/span><\/a><\/p>\n","protected":false},"author":1,"featured_media":0,"comment_status":"open","ping_status":"open","sticky":false,"template":"","format":"standard","meta":{"footnotes":""},"categories":[1],"tags":[164,154,42,34],"class_list":["post-1959","post","type-post","status-publish","format-standard","hentry","category-non-classe","tag-mercredis-des-revolutions","tag-revolution","tag-violence","tag-xixe"],"_links":{"self":[{"href":"https:\/\/parolesdhistoire.fr\/index.php\/wp-json\/wp\/v2\/posts\/1959","targetHints":{"allow":["GET"]}}],"collection":[{"href":"https:\/\/parolesdhistoire.fr\/index.php\/wp-json\/wp\/v2\/posts"}],"about":[{"href":"https:\/\/parolesdhistoire.fr\/index.php\/wp-json\/wp\/v2\/types\/post"}],"author":[{"embeddable":true,"href":"https:\/\/parolesdhistoire.fr\/index.php\/wp-json\/wp\/v2\/users\/1"}],"replies":[{"embeddable":true,"href":"https:\/\/parolesdhistoire.fr\/index.php\/wp-json\/wp\/v2\/comments?post=1959"}],"version-history":[{"count":5,"href":"https:\/\/parolesdhistoire.fr\/index.php\/wp-json\/wp\/v2\/posts\/1959\/revisions"}],"predecessor-version":[{"id":1990,"href":"https:\/\/parolesdhistoire.fr\/index.php\/wp-json\/wp\/v2\/posts\/1959\/revisions\/1990"}],"wp:attachment":[{"href":"https:\/\/parolesdhistoire.fr\/index.php\/wp-json\/wp\/v2\/media?parent=1959"}],"wp:term":[{"taxonomy":"category","embeddable":true,"href":"https:\/\/parolesdhistoire.fr\/index.php\/wp-json\/wp\/v2\/categories?post=1959"},{"taxonomy":"post_tag","embeddable":true,"href":"https:\/\/parolesdhistoire.fr\/index.php\/wp-json\/wp\/v2\/tags?post=1959"}],"curies":[{"name":"wp","href":"https:\/\/api.w.org\/{rel}","templated":true}]}}