{"id":1994,"date":"2022-04-10T03:12:33","date_gmt":"2022-04-10T01:12:33","guid":{"rendered":"http:\/\/parolesdhistoire.fr\/?p=1994"},"modified":"2022-04-10T10:58:08","modified_gmt":"2022-04-10T08:58:08","slug":"245-urbex-archives-et-sciences-sociales-avec-nicolas-offenstadt","status":"publish","type":"post","link":"https:\/\/parolesdhistoire.fr\/index.php\/2022\/04\/10\/245-urbex-archives-et-sciences-sociales-avec-nicolas-offenstadt\/","title":{"rendered":"245. Urbex, archives et sciences sociales, avec Nicolas Offenstadt"},"content":{"rendered":"<iframe loading=\"lazy\" src=\"https:\/\/player.blubrry.com\/?media_url=https%3A%2F%2Fmedia.blubrry.com%2Fparolesdhistoire%2Fcontent.blubrry.com%2Fparolesdhistoire%2F245_urbex_no.mp3&amp;modern=1&amp;podcast_link=https%3A%2F%2Fparolesdhistoire.fr%2Findex.php%2F2022%2F04%2F10%2F245-urbex-archives-et-sciences-sociales-avec-nicolas-offenstadt%2F#mode-Light&border-000000&progress-000000\" scrolling=\"no\" width=\"100%\" height=\"165\" frameborder=\"0\" id=\"blubrryplayer-1\" class=\"blubrryplayer\" title=\"Blubrry Podcast Player\"><\/iframe><p class=\"powerpress_links powerpress_links_mp3\" style=\"margin-bottom: 1px !important;\">Podcast: <a href=\"https:\/\/media.blubrry.com\/parolesdhistoire\/content.blubrry.com\/parolesdhistoire\/245_urbex_no.mp3\" class=\"powerpress_link_pinw\" target=\"_blank\" title=\"Play in new window\" onclick=\"return powerpress_pinw('https:\/\/parolesdhistoire.fr\/?powerpress_pinw=1994-podcast');\" rel=\"nofollow\">Play in new window<\/a> | <a href=\"https:\/\/media.blubrry.com\/parolesdhistoire\/content.blubrry.com\/parolesdhistoire\/245_urbex_no.mp3\" class=\"powerpress_link_d\" title=\"Download\" rel=\"nofollow\" download=\"245_urbex_no.mp3\">Download<\/a><\/p><p class=\"powerpress_links powerpress_subscribe_links\">S'abonner :  <a href=\"https:\/\/itunes.apple.com\/fr\/podcast\/paroles-dhistoire\/id1376002842?l=en&amp;mt=2&amp;ls=1#episodeGuid=http%3A%2F%2Fparolesdhistoire.fr%2F%3Fp%3D1994\" class=\"powerpress_link_subscribe powerpress_link_subscribe_itunes\" target=\"_blank\" title=\"Subscribe on Apple Podcasts\" rel=\"nofollow\">Apple Podcasts<\/a> | <a href=\"https:\/\/open.spotify.com\/show\/57zBA3htpYUB4MJNhhlDnn\" class=\"powerpress_link_subscribe powerpress_link_subscribe_spotify\" target=\"_blank\" title=\"Subscribe on Spotify\" rel=\"nofollow\">Spotify<\/a> | <a href=\"https:\/\/subscribeonandroid.com\/feeds.audiomeans.fr\/feed\/c3e6abea-2254-416a-b8ef-0619098d0e45.xml\" class=\"powerpress_link_subscribe powerpress_link_subscribe_android\" target=\"_blank\" title=\"Subscribe on Android\" rel=\"nofollow\">Android<\/a> | <a href=\"https:\/\/www.deezer.com\/en\/show\/1000680512\" class=\"powerpress_link_subscribe powerpress_link_subscribe_deezer\" target=\"_blank\" title=\"Subscribe on Deezer\" rel=\"nofollow\">Deezer<\/a> | <a href=\"https:\/\/feeds.audiomeans.fr\/feed\/c3e6abea-2254-416a-b8ef-0619098d0e45.xml\" class=\"powerpress_link_subscribe powerpress_link_subscribe_rss\" target=\"_blank\" title=\"Subscribe via RSS\" rel=\"nofollow\">RSS<\/a> | <a href=\"https:\/\/parolesdhistoire.fr\/index.php\/sabonner\/\" class=\"powerpress_link_subscribe powerpress_link_subscribe_more\" target=\"_blank\" title=\"More\" rel=\"nofollow\">More<\/a><\/p><p><a href=\"https:\/\/www.mesopinions.com\/petition\/art-culture\/bibliotheque-nationale-france-retour-aux-communications\/175704\">P\u00e9tition \u00e0 signer<\/a> pour d\u00e9fendre la possibilit\u00e9 de la recherche \u00e0 la BNF<a href=\"http:\/\/parolesdhistoire.fr\/wp-content\/uploads\/2022\/04\/couv.jpg\"><img loading=\"lazy\" decoding=\"async\" class=\"aligncenter size-large wp-image-1996\" src=\"http:\/\/parolesdhistoire.fr\/wp-content\/uploads\/2022\/04\/couv-1024x607.jpg\" alt=\"\" width=\"840\" height=\"498\" srcset=\"https:\/\/parolesdhistoire.fr\/wp-content\/uploads\/2022\/04\/couv-1024x607.jpg 1024w, https:\/\/parolesdhistoire.fr\/wp-content\/uploads\/2022\/04\/couv-300x178.jpg 300w, https:\/\/parolesdhistoire.fr\/wp-content\/uploads\/2022\/04\/couv-768x455.jpg 768w, https:\/\/parolesdhistoire.fr\/wp-content\/uploads\/2022\/04\/couv.jpg 1173w\" sizes=\"auto, (max-width: 709px) 85vw, (max-width: 909px) 67vw, (max-width: 1362px) 62vw, 840px\" \/><\/a><strong>L\u2019invit\u00e9:<\/strong> Nicolas Offenstadt, ma\u00eetre de conf\u00e9rences \u00e0 l\u2019universit\u00e9 Paris-I<\/p>\n<p><strong>Le livre:<\/strong> <em>Urbex. Le ph\u00e9nom\u00e8ne de l\u2019exploration urbaine d\u00e9crypt\u00e9<\/em>, Paris, Albin Michel, 2022.<\/p>\n<p><strong>La discussion:<\/strong><\/p>\n<ul>\n<li>Introduction (00:00)<\/li>\n<li>Un int\u00e9r\u00eat croissant pour l\u2019urbex (1:00)<\/li>\n<li>G\u00e9n\u00e9alogie de l\u2019urbex, depuis la fascination pour les ruines jusqu\u2019\u00e0 l\u2019arch\u00e9ologie industrielle (3:00)<\/li>\n<li>L\u2019urbex, fruit des r\u00e9seaux sociaux o\u00f9 se construisent des communaut\u00e9s dans les ann\u00e9es 2000 (6:45)<\/li>\n<li>Le milieu de l\u2019urbex, \u00e0 la fois libertaire et norm\u00e9 (10:25)<\/li>\n<li><em>Leave footprints, take photos<\/em>, le mantra de l\u2019urbex (13:15)<\/li>\n<li>Le discours politique de l\u2019urbex: acc\u00e8s \u00e0 une ville moins cadenass\u00e9e\u00a0? (17:00)<\/li>\n<li>L\u2019urbex risque-t-elle de faire porter un regard romantique sur un pass\u00e9 industriel difficile\u00a0? (21:00)<\/li>\n<li>Le lieu d\u2019un possible croisement disciplinaire au sein des sciences sociales (g\u00e9ographie, sociologie, urbanisme, arch\u00e9ologie, histoire\u2026) (25:00)<\/li>\n<li>Que peut-on faire des archives trouv\u00e9es en urbex\u00a0? (27:15)<\/li>\n<li>Les aspects concrets d\u2019une urbex: \u00e9quipement, risques, etc. (33:45)<\/li>\n<li>La pire frayeur en urbex (37:00)<\/li>\n<li>Le plus impressionnant: la salle d\u2019archives (40:00)<\/li>\n<li>Le lieu pas encore urbex\u00e9 (43:20)<\/li>\n<\/ul>\n<p><strong>Les r\u00e9f\u00e9rences cit\u00e9es dans l\u2019\u00e9mission (par ordre d\u2019apparition):<\/strong><\/p>\n<ul>\n<li><a href=\"https:\/\/parolesdhistoire.fr\/index.php\/2018\/09\/12\/19-sur-les-traces-de-la-rda-avec-nicolas-offenstadt\/\">Nicolas Offenstadt, <em>Le pays disparu. Sur les traces de la RDA<\/em>, Paris, Stock, 2018.<\/a><\/li>\n<li>Nicolas Offenstadt, <em>Urbex RDA<\/em>, Paris, Albin Michel, 2019.<\/li>\n<li>Alain Schnapp, Une histoire universelle des ruines, Paris, Seuil, 2020.<\/li>\n<li>Guy Debord, \u00ab\u00a0Th\u00e9orie de la d\u00e9rive\u00a0\u00bb, <em>Les l\u00e8vres nues<\/em>, 9, d\u00e9c. 1956.<\/li>\n<li><a href=\"https:\/\/parolesdhistoire.fr\/index.php\/2022\/01\/31\/233-histoire-et-sociologie-de-lalpinisme-avec-delphine-moraldo\/\">Delphine Moraldo, <em>L\u2019esprit de l\u2019alpinisme<\/em>, Lyon, ENS \u00e9ditions, 2022.<\/a><\/li>\n<li><a href=\"https:\/\/journals.openedition.org\/bagf\/4241\">Aude Le Gallou, \u00ab Espaces marginaux et fronts pionniers du tourisme urbain: approcher les ruines urbaines au prisme de la notion d\u2019(extra)ordinaire\u00a0 \u00bb, <em>Bulletin de l\u2019association de g\u00e9ographes fran\u00e7ais<\/em>, 95-4 | 2018, 595-612.<\/a><\/li>\n<li><a href=\"https:\/\/metropolitiques.eu\/Dans-l-antre-des-villes-chinoises-lieux-abandonnes-et-ruines-contemporaines.html\">Judith Audin, \u00ab Dans l\u2019antre des villes chinoises: lieux abandonn\u00e9s et ruines contemporaines \u00bb, <em>M\u00e9tropolitiques<\/em>, 19 juin 2017.<\/a><\/li>\n<li>Bradley Garrett, <em>Explore Everything. Place-Hacking the City<\/em>, Londres, Verso, 2013.<\/li>\n<li>Arlette Farge, <em>Le go\u00fbt de l\u2019archive<\/em>, Paris, Seuil, 1989.<\/li>\n<li><a href=\"https:\/\/www.youtube.com\/watch?v=JZuelW-Q8IM\">Reportage vid\u00e9o sur un urbex<\/a> de N. Offenstadt.<\/li>\n<\/ul>\n","protected":false},"excerpt":{"rendered":"<p>P\u00e9tition \u00e0 signer pour d\u00e9fendre la possibilit\u00e9 de la recherche \u00e0 la BNFL\u2019invit\u00e9: Nicolas Offenstadt, ma\u00eetre de conf\u00e9rences \u00e0 l\u2019universit\u00e9 Paris-I Le livre: Urbex. Le ph\u00e9nom\u00e8ne de l\u2019exploration urbaine d\u00e9crypt\u00e9, Paris, Albin Michel, 2022. La discussion: Introduction (00:00) Un int\u00e9r\u00eat croissant pour l\u2019urbex (1:00) G\u00e9n\u00e9alogie de l\u2019urbex, depuis la fascination pour les ruines jusqu\u2019\u00e0 l\u2019arch\u00e9ologie &hellip; <a href=\"https:\/\/parolesdhistoire.fr\/index.php\/2022\/04\/10\/245-urbex-archives-et-sciences-sociales-avec-nicolas-offenstadt\/\" class=\"more-link\">Continue reading<span class=\"screen-reader-text\"> &#8220;245. Urbex, archives et sciences sociales, avec Nicolas Offenstadt&#8221;<\/span><\/a><\/p>\n","protected":false},"author":1,"featured_media":0,"comment_status":"open","ping_status":"open","sticky":false,"template":"","format":"standard","meta":{"footnotes":""},"categories":[4],"tags":[61,65,80,155,258,197],"class_list":["post-1994","post","type-post","status-publish","format-standard","hentry","category-parution","tag-allemagne","tag-archeologie","tag-archives","tag-rda","tag-urbex","tag-ville"],"_links":{"self":[{"href":"https:\/\/parolesdhistoire.fr\/index.php\/wp-json\/wp\/v2\/posts\/1994","targetHints":{"allow":["GET"]}}],"collection":[{"href":"https:\/\/parolesdhistoire.fr\/index.php\/wp-json\/wp\/v2\/posts"}],"about":[{"href":"https:\/\/parolesdhistoire.fr\/index.php\/wp-json\/wp\/v2\/types\/post"}],"author":[{"embeddable":true,"href":"https:\/\/parolesdhistoire.fr\/index.php\/wp-json\/wp\/v2\/users\/1"}],"replies":[{"embeddable":true,"href":"https:\/\/parolesdhistoire.fr\/index.php\/wp-json\/wp\/v2\/comments?post=1994"}],"version-history":[{"count":2,"href":"https:\/\/parolesdhistoire.fr\/index.php\/wp-json\/wp\/v2\/posts\/1994\/revisions"}],"predecessor-version":[{"id":1998,"href":"https:\/\/parolesdhistoire.fr\/index.php\/wp-json\/wp\/v2\/posts\/1994\/revisions\/1998"}],"wp:attachment":[{"href":"https:\/\/parolesdhistoire.fr\/index.php\/wp-json\/wp\/v2\/media?parent=1994"}],"wp:term":[{"taxonomy":"category","embeddable":true,"href":"https:\/\/parolesdhistoire.fr\/index.php\/wp-json\/wp\/v2\/categories?post=1994"},{"taxonomy":"post_tag","embeddable":true,"href":"https:\/\/parolesdhistoire.fr\/index.php\/wp-json\/wp\/v2\/tags?post=1994"}],"curies":[{"name":"wp","href":"https:\/\/api.w.org\/{rel}","templated":true}]}}