{"id":2034,"date":"2022-06-06T02:44:52","date_gmt":"2022-06-06T00:44:52","guid":{"rendered":"http:\/\/parolesdhistoire.fr\/?p=2034"},"modified":"2022-06-05T22:50:20","modified_gmt":"2022-06-05T20:50:20","slug":"251-histoire-et-historiographie-dal-andalus-avec-emmanuelle-tixier-du-mesnil","status":"publish","type":"post","link":"https:\/\/parolesdhistoire.fr\/index.php\/2022\/06\/06\/251-histoire-et-historiographie-dal-andalus-avec-emmanuelle-tixier-du-mesnil\/","title":{"rendered":"251. Histoire et historiographie d&#8217;Al-Andalus, avec Emmanuelle Tixier du Mesnil"},"content":{"rendered":"<iframe loading=\"lazy\" src=\"https:\/\/player.blubrry.com\/?media_url=https%3A%2F%2Fmedia.blubrry.com%2Fparolesdhistoire%2Fcontent.blubrry.com%2Fparolesdhistoire%2F251_alandalus.mp3&amp;modern=1&amp;podcast_link=https%3A%2F%2Fparolesdhistoire.fr%2Findex.php%2F2022%2F06%2F06%2F251-histoire-et-historiographie-dal-andalus-avec-emmanuelle-tixier-du-mesnil%2F#mode-Light&border-000000&progress-000000\" scrolling=\"no\" width=\"100%\" height=\"165\" frameborder=\"0\" id=\"blubrryplayer-1\" class=\"blubrryplayer\" title=\"Blubrry Podcast Player\"><\/iframe><p class=\"powerpress_links powerpress_links_mp3\" style=\"margin-bottom: 1px !important;\">Podcast: <a href=\"https:\/\/media.blubrry.com\/parolesdhistoire\/content.blubrry.com\/parolesdhistoire\/251_alandalus.mp3\" class=\"powerpress_link_pinw\" target=\"_blank\" title=\"Play in new window\" onclick=\"return powerpress_pinw('https:\/\/parolesdhistoire.fr\/?powerpress_pinw=2034-podcast');\" rel=\"nofollow\">Play in new window<\/a> | <a href=\"https:\/\/media.blubrry.com\/parolesdhistoire\/content.blubrry.com\/parolesdhistoire\/251_alandalus.mp3\" class=\"powerpress_link_d\" title=\"Download\" rel=\"nofollow\" download=\"251_alandalus.mp3\">Download<\/a><\/p><p class=\"powerpress_links powerpress_subscribe_links\">S'abonner :  <a href=\"https:\/\/itunes.apple.com\/fr\/podcast\/paroles-dhistoire\/id1376002842?l=en&amp;mt=2&amp;ls=1#episodeGuid=http%3A%2F%2Fparolesdhistoire.fr%2F%3Fp%3D2034\" class=\"powerpress_link_subscribe powerpress_link_subscribe_itunes\" target=\"_blank\" title=\"Subscribe on Apple Podcasts\" rel=\"nofollow\">Apple Podcasts<\/a> | <a href=\"https:\/\/open.spotify.com\/show\/57zBA3htpYUB4MJNhhlDnn\" class=\"powerpress_link_subscribe powerpress_link_subscribe_spotify\" target=\"_blank\" title=\"Subscribe on Spotify\" rel=\"nofollow\">Spotify<\/a> | <a href=\"https:\/\/subscribeonandroid.com\/feeds.audiomeans.fr\/feed\/c3e6abea-2254-416a-b8ef-0619098d0e45.xml\" class=\"powerpress_link_subscribe powerpress_link_subscribe_android\" target=\"_blank\" title=\"Subscribe on Android\" rel=\"nofollow\">Android<\/a> | <a href=\"https:\/\/www.deezer.com\/en\/show\/1000680512\" class=\"powerpress_link_subscribe powerpress_link_subscribe_deezer\" target=\"_blank\" title=\"Subscribe on Deezer\" rel=\"nofollow\">Deezer<\/a> | <a href=\"https:\/\/feeds.audiomeans.fr\/feed\/c3e6abea-2254-416a-b8ef-0619098d0e45.xml\" class=\"powerpress_link_subscribe powerpress_link_subscribe_rss\" target=\"_blank\" title=\"Subscribe via RSS\" rel=\"nofollow\">RSS<\/a> | <a href=\"https:\/\/parolesdhistoire.fr\/index.php\/sabonner\/\" class=\"powerpress_link_subscribe powerpress_link_subscribe_more\" target=\"_blank\" title=\"More\" rel=\"nofollow\">More<\/a><\/p><p><strong>L\u2019invit\u00e9e\u00a0:<\/strong> Emmanuelle Tixier du Mesnil, professeure d\u2019histoire m\u00e9di\u00e9vale (Paris-Nanterre)<\/p>\n<p><a href=\"http:\/\/parolesdhistoire.fr\/wp-content\/uploads\/2022\/06\/010512233.jpg\"><img loading=\"lazy\" decoding=\"async\" class=\"aligncenter size-full wp-image-2035\" src=\"http:\/\/parolesdhistoire.fr\/wp-content\/uploads\/2022\/06\/010512233.jpg\" alt=\"\" width=\"509\" height=\"799\" srcset=\"https:\/\/parolesdhistoire.fr\/wp-content\/uploads\/2022\/06\/010512233.jpg 509w, https:\/\/parolesdhistoire.fr\/wp-content\/uploads\/2022\/06\/010512233-191x300.jpg 191w\" sizes=\"auto, (max-width: 509px) 85vw, 509px\" \/><\/a><strong>Le livre\u00a0:<\/strong> <em>Savoir et pouvoir en Al-Andalus au XIe si\u00e8cle<\/em>, Paris, Seuil 2022<\/p>\n<p><strong>La discussion\u00a0:<\/strong><\/p>\n<ul>\n<li>Introduction (00:00)<\/li>\n<li>Qu\u2019est-ce qu\u2019Al-Andalus\u00a0? (1:00)<\/li>\n<li>Comment s\u2019est construire l\u2019image de l\u2019Andalousie m\u00e9di\u00e9vale et de sa tol\u00e9rance au XVIIIe si\u00e8cle\u00a0? (3:00)<\/li>\n<li>La place d\u2019Al-Andalus dans les d\u00e9bats sur la nation espagnole aux XIXe-XXe si\u00e8cle (7:30)<\/li>\n<li>La dimension r\u00e9gionale de cette histoire (10:40)<\/li>\n<li>\u00c0 quoi ressemble la communaut\u00e9 savante \u00e9tudiant Al-Andalus\u00a0? (11:45)<\/li>\n<li>La mont\u00e9e d\u2019une vision \u00ab\u00a0d\u00e9mystificatrice\u00a0\u00bb de cette histoire et ses implications politiques (13:20)<\/li>\n<li>\u00ab\u00a0Tol\u00e9rance\u00a0\u00bb vs coexistence (15:20)<\/li>\n<li>Quelles sources pour comprendre les pratiques sociales\u00a0? (17:15) Comment les mettre en contexte\u00a0? (20:00)<\/li>\n<li>Des termes comme \u00ab\u00a0convivencia\u00a0\u00bb ou \u00ab\u00a0Reconquista\u00a0\u00bb qui doivent \u00eatre questionn\u00e9s (21:50)<\/li>\n<li>La p\u00e9riodisation d\u2019Al-Andalus, plus compliqu\u00e9e qu\u2019on ne le dit habituellement (24:20)<\/li>\n<li>Pourquoi parler de \u00ab\u00a0beau XIe si\u00e8cle\u00a0\u00bb\u00a0? (27:30)<\/li>\n<li>Les principaut\u00e9s rivales des <em>taifas<\/em>\u00a0: fragmentation politique mais vivacit\u00e9 culturelle (29:20)<\/li>\n<li>L\u2019ombre port\u00e9e du califat disparu, et la question de la l\u00e9gitimit\u00e9 (32:00)<\/li>\n<li>Puissance et vuln\u00e9rabilit\u00e9 de ces royaumes (33:30)<\/li>\n<li>La fluidit\u00e9 des cat\u00e9gories de pens\u00e9e au XIe si\u00e8cle (36:45)<\/li>\n<li>L\u2019identit\u00e9 arabe affirm\u00e9e d\u2019Al-Andalus (41:30)<\/li>\n<li>Les choix d\u2019\u00e9criture du livre (42:30)<\/li>\n<\/ul>\n<p><strong>Les conseils\u00a0:<\/strong> <em>La bibliomule de Cordoue<\/em> (Lupano, 2021)\u00a0; <em>Le destin<\/em> (Youssef Chahine, 1997)<\/p>\n","protected":false},"excerpt":{"rendered":"<p>L\u2019invit\u00e9e\u00a0: Emmanuelle Tixier du Mesnil, professeure d\u2019histoire m\u00e9di\u00e9vale (Paris-Nanterre) Le livre\u00a0: Savoir et pouvoir en Al-Andalus au XIe si\u00e8cle, Paris, Seuil 2022 La discussion\u00a0: Introduction (00:00) Qu\u2019est-ce qu\u2019Al-Andalus\u00a0? (1:00) Comment s\u2019est construire l\u2019image de l\u2019Andalousie m\u00e9di\u00e9vale et de sa tol\u00e9rance au XVIIIe si\u00e8cle\u00a0? (3:00) La place d\u2019Al-Andalus dans les d\u00e9bats sur la nation espagnole aux &hellip; <a href=\"https:\/\/parolesdhistoire.fr\/index.php\/2022\/06\/06\/251-histoire-et-historiographie-dal-andalus-avec-emmanuelle-tixier-du-mesnil\/\" class=\"more-link\">Continue reading<span class=\"screen-reader-text\"> &#8220;251. Histoire et historiographie d&#8217;Al-Andalus, avec Emmanuelle Tixier du Mesnil&#8221;<\/span><\/a><\/p>\n","protected":false},"author":1,"featured_media":0,"comment_status":"open","ping_status":"open","sticky":false,"template":"","format":"standard","meta":{"footnotes":""},"categories":[4],"tags":[119,54,136,97],"class_list":["post-2034","post","type-post","status-publish","format-standard","hentry","category-parution","tag-espagne","tag-histoire-medievale","tag-islam","tag-mediterranee"],"_links":{"self":[{"href":"https:\/\/parolesdhistoire.fr\/index.php\/wp-json\/wp\/v2\/posts\/2034","targetHints":{"allow":["GET"]}}],"collection":[{"href":"https:\/\/parolesdhistoire.fr\/index.php\/wp-json\/wp\/v2\/posts"}],"about":[{"href":"https:\/\/parolesdhistoire.fr\/index.php\/wp-json\/wp\/v2\/types\/post"}],"author":[{"embeddable":true,"href":"https:\/\/parolesdhistoire.fr\/index.php\/wp-json\/wp\/v2\/users\/1"}],"replies":[{"embeddable":true,"href":"https:\/\/parolesdhistoire.fr\/index.php\/wp-json\/wp\/v2\/comments?post=2034"}],"version-history":[{"count":1,"href":"https:\/\/parolesdhistoire.fr\/index.php\/wp-json\/wp\/v2\/posts\/2034\/revisions"}],"predecessor-version":[{"id":2036,"href":"https:\/\/parolesdhistoire.fr\/index.php\/wp-json\/wp\/v2\/posts\/2034\/revisions\/2036"}],"wp:attachment":[{"href":"https:\/\/parolesdhistoire.fr\/index.php\/wp-json\/wp\/v2\/media?parent=2034"}],"wp:term":[{"taxonomy":"category","embeddable":true,"href":"https:\/\/parolesdhistoire.fr\/index.php\/wp-json\/wp\/v2\/categories?post=2034"},{"taxonomy":"post_tag","embeddable":true,"href":"https:\/\/parolesdhistoire.fr\/index.php\/wp-json\/wp\/v2\/tags?post=2034"}],"curies":[{"name":"wp","href":"https:\/\/api.w.org\/{rel}","templated":true}]}}