{"id":2044,"date":"2022-06-20T03:32:46","date_gmt":"2022-06-20T01:32:46","guid":{"rendered":"http:\/\/parolesdhistoire.fr\/?p=2044"},"modified":"2022-06-19T23:09:15","modified_gmt":"2022-06-19T21:09:15","slug":"253-explorateurs-et-exploratrices-au-xixe-siecle-avec-helene-blais","status":"publish","type":"post","link":"https:\/\/parolesdhistoire.fr\/index.php\/2022\/06\/20\/253-explorateurs-et-exploratrices-au-xixe-siecle-avec-helene-blais\/","title":{"rendered":"253. Explorateurs et exploratrices au XIXe si\u00e8cle, avec H\u00e9l\u00e8ne Blais"},"content":{"rendered":"<iframe loading=\"lazy\" src=\"https:\/\/player.blubrry.com\/?media_url=https%3A%2F%2Fmedia.blubrry.com%2Fparolesdhistoire%2Fcontent.blubrry.com%2Fparolesdhistoire%2F253_Explorateurs_et_exploratrices_au_XIXe_s.mp3&amp;modern=1&amp;podcast_link=https%3A%2F%2Fparolesdhistoire.fr%2Findex.php%2F2022%2F06%2F20%2F253-explorateurs-et-exploratrices-au-xixe-siecle-avec-helene-blais%2F#mode-Light&border-000000&progress-000000\" scrolling=\"no\" width=\"100%\" height=\"165\" frameborder=\"0\" id=\"blubrryplayer-1\" class=\"blubrryplayer\" title=\"Blubrry Podcast Player\"><\/iframe><p class=\"powerpress_links powerpress_links_mp3\" style=\"margin-bottom: 1px !important;\">Podcast: <a href=\"https:\/\/media.blubrry.com\/parolesdhistoire\/content.blubrry.com\/parolesdhistoire\/253_Explorateurs_et_exploratrices_au_XIXe_s.mp3\" class=\"powerpress_link_pinw\" target=\"_blank\" title=\"Play in new window\" onclick=\"return powerpress_pinw('https:\/\/parolesdhistoire.fr\/?powerpress_pinw=2044-podcast');\" rel=\"nofollow\">Play in new window<\/a> | <a href=\"https:\/\/media.blubrry.com\/parolesdhistoire\/content.blubrry.com\/parolesdhistoire\/253_Explorateurs_et_exploratrices_au_XIXe_s.mp3\" class=\"powerpress_link_d\" title=\"Download\" rel=\"nofollow\" download=\"253_Explorateurs_et_exploratrices_au_XIXe_s.mp3\">Download<\/a><\/p><p class=\"powerpress_links powerpress_subscribe_links\">S'abonner :  <a href=\"https:\/\/itunes.apple.com\/fr\/podcast\/paroles-dhistoire\/id1376002842?l=en&amp;mt=2&amp;ls=1#episodeGuid=http%3A%2F%2Fparolesdhistoire.fr%2F%3Fp%3D2044\" class=\"powerpress_link_subscribe powerpress_link_subscribe_itunes\" target=\"_blank\" title=\"Subscribe on Apple Podcasts\" rel=\"nofollow\">Apple Podcasts<\/a> | <a href=\"https:\/\/open.spotify.com\/show\/57zBA3htpYUB4MJNhhlDnn\" class=\"powerpress_link_subscribe powerpress_link_subscribe_spotify\" target=\"_blank\" title=\"Subscribe on Spotify\" rel=\"nofollow\">Spotify<\/a> | <a href=\"https:\/\/subscribeonandroid.com\/feeds.audiomeans.fr\/feed\/c3e6abea-2254-416a-b8ef-0619098d0e45.xml\" class=\"powerpress_link_subscribe powerpress_link_subscribe_android\" target=\"_blank\" title=\"Subscribe on Android\" rel=\"nofollow\">Android<\/a> | <a href=\"https:\/\/www.deezer.com\/en\/show\/1000680512\" class=\"powerpress_link_subscribe powerpress_link_subscribe_deezer\" target=\"_blank\" title=\"Subscribe on Deezer\" rel=\"nofollow\">Deezer<\/a> | <a href=\"https:\/\/feeds.audiomeans.fr\/feed\/c3e6abea-2254-416a-b8ef-0619098d0e45.xml\" class=\"powerpress_link_subscribe powerpress_link_subscribe_rss\" target=\"_blank\" title=\"Subscribe via RSS\" rel=\"nofollow\">RSS<\/a> | <a href=\"https:\/\/parolesdhistoire.fr\/index.php\/sabonner\/\" class=\"powerpress_link_subscribe powerpress_link_subscribe_more\" target=\"_blank\" title=\"More\" rel=\"nofollow\">More<\/a><\/p><p><strong>L\u2019invit\u00e9e : <\/strong>H\u00e9l\u00e8ne Blais, professeure d\u2019histoire \u00e0 l\u2019ENS<\/p>\n<p><strong>\u00a0<\/strong><strong>L\u2019exposition : <\/strong>Visages de l\u2019exploration au XIXe si\u00e8cle (BNF)<\/p>\n<p><strong> <a href=\"http:\/\/parolesdhistoire.fr\/wp-content\/uploads\/2022\/06\/AFFICHE.jpg\"><img loading=\"lazy\" decoding=\"async\" class=\"aligncenter size-large wp-image-2048\" src=\"http:\/\/parolesdhistoire.fr\/wp-content\/uploads\/2022\/06\/AFFICHE-1024x538.jpg\" alt=\"\" width=\"840\" height=\"441\" srcset=\"https:\/\/parolesdhistoire.fr\/wp-content\/uploads\/2022\/06\/AFFICHE-1024x538.jpg 1024w, https:\/\/parolesdhistoire.fr\/wp-content\/uploads\/2022\/06\/AFFICHE-300x158.jpg 300w, https:\/\/parolesdhistoire.fr\/wp-content\/uploads\/2022\/06\/AFFICHE-768x403.jpg 768w, https:\/\/parolesdhistoire.fr\/wp-content\/uploads\/2022\/06\/AFFICHE-1200x630.jpg 1200w, https:\/\/parolesdhistoire.fr\/wp-content\/uploads\/2022\/06\/AFFICHE.jpg 1481w\" sizes=\"auto, (max-width: 709px) 85vw, (max-width: 909px) 67vw, (max-width: 1362px) 62vw, 840px\" \/><\/a><\/strong><\/p>\n<p><strong>La discussion :<\/strong><\/p>\n<ul>\n<li>\u00ab\u00a0Je hais les voyages et les explorateurs\u00a0\u00bb: une exposition destin\u00e9e \u00e0 questionner les mythes et les images de l\u2019exploration (1:00)<\/li>\n<li>\u00a0Mettre en valeur d\u2019autres figures de l\u2019exploration: pas seulement des hommes blancs europ\u00e9ens solitaires (3:00)<\/li>\n<li>Qu\u2019est-ce qui singularise le XIXe si\u00e8cle dans une histoire longue de l\u2019exploration\u00a0? (4:00)<\/li>\n<li>Le travail pr\u00e9paratoire de l\u2019exposition (5:15)<\/li>\n<li>Comment pr\u00e9venir le risque de renforcer les st\u00e9r\u00e9otypes (7:10)<\/li>\n<li>La provenance des objets \u00ab\u00a0indig\u00e8nes\u00a0\u00bb, question aujourd\u2019hui majeure pour les mus\u00e9es (9:30)<\/li>\n<li>Les objets savants de l\u2019exploration et le miroir qu\u2019ils nous tendent (11:10)<\/li>\n<li>La difficult\u00e9 physique de l\u2019exploration (13:00)<\/li>\n<li>Les pratiques de d\u00e9guisement et de dissimulation des explorateurs (15:00)<\/li>\n<li>Laissez-passer et interm\u00e9diaires locaux (16:45)<\/li>\n<li>La place donn\u00e9e aux cartes dans l\u2019exposition (18:05)<\/li>\n<li>La photographie et ce qu\u2019elle change \u00e0 l\u2019exploration (20:00)<\/li>\n<li>Un rapport \u00e0 l\u2019autre incertain: en tension entre curiosit\u00e9 et pr\u00e9jug\u00e9s (21:30)<\/li>\n<li>Lz r\u00f4le des femmes dans l\u2019exploration au XIXe si\u00e8cle (27:00)<\/li>\n<li><strong>Lecture, par Solenn Soidiki: Octavie Coudreau, <em>Voyage au Cumina, 20 avril 1900- 7 septembre 1900, <\/em>Paris, A.Lahure, 1901<\/strong><\/li>\n<li>Le regard \u00ab\u00a0premier\u00a0\u00bb des explorateurs sur des soci\u00e9t\u00e9s disparues (30:20)<\/li>\n<li>Quel ancrage institutionnel pour l\u2019exploration\u00a0? (33:00)<\/li>\n<li>La culture de l\u2019exploration (35:45)<\/li>\n<li><strong>Extrait de Tristes Tropiques (Claude L\u00e9vi-Strauss) (37:15)<\/strong><\/li>\n<li>Le film de James Gray, Lost city of Z (40:15)<\/li>\n<\/ul>\n<p><strong>Les conseils et r\u00e9f\u00e9rences:<\/strong><\/p>\n<ul>\n<li>The Lost city of Z (David Grann, adapt\u00e9 au cin\u00e9ma par James Gray, 2016)<\/li>\n<li>Entretien avec <a href=\"http:\/\/parolesdhistoire.fr\/index.php\/2020\/09\/21\/151-photographier-les-guerres-coloniales-avec-daniel-foliard\/\">Daniel Foliard<\/a><\/li>\n<li>Felix Driver, Geography Militant. Cultures of Exploration and Empire, Oxford, Blackwell Publisher, 2001.<\/li>\n<li>Patrick Straumann, <em>Oyapock<\/em><\/li>\n<\/ul>\n","protected":false},"excerpt":{"rendered":"<p>L\u2019invit\u00e9e : H\u00e9l\u00e8ne Blais, professeure d\u2019histoire \u00e0 l\u2019ENS \u00a0L\u2019exposition : Visages de l\u2019exploration au XIXe si\u00e8cle (BNF) La discussion : \u00ab\u00a0Je hais les voyages et les explorateurs\u00a0\u00bb: une exposition destin\u00e9e \u00e0 questionner les mythes et les images de l\u2019exploration (1:00) \u00a0Mettre en valeur d\u2019autres figures de l\u2019exploration: pas seulement des hommes blancs europ\u00e9ens solitaires (3:00) &hellip; <a href=\"https:\/\/parolesdhistoire.fr\/index.php\/2022\/06\/20\/253-explorateurs-et-exploratrices-au-xixe-siecle-avec-helene-blais\/\" class=\"more-link\">Continue reading<span class=\"screen-reader-text\"> &#8220;253. Explorateurs et exploratrices au XIXe si\u00e8cle, avec H\u00e9l\u00e8ne Blais&#8221;<\/span><\/a><\/p>\n","protected":false},"author":1,"featured_media":0,"comment_status":"open","ping_status":"open","sticky":false,"template":"","format":"standard","meta":{"footnotes":""},"categories":[1],"tags":[98,26,12,260,34],"class_list":["post-2044","post","type-post","status-publish","format-standard","hentry","category-non-classe","tag-afrique","tag-asie","tag-colonisation","tag-exposition","tag-xixe"],"_links":{"self":[{"href":"https:\/\/parolesdhistoire.fr\/index.php\/wp-json\/wp\/v2\/posts\/2044","targetHints":{"allow":["GET"]}}],"collection":[{"href":"https:\/\/parolesdhistoire.fr\/index.php\/wp-json\/wp\/v2\/posts"}],"about":[{"href":"https:\/\/parolesdhistoire.fr\/index.php\/wp-json\/wp\/v2\/types\/post"}],"author":[{"embeddable":true,"href":"https:\/\/parolesdhistoire.fr\/index.php\/wp-json\/wp\/v2\/users\/1"}],"replies":[{"embeddable":true,"href":"https:\/\/parolesdhistoire.fr\/index.php\/wp-json\/wp\/v2\/comments?post=2044"}],"version-history":[{"count":4,"href":"https:\/\/parolesdhistoire.fr\/index.php\/wp-json\/wp\/v2\/posts\/2044\/revisions"}],"predecessor-version":[{"id":2049,"href":"https:\/\/parolesdhistoire.fr\/index.php\/wp-json\/wp\/v2\/posts\/2044\/revisions\/2049"}],"wp:attachment":[{"href":"https:\/\/parolesdhistoire.fr\/index.php\/wp-json\/wp\/v2\/media?parent=2044"}],"wp:term":[{"taxonomy":"category","embeddable":true,"href":"https:\/\/parolesdhistoire.fr\/index.php\/wp-json\/wp\/v2\/categories?post=2044"},{"taxonomy":"post_tag","embeddable":true,"href":"https:\/\/parolesdhistoire.fr\/index.php\/wp-json\/wp\/v2\/tags?post=2044"}],"curies":[{"name":"wp","href":"https:\/\/api.w.org\/{rel}","templated":true}]}}