{"id":2068,"date":"2022-08-29T02:49:58","date_gmt":"2022-08-29T00:49:58","guid":{"rendered":"http:\/\/parolesdhistoire.fr\/?p=2068"},"modified":"2022-08-28T18:31:25","modified_gmt":"2022-08-28T16:31:25","slug":"255-de-weimar-a-bonn-avec-agathe-bernier-monod","status":"publish","type":"post","link":"https:\/\/parolesdhistoire.fr\/index.php\/2022\/08\/29\/255-de-weimar-a-bonn-avec-agathe-bernier-monod\/","title":{"rendered":"255. Parlementaires allemands, de Weimar \u00e0 Bonn, avec Agathe Bernier-Monod"},"content":{"rendered":"<iframe loading=\"lazy\" src=\"https:\/\/player.blubrry.com\/?media_url=https%3A%2F%2Fmedia.blubrry.com%2Fparolesdhistoire%2Fcontent.blubrry.com%2Fparolesdhistoire%2F255_De_Weimar_Bonn.mp3&amp;modern=1&amp;podcast_link=https%3A%2F%2Fparolesdhistoire.fr%2Findex.php%2F2022%2F08%2F29%2F255-de-weimar-a-bonn-avec-agathe-bernier-monod%2F#mode-Light&border-000000&progress-000000\" scrolling=\"no\" width=\"100%\" height=\"165\" frameborder=\"0\" id=\"blubrryplayer-1\" class=\"blubrryplayer\" title=\"Blubrry Podcast Player\"><\/iframe><p class=\"powerpress_links powerpress_links_mp3\" style=\"margin-bottom: 1px !important;\">Podcast: <a href=\"https:\/\/media.blubrry.com\/parolesdhistoire\/content.blubrry.com\/parolesdhistoire\/255_De_Weimar_Bonn.mp3\" class=\"powerpress_link_pinw\" target=\"_blank\" title=\"Play in new window\" onclick=\"return powerpress_pinw('https:\/\/parolesdhistoire.fr\/?powerpress_pinw=2068-podcast');\" rel=\"nofollow\">Play in new window<\/a> | <a href=\"https:\/\/media.blubrry.com\/parolesdhistoire\/content.blubrry.com\/parolesdhistoire\/255_De_Weimar_Bonn.mp3\" class=\"powerpress_link_d\" title=\"Download\" rel=\"nofollow\" download=\"255_De_Weimar_Bonn.mp3\">Download<\/a><\/p><p class=\"powerpress_links powerpress_subscribe_links\">S'abonner :  <a href=\"https:\/\/itunes.apple.com\/fr\/podcast\/paroles-dhistoire\/id1376002842?l=en&amp;mt=2&amp;ls=1#episodeGuid=http%3A%2F%2Fparolesdhistoire.fr%2F%3Fp%3D2068\" class=\"powerpress_link_subscribe powerpress_link_subscribe_itunes\" target=\"_blank\" title=\"Subscribe on Apple Podcasts\" rel=\"nofollow\">Apple Podcasts<\/a> | <a href=\"https:\/\/open.spotify.com\/show\/57zBA3htpYUB4MJNhhlDnn\" class=\"powerpress_link_subscribe powerpress_link_subscribe_spotify\" target=\"_blank\" title=\"Subscribe on Spotify\" rel=\"nofollow\">Spotify<\/a> | <a href=\"https:\/\/subscribeonandroid.com\/feeds.audiomeans.fr\/feed\/c3e6abea-2254-416a-b8ef-0619098d0e45.xml\" class=\"powerpress_link_subscribe powerpress_link_subscribe_android\" target=\"_blank\" title=\"Subscribe on Android\" rel=\"nofollow\">Android<\/a> | <a href=\"https:\/\/www.deezer.com\/en\/show\/1000680512\" class=\"powerpress_link_subscribe powerpress_link_subscribe_deezer\" target=\"_blank\" title=\"Subscribe on Deezer\" rel=\"nofollow\">Deezer<\/a> | <a href=\"https:\/\/feeds.audiomeans.fr\/feed\/c3e6abea-2254-416a-b8ef-0619098d0e45.xml\" class=\"powerpress_link_subscribe powerpress_link_subscribe_rss\" target=\"_blank\" title=\"Subscribe via RSS\" rel=\"nofollow\">RSS<\/a> | <a href=\"https:\/\/parolesdhistoire.fr\/index.php\/sabonner\/\" class=\"powerpress_link_subscribe powerpress_link_subscribe_more\" target=\"_blank\" title=\"More\" rel=\"nofollow\">More<\/a><\/p><p><strong>L\u2019invit\u00e9e\u00a0:<\/strong> Agathe Bernier-Monod, MCF d\u2019\u00e9tudes germaniques \u00e0 l\u2019Universit\u00e9 du Havre<\/p>\n<p><a href=\"http:\/\/parolesdhistoire.fr\/wp-content\/uploads\/2022\/08\/29021100518980L.jpg\"><img loading=\"lazy\" decoding=\"async\" class=\"aligncenter size-full wp-image-2070\" src=\"http:\/\/parolesdhistoire.fr\/wp-content\/uploads\/2022\/08\/29021100518980L.jpg\" alt=\"\" width=\"608\" height=\"913\" srcset=\"https:\/\/parolesdhistoire.fr\/wp-content\/uploads\/2022\/08\/29021100518980L.jpg 608w, https:\/\/parolesdhistoire.fr\/wp-content\/uploads\/2022\/08\/29021100518980L-200x300.jpg 200w\" sizes=\"auto, (max-width: 709px) 85vw, (max-width: 909px) 67vw, (max-width: 984px) 61vw, (max-width: 1362px) 45vw, 600px\" \/><\/a><strong>Le livre\u00a0:<\/strong> <em>Les fondateurs. Reconstruire la R\u00e9publique apr\u00e8s le nazisme<\/em>, ENS \u00e9ditions, 2022, en ligne\u00a0:<\/p>\n<p><a href=\"https:\/\/books.openedition.org\/enseditions\/41673?format=toc\">https:\/\/books.openedition.org\/enseditions\/41673?format=toc<\/a><\/p>\n<p><strong>La discussion\u00a0:<\/strong><\/p>\n<ul>\n<li>Introduction (00\u00a0:00)<\/li>\n<li>La choix de l\u2019histoire contemporaine allemande (1\u00a0:10)<\/li>\n<li>La construction d\u2019un sujet de recherche sur les parlementaires allemands (3\u00a0:40)<\/li>\n<li>La d\u00e9marche\u00a0: questionner leurs parcours sur une longue dur\u00e9e (6\u00a0:30)<\/li>\n<li>Un \u00ab\u00a0chemin particulier\u00a0\u00bb de l\u2019histoire allemande\u00a0? (8\u00a0:00)<\/li>\n<li>L\u2019ambigu\u00eft\u00e9 de la R\u00e9publique de Weimar dans l\u2019histoire politique allemande, repoussoir <em>et<\/em> mod\u00e8le apr\u00e8s 1945 (9\u00a0:00)<\/li>\n<li>Les sources, entre lacunes et abondance (12\u00a0:15)<\/li>\n<li>La vari\u00e9t\u00e9 des profils des parlementaires \u00e9tudi\u00e9s, de la gauche \u00e0 la droite national-conservatrice, comme Otto von Bismarck, petit-fils \u00ab\u00a0de\u00a0\u00bb (15\u00a0:00)<\/li>\n<li>Le fonctionnement du parlement d\u00e9j\u00e0 d\u00e9grad\u00e9 par l\u2019irruption des nazis d\u00e8s 1930 (17\u00a0:00)<\/li>\n<li>La rupture violente de 1933, avec des parlementaires vis\u00e9s par la r\u00e9pression (19\u00a0:00)<\/li>\n<li>Le devenir d\u2019un ancien d\u00e9put\u00e9 communiste, Wilhelm Agatz (21\u00a0:00)<\/li>\n<li>Les trajectoires d\u2019exil avec Ernst Roth, r\u00e9sistant en France (23\u00a0:00) ou les difficult\u00e9s v\u00e9cues (25\u00a0:00)<\/li>\n<li>Se r\u00e9ins\u00e9rer dans la vie politique apr\u00e8s 1945, aupr\u00e8s des alli\u00e9s (26\u00a0:10)<\/li>\n<li>Une culture politique plus \u00ab\u00a0virile\u00a0\u00bb apr\u00e8s le nazisme\u00a0? (29\u00a0:00)<\/li>\n<li>La RFA comme \u00ab\u00a0restauration\u00a0\u00bb\u00a0? (32\u00a0:00)<\/li>\n<li>Hermann Brill, figure marquante de l\u2019antinazisme (34\u00a0:20), contribuant \u00e0 fonder l\u2019Institut fur Zeitgeschichte de Munich<\/li>\n<li>La nostalgie de Berlin pour les parlementaires de Bonn (39\u00a0:00)<\/li>\n<li>Conseils de lecture ()\u00a0: Nicolas Patin, <em>La catastrophe allemande<\/em> (Fayard, 2014) et Timothy Tackett, <em>Par la volont\u00e9 du peuple. Comment les d\u00e9put\u00e9s de 1789 sont devenus r\u00e9volutionnaires<\/em> (Albin Michel, 1997).<\/li>\n<\/ul>\n<p>&nbsp;<\/p>\n","protected":false},"excerpt":{"rendered":"<p>L\u2019invit\u00e9e\u00a0: Agathe Bernier-Monod, MCF d\u2019\u00e9tudes germaniques \u00e0 l\u2019Universit\u00e9 du Havre Le livre\u00a0: Les fondateurs. Reconstruire la R\u00e9publique apr\u00e8s le nazisme, ENS \u00e9ditions, 2022, en ligne\u00a0: https:\/\/books.openedition.org\/enseditions\/41673?format=toc La discussion\u00a0: Introduction (00\u00a0:00) La choix de l\u2019histoire contemporaine allemande (1\u00a0:10) La construction d\u2019un sujet de recherche sur les parlementaires allemands (3\u00a0:40) La d\u00e9marche\u00a0: questionner leurs parcours sur une &hellip; <a href=\"https:\/\/parolesdhistoire.fr\/index.php\/2022\/08\/29\/255-de-weimar-a-bonn-avec-agathe-bernier-monod\/\" class=\"more-link\">Continue reading<span class=\"screen-reader-text\"> &#8220;255. Parlementaires allemands, de Weimar \u00e0 Bonn, avec Agathe Bernier-Monod&#8221;<\/span><\/a><\/p>\n","protected":false},"author":1,"featured_media":0,"comment_status":"open","ping_status":"open","sticky":false,"template":"","format":"standard","meta":{"footnotes":""},"categories":[4],"tags":[61,13,227,261],"class_list":["post-2068","post","type-post","status-publish","format-standard","hentry","category-parution","tag-allemagne","tag-histoire-politique","tag-nazisme","tag-parlement"],"_links":{"self":[{"href":"https:\/\/parolesdhistoire.fr\/index.php\/wp-json\/wp\/v2\/posts\/2068","targetHints":{"allow":["GET"]}}],"collection":[{"href":"https:\/\/parolesdhistoire.fr\/index.php\/wp-json\/wp\/v2\/posts"}],"about":[{"href":"https:\/\/parolesdhistoire.fr\/index.php\/wp-json\/wp\/v2\/types\/post"}],"author":[{"embeddable":true,"href":"https:\/\/parolesdhistoire.fr\/index.php\/wp-json\/wp\/v2\/users\/1"}],"replies":[{"embeddable":true,"href":"https:\/\/parolesdhistoire.fr\/index.php\/wp-json\/wp\/v2\/comments?post=2068"}],"version-history":[{"count":2,"href":"https:\/\/parolesdhistoire.fr\/index.php\/wp-json\/wp\/v2\/posts\/2068\/revisions"}],"predecessor-version":[{"id":2071,"href":"https:\/\/parolesdhistoire.fr\/index.php\/wp-json\/wp\/v2\/posts\/2068\/revisions\/2071"}],"wp:attachment":[{"href":"https:\/\/parolesdhistoire.fr\/index.php\/wp-json\/wp\/v2\/media?parent=2068"}],"wp:term":[{"taxonomy":"category","embeddable":true,"href":"https:\/\/parolesdhistoire.fr\/index.php\/wp-json\/wp\/v2\/categories?post=2068"},{"taxonomy":"post_tag","embeddable":true,"href":"https:\/\/parolesdhistoire.fr\/index.php\/wp-json\/wp\/v2\/tags?post=2068"}],"curies":[{"name":"wp","href":"https:\/\/api.w.org\/{rel}","templated":true}]}}