{"id":2211,"date":"2023-02-05T23:25:49","date_gmt":"2023-02-05T22:25:49","guid":{"rendered":"http:\/\/parolesdhistoire.fr\/?p=2211"},"modified":"2023-02-05T23:30:08","modified_gmt":"2023-02-05T22:30:08","slug":"274-les-revolutions-ont-elles-besoin-de-leaders-les-mercredis-des-revolutions","status":"publish","type":"post","link":"https:\/\/parolesdhistoire.fr\/index.php\/2023\/02\/05\/274-les-revolutions-ont-elles-besoin-de-leaders-les-mercredis-des-revolutions\/","title":{"rendered":"274. Les r\u00e9volutions ont-elles besoin de leaders? (les mercredis des r\u00e9volutions)"},"content":{"rendered":"<iframe loading=\"lazy\" src=\"https:\/\/player.blubrry.com\/?media_url=https%3A%2F%2Fmedia.blubrry.com%2Fparolesdhistoire%2Fcontent.blubrry.com%2Fparolesdhistoire%2F274_chefs_revol.mp3&amp;modern=1&amp;podcast_link=https%3A%2F%2Fparolesdhistoire.fr%2Findex.php%2F2023%2F02%2F05%2F274-les-revolutions-ont-elles-besoin-de-leaders-les-mercredis-des-revolutions%2F#mode-Light&border-000000&progress-000000\" scrolling=\"no\" width=\"100%\" height=\"165\" frameborder=\"0\" id=\"blubrryplayer-1\" class=\"blubrryplayer\" title=\"Blubrry Podcast Player\"><\/iframe><p class=\"powerpress_links powerpress_links_mp3\" style=\"margin-bottom: 1px !important;\">Podcast: <a href=\"https:\/\/media.blubrry.com\/parolesdhistoire\/content.blubrry.com\/parolesdhistoire\/274_chefs_revol.mp3\" class=\"powerpress_link_pinw\" target=\"_blank\" title=\"Play in new window\" onclick=\"return powerpress_pinw('https:\/\/parolesdhistoire.fr\/?powerpress_pinw=2211-podcast');\" rel=\"nofollow\">Play in new window<\/a> | <a href=\"https:\/\/media.blubrry.com\/parolesdhistoire\/content.blubrry.com\/parolesdhistoire\/274_chefs_revol.mp3\" class=\"powerpress_link_d\" title=\"Download\" rel=\"nofollow\" download=\"274_chefs_revol.mp3\">Download<\/a><\/p><p class=\"powerpress_links powerpress_subscribe_links\">S'abonner :  <a href=\"https:\/\/itunes.apple.com\/fr\/podcast\/paroles-dhistoire\/id1376002842?l=en&amp;mt=2&amp;ls=1#episodeGuid=http%3A%2F%2Fparolesdhistoire.fr%2F%3Fp%3D2211\" class=\"powerpress_link_subscribe powerpress_link_subscribe_itunes\" target=\"_blank\" title=\"Subscribe on Apple Podcasts\" rel=\"nofollow\">Apple Podcasts<\/a> | <a href=\"https:\/\/open.spotify.com\/show\/57zBA3htpYUB4MJNhhlDnn\" class=\"powerpress_link_subscribe powerpress_link_subscribe_spotify\" target=\"_blank\" title=\"Subscribe on Spotify\" rel=\"nofollow\">Spotify<\/a> | <a href=\"https:\/\/subscribeonandroid.com\/feeds.audiomeans.fr\/feed\/c3e6abea-2254-416a-b8ef-0619098d0e45.xml\" class=\"powerpress_link_subscribe powerpress_link_subscribe_android\" target=\"_blank\" title=\"Subscribe on Android\" rel=\"nofollow\">Android<\/a> | <a href=\"https:\/\/www.deezer.com\/en\/show\/1000680512\" class=\"powerpress_link_subscribe powerpress_link_subscribe_deezer\" target=\"_blank\" title=\"Subscribe on Deezer\" rel=\"nofollow\">Deezer<\/a> | <a href=\"https:\/\/feeds.audiomeans.fr\/feed\/c3e6abea-2254-416a-b8ef-0619098d0e45.xml\" class=\"powerpress_link_subscribe powerpress_link_subscribe_rss\" target=\"_blank\" title=\"Subscribe via RSS\" rel=\"nofollow\">RSS<\/a> | <a href=\"https:\/\/parolesdhistoire.fr\/index.php\/sabonner\/\" class=\"powerpress_link_subscribe powerpress_link_subscribe_more\" target=\"_blank\" title=\"More\" rel=\"nofollow\">More<\/a><\/p><p><strong>\u00a0<\/strong><strong>Les <a href=\"https:\/\/parolesdhistoire.fr\/index.php\/tag\/mercredis-des-revolutions\/\">mercredis des r\u00e9volutions<\/a>, Universit\u00e9 populaire de la soci\u00e9t\u00e9 d\u2019histoire de 1848 en partenariat avec Politis, Mediapart et Paroles d\u2019histoire. Retrouvez <a href=\"https:\/\/histoire19.hypotheses.org\/12241\">tout le programme de la 6e saison<\/a> (2022-2023).<\/strong><\/p>\n<p><a href=\"http:\/\/parolesdhistoire.fr\/wp-content\/uploads\/2023\/02\/diapo-mercredis.jpg\"><img loading=\"lazy\" decoding=\"async\" class=\"aligncenter size-medium wp-image-2212\" src=\"http:\/\/parolesdhistoire.fr\/wp-content\/uploads\/2023\/02\/diapo-mercredis-300x225.jpg\" alt=\"\" width=\"300\" height=\"225\" srcset=\"https:\/\/parolesdhistoire.fr\/wp-content\/uploads\/2023\/02\/diapo-mercredis-300x225.jpg 300w, https:\/\/parolesdhistoire.fr\/wp-content\/uploads\/2023\/02\/diapo-mercredis-768x576.jpg 768w, https:\/\/parolesdhistoire.fr\/wp-content\/uploads\/2023\/02\/diapo-mercredis.jpg 960w\" sizes=\"auto, (max-width: 300px) 85vw, 300px\" \/><\/a><\/p>\n<p>Depuis quelques ann\u00e9es plusieurs r\u00e9volutions, ou mouvements r\u00e9volutionnaires s\u2019autoproclament et sont d\u00e9crits comme \u00e9tant \u00ab sans leaders \u00bb : ainsi d\u2019Occupy Wall Street (2011), du Mouvement des Indign\u00e9s, dit \u00ab 15-M \u00bb \u00e0 Madrid (2011), des r\u00e9volutions tunisienne, \u00e9gyptienne, libyenne (2011), du mouvement contre l\u2019augmentation du prix du m\u00e9tro en 2013 au Br\u00e9sil, du mouvement de d\u00e9fense du parc Gezi, Taksim, \u00e0 Istambul (2013), de Maidan en Ukraine (2014), Nuit Debout en France (2016), puis des Gilets jaunes (2018), du soul\u00e8vement \u00e0 Hong Kong (2019) ainsi de ce qu\u2019on appelle la \u00ab deuxi\u00e8me vague des r\u00e9volutions arabes (Liban, Irak, Alg\u00e9rie, Soudan, 2019-2021) pour ne citer que les principaux. S\u2019il est int\u00e9ressant de regarder au plus pr\u00e8s ces mouvements sans leaders, il l\u2019est aussi de se demander si c\u2019est nouveau. Les r\u00e9volutions du pass\u00e9 \u00e9taient-elles sans leader ? Et si non pourquoi ? On peut aussi se demander \u00e0 quoi sert un ou une leader dans une r\u00e9volution ? Qui fait le leader ? quelle est sa l\u00e9gitimit\u00e9 ? Les leaders sortent-ils des r\u00e9volutions ou pr\u00e9-existent-ils (ou t&#8217;elles) \u00e0 la r\u00e9volution et s&#8217;y r\u00e9v\u00e8lent? Quelle organisation selon qu\u2019il y ait, ou pas, de leaders ? quels dangers posent les leaders? Que deviennent les leaders apr\u00e8s les r\u00e9volutions? Les leaders sont-ils souhaitables ?<\/p>\n<p>D\u00e9bat avec <strong>David Bell<\/strong>, professeur \u00e0 Princeton et <strong>Mathilde Larr\u00e8re<\/strong>, universit\u00e9 Gustave Eiffel. S\u00e9ance anim\u00e9e par <strong>Alexandre Frondizi<\/strong>.<\/p>\n","protected":false},"excerpt":{"rendered":"<p>\u00a0Les mercredis des r\u00e9volutions, Universit\u00e9 populaire de la soci\u00e9t\u00e9 d\u2019histoire de 1848 en partenariat avec Politis, Mediapart et Paroles d\u2019histoire. Retrouvez tout le programme de la 6e saison (2022-2023). Depuis quelques ann\u00e9es plusieurs r\u00e9volutions, ou mouvements r\u00e9volutionnaires s\u2019autoproclament et sont d\u00e9crits comme \u00e9tant \u00ab sans leaders \u00bb : ainsi d\u2019Occupy Wall Street (2011), du Mouvement &hellip; <a href=\"https:\/\/parolesdhistoire.fr\/index.php\/2023\/02\/05\/274-les-revolutions-ont-elles-besoin-de-leaders-les-mercredis-des-revolutions\/\" class=\"more-link\">Continue reading<span class=\"screen-reader-text\"> &#8220;274. Les r\u00e9volutions ont-elles besoin de leaders? (les mercredis des r\u00e9volutions)&#8221;<\/span><\/a><\/p>\n","protected":false},"author":1,"featured_media":0,"comment_status":"open","ping_status":"open","sticky":false,"template":"","format":"standard","meta":{"footnotes":""},"categories":[152],"tags":[13,164,154],"class_list":["post-2211","post","type-post","status-publish","format-standard","hentry","category-conference","tag-histoire-politique","tag-mercredis-des-revolutions","tag-revolution"],"_links":{"self":[{"href":"https:\/\/parolesdhistoire.fr\/index.php\/wp-json\/wp\/v2\/posts\/2211","targetHints":{"allow":["GET"]}}],"collection":[{"href":"https:\/\/parolesdhistoire.fr\/index.php\/wp-json\/wp\/v2\/posts"}],"about":[{"href":"https:\/\/parolesdhistoire.fr\/index.php\/wp-json\/wp\/v2\/types\/post"}],"author":[{"embeddable":true,"href":"https:\/\/parolesdhistoire.fr\/index.php\/wp-json\/wp\/v2\/users\/1"}],"replies":[{"embeddable":true,"href":"https:\/\/parolesdhistoire.fr\/index.php\/wp-json\/wp\/v2\/comments?post=2211"}],"version-history":[{"count":3,"href":"https:\/\/parolesdhistoire.fr\/index.php\/wp-json\/wp\/v2\/posts\/2211\/revisions"}],"predecessor-version":[{"id":2215,"href":"https:\/\/parolesdhistoire.fr\/index.php\/wp-json\/wp\/v2\/posts\/2211\/revisions\/2215"}],"wp:attachment":[{"href":"https:\/\/parolesdhistoire.fr\/index.php\/wp-json\/wp\/v2\/media?parent=2211"}],"wp:term":[{"taxonomy":"category","embeddable":true,"href":"https:\/\/parolesdhistoire.fr\/index.php\/wp-json\/wp\/v2\/categories?post=2211"},{"taxonomy":"post_tag","embeddable":true,"href":"https:\/\/parolesdhistoire.fr\/index.php\/wp-json\/wp\/v2\/tags?post=2211"}],"curies":[{"name":"wp","href":"https:\/\/api.w.org\/{rel}","templated":true}]}}