{"id":2216,"date":"2023-02-13T10:12:30","date_gmt":"2023-02-13T09:12:30","guid":{"rendered":"http:\/\/parolesdhistoire.fr\/?p=2216"},"modified":"2023-02-13T10:33:29","modified_gmt":"2023-02-13T09:33:29","slug":"275-passage-en-revues-insensibilites-sensibilites-n11","status":"publish","type":"post","link":"https:\/\/parolesdhistoire.fr\/index.php\/2023\/02\/13\/275-passage-en-revues-insensibilites-sensibilites-n11\/","title":{"rendered":"275. Passage en revues: &#8220;insensibilit\u00e9s&#8221; (Sensibilit\u00e9s n\u00b011)"},"content":{"rendered":"<iframe loading=\"lazy\" src=\"https:\/\/player.blubrry.com\/?media_url=https%3A%2F%2Fmedia.blubrry.com%2Fparolesdhistoire%2Fcontent.blubrry.com%2Fparolesdhistoire%2F275_insensibilites.mp3&amp;modern=1&amp;podcast_link=https%3A%2F%2Fparolesdhistoire.fr%2Findex.php%2F2023%2F02%2F13%2F275-passage-en-revues-insensibilites-sensibilites-n11%2F#mode-Light&border-000000&progress-000000\" scrolling=\"no\" width=\"100%\" height=\"165\" frameborder=\"0\" id=\"blubrryplayer-1\" class=\"blubrryplayer\" title=\"Blubrry Podcast Player\"><\/iframe><p class=\"powerpress_links powerpress_links_mp3\" style=\"margin-bottom: 1px !important;\">Podcast: <a href=\"https:\/\/media.blubrry.com\/parolesdhistoire\/content.blubrry.com\/parolesdhistoire\/275_insensibilites.mp3\" class=\"powerpress_link_pinw\" target=\"_blank\" title=\"Play in new window\" onclick=\"return powerpress_pinw('https:\/\/parolesdhistoire.fr\/?powerpress_pinw=2216-podcast');\" rel=\"nofollow\">Play in new window<\/a> | <a href=\"https:\/\/media.blubrry.com\/parolesdhistoire\/content.blubrry.com\/parolesdhistoire\/275_insensibilites.mp3\" class=\"powerpress_link_d\" title=\"Download\" rel=\"nofollow\" download=\"275_insensibilites.mp3\">Download<\/a><\/p><p class=\"powerpress_links powerpress_subscribe_links\">S'abonner :  <a href=\"https:\/\/itunes.apple.com\/fr\/podcast\/paroles-dhistoire\/id1376002842?l=en&amp;mt=2&amp;ls=1#episodeGuid=http%3A%2F%2Fparolesdhistoire.fr%2F%3Fp%3D2216\" class=\"powerpress_link_subscribe powerpress_link_subscribe_itunes\" target=\"_blank\" title=\"Subscribe on Apple Podcasts\" rel=\"nofollow\">Apple Podcasts<\/a> | <a href=\"https:\/\/open.spotify.com\/show\/57zBA3htpYUB4MJNhhlDnn\" class=\"powerpress_link_subscribe powerpress_link_subscribe_spotify\" target=\"_blank\" title=\"Subscribe on Spotify\" rel=\"nofollow\">Spotify<\/a> | <a href=\"https:\/\/subscribeonandroid.com\/feeds.audiomeans.fr\/feed\/c3e6abea-2254-416a-b8ef-0619098d0e45.xml\" class=\"powerpress_link_subscribe powerpress_link_subscribe_android\" target=\"_blank\" title=\"Subscribe on Android\" rel=\"nofollow\">Android<\/a> | <a href=\"https:\/\/www.deezer.com\/en\/show\/1000680512\" class=\"powerpress_link_subscribe powerpress_link_subscribe_deezer\" target=\"_blank\" title=\"Subscribe on Deezer\" rel=\"nofollow\">Deezer<\/a> | <a href=\"https:\/\/feeds.audiomeans.fr\/feed\/c3e6abea-2254-416a-b8ef-0619098d0e45.xml\" class=\"powerpress_link_subscribe powerpress_link_subscribe_rss\" target=\"_blank\" title=\"Subscribe via RSS\" rel=\"nofollow\">RSS<\/a> | <a href=\"https:\/\/parolesdhistoire.fr\/index.php\/sabonner\/\" class=\"powerpress_link_subscribe powerpress_link_subscribe_more\" target=\"_blank\" title=\"More\" rel=\"nofollow\">More<\/a><\/p><p><strong>Le num\u00e9ro de revue\u00a0:<\/strong> \u00ab\u00a0Insensiblit\u00e9s\u00a0\u00bb (revue Sensibilit\u00e9s n\u00b011, 2023)<\/p>\n<p><a href=\"http:\/\/parolesdhistoire.fr\/wp-content\/uploads\/2023\/02\/322396988_2814724838658920_9170309082870294642_n.jpg\"><img loading=\"lazy\" decoding=\"async\" class=\"aligncenter size-medium wp-image-2217\" src=\"http:\/\/parolesdhistoire.fr\/wp-content\/uploads\/2023\/02\/322396988_2814724838658920_9170309082870294642_n-300x208.jpg\" alt=\"\" width=\"300\" height=\"208\" srcset=\"https:\/\/parolesdhistoire.fr\/wp-content\/uploads\/2023\/02\/322396988_2814724838658920_9170309082870294642_n-300x208.jpg 300w, https:\/\/parolesdhistoire.fr\/wp-content\/uploads\/2023\/02\/322396988_2814724838658920_9170309082870294642_n-768x534.jpg 768w, https:\/\/parolesdhistoire.fr\/wp-content\/uploads\/2023\/02\/322396988_2814724838658920_9170309082870294642_n-1024x712.jpg 1024w, https:\/\/parolesdhistoire.fr\/wp-content\/uploads\/2023\/02\/322396988_2814724838658920_9170309082870294642_n-1200x834.jpg 1200w, https:\/\/parolesdhistoire.fr\/wp-content\/uploads\/2023\/02\/322396988_2814724838658920_9170309082870294642_n.jpg 2016w\" sizes=\"auto, (max-width: 300px) 85vw, 300px\" \/><\/a><strong>Les invit\u00e9-es\u00a0:<\/strong><\/p>\n<ul>\n<li>Chlo\u00e9 Path\u00e9, \u00e9ditrice<\/li>\n<li>Quentin Deluermoz, historien<\/li>\n<\/ul>\n<p><strong>La discussion:<\/strong><\/p>\n<ul>\n<li>Introduction (00:00)<\/li>\n<li>Un num\u00e9ro comme un bilan d\u2019\u00e9tape pour une revue lanc\u00e9e il y a sept ans (1:20)<\/li>\n<li>Les sensibilit\u00e9s, un angle d\u2019approche plus qu\u2019un champ acad\u00e9mique (2:30)<\/li>\n<li>Une revue ouverte \u00e0 plusieurs disciplines et plusieurs \u00e9critures (5:00)<\/li>\n<li>Financement, mod\u00e8le \u00e9ditorial et \u00e9conomie d\u2019une telle revue (7:30)<\/li>\n<li>Choix graphiques et tonalit\u00e9 \u00e9motionnelle (13:00)<\/li>\n<li>Comment se fabrique un num\u00e9ro de revue\u00a0? (19:00)<\/li>\n<li>Le choix du th\u00e8me \u00ab\u00a0insensibilit\u00e9s\u00a0\u00bb (24:40)<\/li>\n<li>Des textes entre registre acad\u00e9mique et expression personnelle (29:00)<\/li>\n<li>Le sommaire du num\u00e9ro, et les p\u00e9riodes historiques concern\u00e9es, dont le XIXe si\u00e8cle \u00e0 travers les carnets du bourreau Deibler (33:30)<\/li>\n<li>Comment objectiver le sensible\u00a0? (38:30)<\/li>\n<li>Pour commettre des violences, faut-il se rendre insensible \u00e0 l\u2019autre\u00a0? (40:30)<\/li>\n<li>L\u2019impossibilit\u00e9 d\u2019\u00eatre sensible \u00e0 tout (43:00)<\/li>\n<\/ul>\n","protected":false},"excerpt":{"rendered":"<p>Le num\u00e9ro de revue\u00a0: \u00ab\u00a0Insensiblit\u00e9s\u00a0\u00bb (revue Sensibilit\u00e9s n\u00b011, 2023) Les invit\u00e9-es\u00a0: Chlo\u00e9 Path\u00e9, \u00e9ditrice Quentin Deluermoz, historien La discussion: Introduction (00:00) Un num\u00e9ro comme un bilan d\u2019\u00e9tape pour une revue lanc\u00e9e il y a sept ans (1:20) Les sensibilit\u00e9s, un angle d\u2019approche plus qu\u2019un champ acad\u00e9mique (2:30) Une revue ouverte \u00e0 plusieurs disciplines et plusieurs &hellip; <a href=\"https:\/\/parolesdhistoire.fr\/index.php\/2023\/02\/13\/275-passage-en-revues-insensibilites-sensibilites-n11\/\" class=\"more-link\">Continue reading<span class=\"screen-reader-text\"> &#8220;275. Passage en revues: &#8220;insensibilit\u00e9s&#8221; (Sensibilit\u00e9s n\u00b011)&#8221;<\/span><\/a><\/p>\n","protected":false},"author":1,"featured_media":0,"comment_status":"open","ping_status":"open","sticky":false,"template":"","format":"standard","meta":{"footnotes":""},"categories":[4],"tags":[195,51,265,95],"class_list":["post-2216","post","type-post","status-publish","format-standard","hentry","category-parution","tag-edition","tag-metier","tag-revues","tag-sensibilite"],"_links":{"self":[{"href":"https:\/\/parolesdhistoire.fr\/index.php\/wp-json\/wp\/v2\/posts\/2216","targetHints":{"allow":["GET"]}}],"collection":[{"href":"https:\/\/parolesdhistoire.fr\/index.php\/wp-json\/wp\/v2\/posts"}],"about":[{"href":"https:\/\/parolesdhistoire.fr\/index.php\/wp-json\/wp\/v2\/types\/post"}],"author":[{"embeddable":true,"href":"https:\/\/parolesdhistoire.fr\/index.php\/wp-json\/wp\/v2\/users\/1"}],"replies":[{"embeddable":true,"href":"https:\/\/parolesdhistoire.fr\/index.php\/wp-json\/wp\/v2\/comments?post=2216"}],"version-history":[{"count":2,"href":"https:\/\/parolesdhistoire.fr\/index.php\/wp-json\/wp\/v2\/posts\/2216\/revisions"}],"predecessor-version":[{"id":2219,"href":"https:\/\/parolesdhistoire.fr\/index.php\/wp-json\/wp\/v2\/posts\/2216\/revisions\/2219"}],"wp:attachment":[{"href":"https:\/\/parolesdhistoire.fr\/index.php\/wp-json\/wp\/v2\/media?parent=2216"}],"wp:term":[{"taxonomy":"category","embeddable":true,"href":"https:\/\/parolesdhistoire.fr\/index.php\/wp-json\/wp\/v2\/categories?post=2216"},{"taxonomy":"post_tag","embeddable":true,"href":"https:\/\/parolesdhistoire.fr\/index.php\/wp-json\/wp\/v2\/tags?post=2216"}],"curies":[{"name":"wp","href":"https:\/\/api.w.org\/{rel}","templated":true}]}}