{"id":2229,"date":"2023-02-17T21:40:43","date_gmt":"2023-02-17T20:40:43","guid":{"rendered":"http:\/\/parolesdhistoire.fr\/?p=2229"},"modified":"2023-02-18T15:59:52","modified_gmt":"2023-02-18T14:59:52","slug":"sources-dhistoire-1-une-photo-dauschwitz","status":"publish","type":"post","link":"https:\/\/parolesdhistoire.fr\/index.php\/2023\/02\/17\/sources-dhistoire-1-une-photo-dauschwitz\/","title":{"rendered":"Sources d&#8217;histoire 1: une photo d&#8217;Auschwitz, comment\u00e9e par Tal Bruttmann"},"content":{"rendered":"<p>Commentaire par Tal Bruttmann d&#8217;une photo de l&#8217;album de Lili Jacob, dit Album d&#8217;Auschwitz (conserv\u00e9 \u00e0 Yad Vashem), prise le 26 mai 1944 par le photographe SS Bernhard Walter (extrait de l&#8217;<a href=\"http:\/\/parolesdhistoire.fr\/index.php\/2023\/02\/20\/277-photos-dauschwitz-avec-tal-bruttmann\/\">\u00e9pisode 277 du podcast<\/a>): &#8220;s\u00e9lection&#8221; \u00e0 la sortie d&#8217;un train de d\u00e9portation en provenance de Beregsz\u00e1sz (photo 27, comment\u00e9e p. 200 du livre collectif <em>Un album d&#8217;Auschwitz<\/em>).<\/p>\n<p>T\u00e9l\u00e9charger la photo ci-dessous dans la meilleure r\u00e9solution disponible:<\/p>\n<p><a href=\"http:\/\/parolesdhistoire.fr\/wp-content\/uploads\/2023\/02\/268_26-1.jpg\"><img loading=\"lazy\" decoding=\"async\" class=\"aligncenter size-large wp-image-2230\" src=\"http:\/\/parolesdhistoire.fr\/wp-content\/uploads\/2023\/02\/268_26-1-1024x707.jpg\" alt=\"\" width=\"840\" height=\"580\" srcset=\"https:\/\/parolesdhistoire.fr\/wp-content\/uploads\/2023\/02\/268_26-1-1024x707.jpg 1024w, https:\/\/parolesdhistoire.fr\/wp-content\/uploads\/2023\/02\/268_26-1-300x207.jpg 300w, https:\/\/parolesdhistoire.fr\/wp-content\/uploads\/2023\/02\/268_26-1-768x530.jpg 768w, https:\/\/parolesdhistoire.fr\/wp-content\/uploads\/2023\/02\/268_26-1-1200x829.jpg 1200w, https:\/\/parolesdhistoire.fr\/wp-content\/uploads\/2023\/02\/268_26-1.jpg 2001w\" sizes=\"auto, (max-width: 709px) 85vw, (max-width: 909px) 67vw, (max-width: 1362px) 62vw, 840px\" \/><\/a>T\u00e9l\u00e9charger les compl\u00e9ments iconographiques:<\/p>\n<p><a href=\"http:\/\/parolesdhistoire.fr\/wp-content\/uploads\/2023\/02\/complement1.jpg\"><img loading=\"lazy\" decoding=\"async\" class=\"aligncenter size-medium wp-image-2236\" src=\"http:\/\/parolesdhistoire.fr\/wp-content\/uploads\/2023\/02\/complement1-300x170.jpg\" alt=\"\" width=\"300\" height=\"170\" srcset=\"https:\/\/parolesdhistoire.fr\/wp-content\/uploads\/2023\/02\/complement1-300x170.jpg 300w, https:\/\/parolesdhistoire.fr\/wp-content\/uploads\/2023\/02\/complement1-768x436.jpg 768w, https:\/\/parolesdhistoire.fr\/wp-content\/uploads\/2023\/02\/complement1-1024x582.jpg 1024w, https:\/\/parolesdhistoire.fr\/wp-content\/uploads\/2023\/02\/complement1-1200x682.jpg 1200w, https:\/\/parolesdhistoire.fr\/wp-content\/uploads\/2023\/02\/complement1.jpg 1206w\" sizes=\"auto, (max-width: 300px) 85vw, 300px\" \/><\/a><a href=\"http:\/\/parolesdhistoire.fr\/wp-content\/uploads\/2023\/02\/complement2.jpg\"><img loading=\"lazy\" decoding=\"async\" class=\"aligncenter size-medium wp-image-2237\" src=\"http:\/\/parolesdhistoire.fr\/wp-content\/uploads\/2023\/02\/complement2-300x162.jpg\" alt=\"\" width=\"300\" height=\"162\" srcset=\"https:\/\/parolesdhistoire.fr\/wp-content\/uploads\/2023\/02\/complement2-300x162.jpg 300w, https:\/\/parolesdhistoire.fr\/wp-content\/uploads\/2023\/02\/complement2-768x415.jpg 768w, https:\/\/parolesdhistoire.fr\/wp-content\/uploads\/2023\/02\/complement2-1024x553.jpg 1024w, https:\/\/parolesdhistoire.fr\/wp-content\/uploads\/2023\/02\/complement2-1200x648.jpg 1200w, https:\/\/parolesdhistoire.fr\/wp-content\/uploads\/2023\/02\/complement2.jpg 1266w\" sizes=\"auto, (max-width: 300px) 85vw, 300px\" \/><\/a><\/p>\n","protected":false},"excerpt":{"rendered":"<p>Commentaire par Tal Bruttmann d&#8217;une photo de l&#8217;album de Lili Jacob, dit Album d&#8217;Auschwitz (conserv\u00e9 \u00e0 Yad Vashem), prise le 26 mai 1944 par le photographe SS Bernhard Walter (extrait de l&#8217;\u00e9pisode 277 du podcast): &#8220;s\u00e9lection&#8221; \u00e0 la sortie d&#8217;un train de d\u00e9portation en provenance de Beregsz\u00e1sz (photo 27, comment\u00e9e p. 200 du livre collectif &hellip; <a href=\"https:\/\/parolesdhistoire.fr\/index.php\/2023\/02\/17\/sources-dhistoire-1-une-photo-dauschwitz\/\" class=\"more-link\">Continue reading<span class=\"screen-reader-text\"> &#8220;Sources d&#8217;histoire 1: une photo d&#8217;Auschwitz, comment\u00e9e par Tal Bruttmann&#8221;<\/span><\/a><\/p>\n","protected":false},"author":1,"featured_media":0,"comment_status":"open","ping_status":"open","sticky":false,"template":"","format":"standard","meta":{"footnotes":""},"categories":[266],"tags":[212,121,267,42],"class_list":["post-2229","post","type-post","status-publish","format-standard","hentry","category-sources-dhistoire","tag-photographie","tag-shoah","tag-sources-dhistoire","tag-violence"],"_links":{"self":[{"href":"https:\/\/parolesdhistoire.fr\/index.php\/wp-json\/wp\/v2\/posts\/2229","targetHints":{"allow":["GET"]}}],"collection":[{"href":"https:\/\/parolesdhistoire.fr\/index.php\/wp-json\/wp\/v2\/posts"}],"about":[{"href":"https:\/\/parolesdhistoire.fr\/index.php\/wp-json\/wp\/v2\/types\/post"}],"author":[{"embeddable":true,"href":"https:\/\/parolesdhistoire.fr\/index.php\/wp-json\/wp\/v2\/users\/1"}],"replies":[{"embeddable":true,"href":"https:\/\/parolesdhistoire.fr\/index.php\/wp-json\/wp\/v2\/comments?post=2229"}],"version-history":[{"count":3,"href":"https:\/\/parolesdhistoire.fr\/index.php\/wp-json\/wp\/v2\/posts\/2229\/revisions"}],"predecessor-version":[{"id":2238,"href":"https:\/\/parolesdhistoire.fr\/index.php\/wp-json\/wp\/v2\/posts\/2229\/revisions\/2238"}],"wp:attachment":[{"href":"https:\/\/parolesdhistoire.fr\/index.php\/wp-json\/wp\/v2\/media?parent=2229"}],"wp:term":[{"taxonomy":"category","embeddable":true,"href":"https:\/\/parolesdhistoire.fr\/index.php\/wp-json\/wp\/v2\/categories?post=2229"},{"taxonomy":"post_tag","embeddable":true,"href":"https:\/\/parolesdhistoire.fr\/index.php\/wp-json\/wp\/v2\/tags?post=2229"}],"curies":[{"name":"wp","href":"https:\/\/api.w.org\/{rel}","templated":true}]}}