{"id":2246,"date":"2023-03-20T05:21:11","date_gmt":"2023-03-20T04:21:11","guid":{"rendered":"http:\/\/parolesdhistoire.fr\/?p=2246"},"modified":"2023-03-19T09:43:13","modified_gmt":"2023-03-19T08:43:13","slug":"278-algerie-1871-la-depossession-des-terres-a-la-loupe-avec-didier-guignard","status":"publish","type":"post","link":"https:\/\/parolesdhistoire.fr\/index.php\/2023\/03\/20\/278-algerie-1871-la-depossession-des-terres-a-la-loupe-avec-didier-guignard\/","title":{"rendered":"278. Alg\u00e9rie 1871, la d\u00e9possession des terres \u00e0 la loupe, avec Didier Guignard"},"content":{"rendered":"<iframe loading=\"lazy\" src=\"https:\/\/player.blubrry.com\/?media_url=https%3A%2F%2Fmedia.blubrry.com%2Fparolesdhistoire%2Fcontent.blubrry.com%2Fparolesdhistoire%2F279_guignard.mp3&amp;modern=1&amp;podcast_link=https%3A%2F%2Fparolesdhistoire.fr%2Findex.php%2F2023%2F03%2F20%2F278-algerie-1871-la-depossession-des-terres-a-la-loupe-avec-didier-guignard%2F#mode-Light&border-000000&progress-000000\" scrolling=\"no\" width=\"100%\" height=\"165\" frameborder=\"0\" id=\"blubrryplayer-1\" class=\"blubrryplayer\" title=\"Blubrry Podcast Player\"><\/iframe><p class=\"powerpress_links powerpress_links_mp3\" style=\"margin-bottom: 1px !important;\">Podcast: <a href=\"https:\/\/media.blubrry.com\/parolesdhistoire\/content.blubrry.com\/parolesdhistoire\/279_guignard.mp3\" class=\"powerpress_link_pinw\" target=\"_blank\" title=\"Play in new window\" onclick=\"return powerpress_pinw('https:\/\/parolesdhistoire.fr\/?powerpress_pinw=2246-podcast');\" rel=\"nofollow\">Play in new window<\/a> | <a href=\"https:\/\/media.blubrry.com\/parolesdhistoire\/content.blubrry.com\/parolesdhistoire\/279_guignard.mp3\" class=\"powerpress_link_d\" title=\"Download\" rel=\"nofollow\" download=\"279_guignard.mp3\">Download<\/a><\/p><p class=\"powerpress_links powerpress_subscribe_links\">S'abonner :  <a href=\"https:\/\/itunes.apple.com\/fr\/podcast\/paroles-dhistoire\/id1376002842?l=en&amp;mt=2&amp;ls=1#episodeGuid=http%3A%2F%2Fparolesdhistoire.fr%2F%3Fp%3D2246\" class=\"powerpress_link_subscribe powerpress_link_subscribe_itunes\" target=\"_blank\" title=\"Subscribe on Apple Podcasts\" rel=\"nofollow\">Apple Podcasts<\/a> | <a href=\"https:\/\/open.spotify.com\/show\/57zBA3htpYUB4MJNhhlDnn\" class=\"powerpress_link_subscribe powerpress_link_subscribe_spotify\" target=\"_blank\" title=\"Subscribe on Spotify\" rel=\"nofollow\">Spotify<\/a> | <a href=\"https:\/\/subscribeonandroid.com\/feeds.audiomeans.fr\/feed\/c3e6abea-2254-416a-b8ef-0619098d0e45.xml\" class=\"powerpress_link_subscribe powerpress_link_subscribe_android\" target=\"_blank\" title=\"Subscribe on Android\" rel=\"nofollow\">Android<\/a> | <a href=\"https:\/\/www.deezer.com\/en\/show\/1000680512\" class=\"powerpress_link_subscribe powerpress_link_subscribe_deezer\" target=\"_blank\" title=\"Subscribe on Deezer\" rel=\"nofollow\">Deezer<\/a> | <a href=\"https:\/\/feeds.audiomeans.fr\/feed\/c3e6abea-2254-416a-b8ef-0619098d0e45.xml\" class=\"powerpress_link_subscribe powerpress_link_subscribe_rss\" target=\"_blank\" title=\"Subscribe via RSS\" rel=\"nofollow\">RSS<\/a> | <a href=\"https:\/\/parolesdhistoire.fr\/index.php\/sabonner\/\" class=\"powerpress_link_subscribe powerpress_link_subscribe_more\" target=\"_blank\" title=\"More\" rel=\"nofollow\">More<\/a><\/p><p><strong>L\u2019invit\u00e9\u00a0:<\/strong> Didier Guignard, charg\u00e9 de recherches au CNRS<\/p>\n<p><a href=\"http:\/\/parolesdhistoire.fr\/wp-content\/uploads\/2023\/03\/9782271142436.jpg\"><img loading=\"lazy\" decoding=\"async\" class=\"aligncenter size-medium wp-image-2248\" src=\"http:\/\/parolesdhistoire.fr\/wp-content\/uploads\/2023\/03\/9782271142436-196x300.jpg\" alt=\"\" width=\"196\" height=\"300\" srcset=\"https:\/\/parolesdhistoire.fr\/wp-content\/uploads\/2023\/03\/9782271142436-196x300.jpg 196w, https:\/\/parolesdhistoire.fr\/wp-content\/uploads\/2023\/03\/9782271142436.jpg 600w\" sizes=\"auto, (max-width: 196px) 85vw, 196px\" \/><\/a><strong>Le livre\u00a0:<\/strong> L\u2019Alg\u00e9rie sous s\u00e9questre. Une coupe dans le corps sociale (XIXe-XXe si\u00e8cles), Paris, \u00e9ditions du CNRS, 2023.<\/p>\n<p><strong>La discussion\u00a0: <\/strong><\/p>\n<ul>\n<li>Introduction (00:00)<\/li>\n<li>L\u2019enjeu du livre, approcher la complexit\u00e9 du s\u00e9questre des terres alg\u00e9riennes apr\u00e8s la r\u00e9volte de 1871 (1:30)<\/li>\n<li>Un parcours de recherche amenant \u00e0 l\u2019Alg\u00e9rie coloniale via les archives d\u2019outre-mer \u00e0 Aix-en-Provence (4:30)<\/li>\n<li>Un livre n\u00e9 d\u2019une enqu\u00eate de terrain sur une ferme de la r\u00e9gion des Issers (6:00)<\/li>\n<li>La question de la terre, au c\u0153ur de d\u00e9bats historiographiques sur la d\u00e9structuration de la soci\u00e9t\u00e9 paysanne alg\u00e9rienne, dans la lign\u00e9e des travaux de Pierre Bourdieu et Abdelmalek Sayad (9:45)<\/li>\n<li>La place de la langue arabe, et des entretiens, dans la recherche (13:00)<\/li>\n<li>L\u2019inscription du livre dans un programme de recherche plus large sur les confiscations de terres et les changements du rapport \u00e0 la propri\u00e9t\u00e9 (17:30)<\/li>\n<li>La contradiction fondamentale du s\u00e9questre, op\u00e9r\u00e9 par une R\u00e9publique qui d\u00e9fend au m\u00eame moment la propri\u00e9t\u00e9 \u00ab\u00a0inviolable et sacr\u00e9e\u00a0\u00bb (21:30)<\/li>\n<li>L\u2019origine de la r\u00e9volte alg\u00e9rienne de 1871 (24:30)<\/li>\n<li>Un historien pionnier sur la p\u00e9riode, Andr\u00e9 Nouschi (27:30)<\/li>\n<li>Les contradictions pratiques du s\u00e9questre, entre la d\u00e9cision de confisquer des terres et la difficult\u00e9 de l\u2019op\u00e9rer (31:00)<\/li>\n<li>Le d\u00e9calage entre le droit fran\u00e7ais et la myriade de situations du droit foncier local (34:30)<\/li>\n<li>Quels savoir-faire des administrateurs coloniaux pour r\u00e9aliser ces op\u00e9rations\u00a0? (37:00)<\/li>\n<li>Le r\u00e9sultat du s\u00e9questre et les ressentiments durables qui en r\u00e9sultent (40:15)<\/li>\n<li>Le rejeu du s\u00e9questre sanglant dans un fait divers de 1890 (45:00)<\/li>\n<li>L\u2019opposition et l\u2019articulation entre la montagne et la plaine, structurante dans la longue dur\u00e9e de l\u2019histoire alg\u00e9rienne (47:20)<\/li>\n<\/ul>\n<p><strong>Le conseil de lecture:<\/strong> Neil MacMaster, <em>War in the Moutains: Peasant Society and Counterinsurgency in Algeria, 1918-1958<\/em>, Oxford, Oxford University Press, 2020.<\/p>\n","protected":false},"excerpt":{"rendered":"<p>L\u2019invit\u00e9\u00a0: Didier Guignard, charg\u00e9 de recherches au CNRS Le livre\u00a0: L\u2019Alg\u00e9rie sous s\u00e9questre. Une coupe dans le corps sociale (XIXe-XXe si\u00e8cles), Paris, \u00e9ditions du CNRS, 2023. La discussion\u00a0: Introduction (00:00) L\u2019enjeu du livre, approcher la complexit\u00e9 du s\u00e9questre des terres alg\u00e9riennes apr\u00e8s la r\u00e9volte de 1871 (1:30) Un parcours de recherche amenant \u00e0 l\u2019Alg\u00e9rie coloniale &hellip; <a href=\"https:\/\/parolesdhistoire.fr\/index.php\/2023\/03\/20\/278-algerie-1871-la-depossession-des-terres-a-la-loupe-avec-didier-guignard\/\" class=\"more-link\">Continue reading<span class=\"screen-reader-text\"> &#8220;278. Alg\u00e9rie 1871, la d\u00e9possession des terres \u00e0 la loupe, avec Didier Guignard&#8221;<\/span><\/a><\/p>\n","protected":false},"author":1,"featured_media":0,"comment_status":"open","ping_status":"open","sticky":false,"template":"","format":"standard","meta":{"footnotes":""},"categories":[4],"tags":[11,12,7,31,246],"class_list":["post-2246","post","type-post","status-publish","format-standard","hentry","category-parution","tag-algerie","tag-colonisation","tag-histoire-sociale","tag-iiie-republique","tag-paysannerie"],"_links":{"self":[{"href":"https:\/\/parolesdhistoire.fr\/index.php\/wp-json\/wp\/v2\/posts\/2246","targetHints":{"allow":["GET"]}}],"collection":[{"href":"https:\/\/parolesdhistoire.fr\/index.php\/wp-json\/wp\/v2\/posts"}],"about":[{"href":"https:\/\/parolesdhistoire.fr\/index.php\/wp-json\/wp\/v2\/types\/post"}],"author":[{"embeddable":true,"href":"https:\/\/parolesdhistoire.fr\/index.php\/wp-json\/wp\/v2\/users\/1"}],"replies":[{"embeddable":true,"href":"https:\/\/parolesdhistoire.fr\/index.php\/wp-json\/wp\/v2\/comments?post=2246"}],"version-history":[{"count":3,"href":"https:\/\/parolesdhistoire.fr\/index.php\/wp-json\/wp\/v2\/posts\/2246\/revisions"}],"predecessor-version":[{"id":2250,"href":"https:\/\/parolesdhistoire.fr\/index.php\/wp-json\/wp\/v2\/posts\/2246\/revisions\/2250"}],"wp:attachment":[{"href":"https:\/\/parolesdhistoire.fr\/index.php\/wp-json\/wp\/v2\/media?parent=2246"}],"wp:term":[{"taxonomy":"category","embeddable":true,"href":"https:\/\/parolesdhistoire.fr\/index.php\/wp-json\/wp\/v2\/categories?post=2246"},{"taxonomy":"post_tag","embeddable":true,"href":"https:\/\/parolesdhistoire.fr\/index.php\/wp-json\/wp\/v2\/tags?post=2246"}],"curies":[{"name":"wp","href":"https:\/\/api.w.org\/{rel}","templated":true}]}}