{"id":2360,"date":"2023-07-06T06:07:38","date_gmt":"2023-07-06T04:07:38","guid":{"rendered":"http:\/\/parolesdhistoire.fr\/?p=2360"},"modified":"2023-07-06T00:20:10","modified_gmt":"2023-07-05T22:20:10","slug":"294-michel-borwicz-et-lecriture-de-la-shoah-avec-judith-lyon-caen","status":"publish","type":"post","link":"https:\/\/parolesdhistoire.fr\/index.php\/2023\/07\/06\/294-michel-borwicz-et-lecriture-de-la-shoah-avec-judith-lyon-caen\/","title":{"rendered":"294. Michel Borwicz et l&#8217;\u00e9criture de la Shoah, avec Judith Lyon-Caen"},"content":{"rendered":"<iframe loading=\"lazy\" src=\"https:\/\/player.blubrry.com\/?media_url=https%3A%2F%2Fmedia.blubrry.com%2Fparolesdhistoire%2Fcontent.blubrry.com%2Fparolesdhistoire%2F294_borwicz.mp3&amp;modern=1&amp;podcast_link=https%3A%2F%2Fparolesdhistoire.fr%2Findex.php%2F2023%2F07%2F06%2F294-michel-borwicz-et-lecriture-de-la-shoah-avec-judith-lyon-caen%2F#mode-Light&border-000000&progress-000000\" scrolling=\"no\" width=\"100%\" height=\"165\" frameborder=\"0\" id=\"blubrryplayer-1\" class=\"blubrryplayer\" title=\"Blubrry Podcast Player\"><\/iframe><p class=\"powerpress_links powerpress_links_mp3\" style=\"margin-bottom: 1px !important;\">Podcast: <a href=\"https:\/\/media.blubrry.com\/parolesdhistoire\/content.blubrry.com\/parolesdhistoire\/294_borwicz.mp3\" class=\"powerpress_link_pinw\" target=\"_blank\" title=\"Play in new window\" onclick=\"return powerpress_pinw('https:\/\/parolesdhistoire.fr\/?powerpress_pinw=2360-podcast');\" rel=\"nofollow\">Play in new window<\/a> | <a href=\"https:\/\/media.blubrry.com\/parolesdhistoire\/content.blubrry.com\/parolesdhistoire\/294_borwicz.mp3\" class=\"powerpress_link_d\" title=\"Download\" rel=\"nofollow\" download=\"294_borwicz.mp3\">Download<\/a><\/p><p class=\"powerpress_links powerpress_subscribe_links\">S'abonner :  <a href=\"https:\/\/itunes.apple.com\/fr\/podcast\/paroles-dhistoire\/id1376002842?l=en&amp;mt=2&amp;ls=1#episodeGuid=http%3A%2F%2Fparolesdhistoire.fr%2F%3Fp%3D2360\" class=\"powerpress_link_subscribe powerpress_link_subscribe_itunes\" target=\"_blank\" title=\"Subscribe on Apple Podcasts\" rel=\"nofollow\">Apple Podcasts<\/a> | <a href=\"https:\/\/open.spotify.com\/show\/57zBA3htpYUB4MJNhhlDnn\" class=\"powerpress_link_subscribe powerpress_link_subscribe_spotify\" target=\"_blank\" title=\"Subscribe on Spotify\" rel=\"nofollow\">Spotify<\/a> | <a href=\"https:\/\/subscribeonandroid.com\/feeds.audiomeans.fr\/feed\/c3e6abea-2254-416a-b8ef-0619098d0e45.xml\" class=\"powerpress_link_subscribe powerpress_link_subscribe_android\" target=\"_blank\" title=\"Subscribe on Android\" rel=\"nofollow\">Android<\/a> | <a href=\"https:\/\/www.deezer.com\/en\/show\/1000680512\" class=\"powerpress_link_subscribe powerpress_link_subscribe_deezer\" target=\"_blank\" title=\"Subscribe on Deezer\" rel=\"nofollow\">Deezer<\/a> | <a href=\"https:\/\/feeds.audiomeans.fr\/feed\/c3e6abea-2254-416a-b8ef-0619098d0e45.xml\" class=\"powerpress_link_subscribe powerpress_link_subscribe_rss\" target=\"_blank\" title=\"Subscribe via RSS\" rel=\"nofollow\">RSS<\/a> | <a href=\"https:\/\/parolesdhistoire.fr\/index.php\/sabonner\/\" class=\"powerpress_link_subscribe powerpress_link_subscribe_more\" target=\"_blank\" title=\"More\" rel=\"nofollow\">More<\/a><\/p><p><strong>L\u2019invit\u00e9e\u00a0: <\/strong>Judith Lyon-Caen, directrice d\u2019\u00e9tudes \u00e0 l\u2019EHESS<\/p>\n<p><strong> <a href=\"http:\/\/parolesdhistoire.fr\/wp-content\/uploads\/2023\/07\/9782073000347_1_75.jpg\"><img loading=\"lazy\" decoding=\"async\" class=\"aligncenter size-medium wp-image-2361\" src=\"http:\/\/parolesdhistoire.fr\/wp-content\/uploads\/2023\/07\/9782073000347_1_75-197x300.jpg\" alt=\"\" width=\"197\" height=\"300\" srcset=\"https:\/\/parolesdhistoire.fr\/wp-content\/uploads\/2023\/07\/9782073000347_1_75-197x300.jpg 197w, https:\/\/parolesdhistoire.fr\/wp-content\/uploads\/2023\/07\/9782073000347_1_75.jpg 500w\" sizes=\"auto, (max-width: 197px) 85vw, 197px\" \/><\/a><\/strong><\/p>\n<p><strong>Le livre\u00a0: <\/strong>Michel Borwicz, <em>\u00c9crits des condamn\u00e9s \u00e0 mort sous l\u2019occupation nazie<\/em>, Paris, Gallimard, \u00ab\u00a0Tel\u00a0\u00bb, 2023 [1954].<\/p>\n<p><strong>La discussion\u00a0:<\/strong><\/p>\n<ul>\n<li>Introduction. Un livre oubli\u00e9\u00a0? (00:00)<\/li>\n<li>Une bifurcation polonaise dans un parcours de recherche\u00a0? (2:00)<\/li>\n<li>Pr\u00e9parer l\u2019\u00e9dition critique du livre de Michel Borwicz (8:00)<\/li>\n<li>La vie de Michel Borwicz avant l\u2019occupation nazie (11:45)<\/li>\n<li>Les nazis \u00e0 Lwow, l\u2019enfermement et l\u2019entr\u00e9e en r\u00e9sistance (17:45)<\/li>\n<li>La collecte d\u2019informations sur le g\u00e9nocide dans la Pologne de 1944-1945 (29:00)<\/li>\n<li>La Shoah, la langue et la po\u00e9sie (33:00)<\/li>\n<li>D\u00e9part vers la France et choix de la sociologie (39:00)<\/li>\n<li>Un livre qui \u00e9voque la r\u00e9sistance ET montre la sp\u00e9cificit\u00e9 du sort des Juifs (44:00)<\/li>\n<li>La r\u00e9ception de la th\u00e8se et du livre (47:30)<\/li>\n<li>Une figure de l\u2019\u00e9migration polonaise et de la m\u00e9moire de la guerre (52:00)<\/li>\n<\/ul>\n<p><strong>Les r\u00e9f\u00e9rences cit\u00e9es dans le podcast et le conseil de lecture\u00a0:<\/strong><\/p>\n<ul>\n<li>Dinah Ribard, Judith Lyon-Caen, <em>L\u2019historien et la litt\u00e9rature<\/em>, Paris, La d\u00e9couverte, \u00ab\u00a0Rep\u00e8res\u00a0\u00bb, 2010.<\/li>\n<li>Annette Wieviorka, <em>L\u2019\u00e8re du t\u00e9moin<\/em>, Paris, Plon, 1998.<\/li>\n<li>Laura Jockusch, <em>Collect and Record ! Jewish Holocaust Documentation in Early Postwar Europe<\/em>, Oxford, Oxford University Press, 2012.<\/li>\n<li>Simon Perego, <em>Pleurons-les. Les Juifs de Paris et la comm\u00e9moration de la Shoah (1944-1967)<\/em>, Champ Vallon, 2020.<\/li>\n<li>Pierre Seghers, <em>La r\u00e9sistance et ses po\u00e8tes<\/em>, 2 vol. Seghers, 2022.<\/li>\n<\/ul>\n","protected":false},"excerpt":{"rendered":"<p>L\u2019invit\u00e9e\u00a0: Judith Lyon-Caen, directrice d\u2019\u00e9tudes \u00e0 l\u2019EHESS Le livre\u00a0: Michel Borwicz, \u00c9crits des condamn\u00e9s \u00e0 mort sous l\u2019occupation nazie, Paris, Gallimard, \u00ab\u00a0Tel\u00a0\u00bb, 2023 [1954]. La discussion\u00a0: Introduction. Un livre oubli\u00e9\u00a0? (00:00) Une bifurcation polonaise dans un parcours de recherche\u00a0? (2:00) Pr\u00e9parer l\u2019\u00e9dition critique du livre de Michel Borwicz (8:00) La vie de Michel Borwicz avant &hellip; <a href=\"https:\/\/parolesdhistoire.fr\/index.php\/2023\/07\/06\/294-michel-borwicz-et-lecriture-de-la-shoah-avec-judith-lyon-caen\/\" class=\"more-link\">Continue reading<span class=\"screen-reader-text\"> &#8220;294. Michel Borwicz et l&#8217;\u00e9criture de la Shoah, avec Judith Lyon-Caen&#8221;<\/span><\/a><\/p>\n","protected":false},"author":1,"featured_media":0,"comment_status":"open","ping_status":"open","sticky":false,"template":"","format":"standard","meta":{"footnotes":""},"categories":[4],"tags":[20,195,14,125,121],"class_list":["post-2360","post","type-post","status-publish","format-standard","hentry","category-parution","tag-2e-guerre-mondiale","tag-edition","tag-memoire","tag-resistance","tag-shoah"],"_links":{"self":[{"href":"https:\/\/parolesdhistoire.fr\/index.php\/wp-json\/wp\/v2\/posts\/2360","targetHints":{"allow":["GET"]}}],"collection":[{"href":"https:\/\/parolesdhistoire.fr\/index.php\/wp-json\/wp\/v2\/posts"}],"about":[{"href":"https:\/\/parolesdhistoire.fr\/index.php\/wp-json\/wp\/v2\/types\/post"}],"author":[{"embeddable":true,"href":"https:\/\/parolesdhistoire.fr\/index.php\/wp-json\/wp\/v2\/users\/1"}],"replies":[{"embeddable":true,"href":"https:\/\/parolesdhistoire.fr\/index.php\/wp-json\/wp\/v2\/comments?post=2360"}],"version-history":[{"count":1,"href":"https:\/\/parolesdhistoire.fr\/index.php\/wp-json\/wp\/v2\/posts\/2360\/revisions"}],"predecessor-version":[{"id":2362,"href":"https:\/\/parolesdhistoire.fr\/index.php\/wp-json\/wp\/v2\/posts\/2360\/revisions\/2362"}],"wp:attachment":[{"href":"https:\/\/parolesdhistoire.fr\/index.php\/wp-json\/wp\/v2\/media?parent=2360"}],"wp:term":[{"taxonomy":"category","embeddable":true,"href":"https:\/\/parolesdhistoire.fr\/index.php\/wp-json\/wp\/v2\/categories?post=2360"},{"taxonomy":"post_tag","embeddable":true,"href":"https:\/\/parolesdhistoire.fr\/index.php\/wp-json\/wp\/v2\/tags?post=2360"}],"curies":[{"name":"wp","href":"https:\/\/api.w.org\/{rel}","templated":true}]}}