{"id":2454,"date":"2023-11-12T10:31:48","date_gmt":"2023-11-12T09:31:48","guid":{"rendered":"http:\/\/parolesdhistoire.fr\/?p=2454"},"modified":"2023-11-12T10:41:19","modified_gmt":"2023-11-12T09:41:19","slug":"307-hommage-a-natalie-zemon-davis-avec-caroline-callard","status":"publish","type":"post","link":"https:\/\/parolesdhistoire.fr\/index.php\/2023\/11\/12\/307-hommage-a-natalie-zemon-davis-avec-caroline-callard\/","title":{"rendered":"307. Hommage \u00e0 Natalie Zemon Davis, avec Caroline Callard"},"content":{"rendered":"<iframe loading=\"lazy\" src=\"https:\/\/player.blubrry.com\/?media_url=https%3A%2F%2Fmedia.blubrry.com%2Fparolesdhistoire%2Fcontent.blubrry.com%2Fparolesdhistoire%2F307_NZD.mp3&amp;modern=1&amp;podcast_link=https%3A%2F%2Fparolesdhistoire.fr%2Findex.php%2F2023%2F11%2F12%2F307-hommage-a-natalie-zemon-davis-avec-caroline-callard%2F#mode-Light&border-000000&progress-000000\" scrolling=\"no\" width=\"100%\" height=\"165\" frameborder=\"0\" id=\"blubrryplayer-1\" class=\"blubrryplayer\" title=\"Blubrry Podcast Player\"><\/iframe><p class=\"powerpress_links powerpress_links_mp3\" style=\"margin-bottom: 1px !important;\">Podcast: <a href=\"https:\/\/media.blubrry.com\/parolesdhistoire\/content.blubrry.com\/parolesdhistoire\/307_NZD.mp3\" class=\"powerpress_link_pinw\" target=\"_blank\" title=\"Play in new window\" onclick=\"return powerpress_pinw('https:\/\/parolesdhistoire.fr\/?powerpress_pinw=2454-podcast');\" rel=\"nofollow\">Play in new window<\/a> | <a href=\"https:\/\/media.blubrry.com\/parolesdhistoire\/content.blubrry.com\/parolesdhistoire\/307_NZD.mp3\" class=\"powerpress_link_d\" title=\"Download\" rel=\"nofollow\" download=\"307_NZD.mp3\">Download<\/a><\/p><p class=\"powerpress_links powerpress_subscribe_links\">S'abonner :  <a href=\"https:\/\/itunes.apple.com\/fr\/podcast\/paroles-dhistoire\/id1376002842?l=en&amp;mt=2&amp;ls=1#episodeGuid=http%3A%2F%2Fparolesdhistoire.fr%2F%3Fp%3D2454\" class=\"powerpress_link_subscribe powerpress_link_subscribe_itunes\" target=\"_blank\" title=\"Subscribe on Apple Podcasts\" rel=\"nofollow\">Apple Podcasts<\/a> | <a href=\"https:\/\/open.spotify.com\/show\/57zBA3htpYUB4MJNhhlDnn\" class=\"powerpress_link_subscribe powerpress_link_subscribe_spotify\" target=\"_blank\" title=\"Subscribe on Spotify\" rel=\"nofollow\">Spotify<\/a> | <a href=\"https:\/\/subscribeonandroid.com\/feeds.audiomeans.fr\/feed\/c3e6abea-2254-416a-b8ef-0619098d0e45.xml\" class=\"powerpress_link_subscribe powerpress_link_subscribe_android\" target=\"_blank\" title=\"Subscribe on Android\" rel=\"nofollow\">Android<\/a> | <a href=\"https:\/\/www.deezer.com\/en\/show\/1000680512\" class=\"powerpress_link_subscribe powerpress_link_subscribe_deezer\" target=\"_blank\" title=\"Subscribe on Deezer\" rel=\"nofollow\">Deezer<\/a> | <a href=\"https:\/\/feeds.audiomeans.fr\/feed\/c3e6abea-2254-416a-b8ef-0619098d0e45.xml\" class=\"powerpress_link_subscribe powerpress_link_subscribe_rss\" target=\"_blank\" title=\"Subscribe via RSS\" rel=\"nofollow\">RSS<\/a> | <a href=\"https:\/\/parolesdhistoire.fr\/index.php\/sabonner\/\" class=\"powerpress_link_subscribe powerpress_link_subscribe_more\" target=\"_blank\" title=\"More\" rel=\"nofollow\">More<\/a><\/p><p><strong>Hommage \u00e0 l&#8217;historienne Natalie Zemon Davis (1928-2023), avec Caroline Callard (Directrice d&#8217;\u00e9tudes\u00a0 l&#8217;EHESS)<\/strong><a href=\"http:\/\/parolesdhistoire.fr\/wp-content\/uploads\/2023\/11\/nzzd.png\"><img loading=\"lazy\" decoding=\"async\" class=\"aligncenter wp-image-2456 size-large\" src=\"http:\/\/parolesdhistoire.fr\/wp-content\/uploads\/2023\/11\/nzzd-1024x504.png\" alt=\"\" width=\"840\" height=\"413\" srcset=\"https:\/\/parolesdhistoire.fr\/wp-content\/uploads\/2023\/11\/nzzd-1024x504.png 1024w, https:\/\/parolesdhistoire.fr\/wp-content\/uploads\/2023\/11\/nzzd-300x148.png 300w, https:\/\/parolesdhistoire.fr\/wp-content\/uploads\/2023\/11\/nzzd-768x378.png 768w, https:\/\/parolesdhistoire.fr\/wp-content\/uploads\/2023\/11\/nzzd-1200x591.png 1200w, https:\/\/parolesdhistoire.fr\/wp-content\/uploads\/2023\/11\/nzzd.png 1294w\" sizes=\"auto, (max-width: 709px) 85vw, (max-width: 909px) 67vw, (max-width: 1362px) 62vw, 840px\" \/><\/a><\/p>\n<p><strong>La discussion et la bio-bibliographie de NZD\u00a0:<\/strong><\/p>\n<ul>\n<li>Introduction (00:00)<\/li>\n<li><strong><em>Extrait\u00a0sonore\u00a0: NZD et sa conception du pass\u00e9, <a href=\"https:\/\/www.radiofrance.fr\/franceinter\/podcasts\/la-marche-de-l-histoire\/le-temoin-du-vendredi-natalie-zemon-davis-historienne-des-possibles-et-meme-de-l-espoir-6174846\">interview par Jean Lebrun en 2019<\/a> sur France Culture (2:15)<\/em><\/strong><\/li>\n<li>Les d\u00e9buts d\u2019une carri\u00e8re marqu\u00e9e par le maccarthysme (3:30)<\/li>\n<li>Histoire sociale, histoire culturelle, nourries d\u2019anthropologie (7:30). R\u00e9f\u00e9rences\u00a0: <a href=\"https:\/\/academic.oup.com\/past\/article-abstract\/50\/1\/41\/1458022?redirectedFrom=fulltext\">\u00ab\u00a0The Reasons Of Misrule: Youth Groups And Charivaris In Sixteenth\u2013Century France\u00a0\u00bb<\/a>, <em>Past &amp; Present<\/em>, Volume 50, Issue 1, February 1971\u00a0; <a href=\"https:\/\/www.degruyter.com\/document\/doi\/10.1515\/9783110823097-019\/html\">\u00ab\u00a0Charivari, honneur et communaut\u00e9 \u00e0 Lyon et \u00e0 Gen\u00e8ve au XVIIe si\u00e8cle\u00a0\u00bb<\/a>\u00a0; \u00ab\u00a0<a href=\"https:\/\/www.jstor.org\/stable\/203028\">Anthropology and History in the 1980s: the Possibilities of the Past\u00a0<\/a>\u00bb <em>Journal of Interdisciplinary History<\/em>, Volume 12, 1981\u00a0; Edward P. Thompson, <a href=\"https:\/\/journals.openedition.org\/socio-anthropologie\/7112#quotation\">\u00ab\u00a0&#8220;Rough Music&#8221; : Le Charivari anglais\u00a0\u00bb<\/a>, <em>Socio-anthropologie<\/em>, 41 | -1, 213-237.<\/li>\n<li>Un questionnement sur la violence des guerres de religion (19:10). R\u00e9f\u00e9rence\u00a0: <a href=\"https:\/\/www.jstor.org\/stable\/650379\">\u00ab\u00a0The Rites of Violence: Religious Riot in Sixteenth-Century France\u00a0\u00bb<\/a>, <em>Past &amp; Present<\/em>, No. 59 (May, 1973)<\/li>\n<li>Approches de la famille et des fant\u00f4mes (23:30). R\u00e9f\u00e9rences\u00a0: &#8220;Ghosts, Kin, and Progeny: Some Features of Family Life in Early Modern France&#8221;, <em>Daedalus<\/em>, Volume 106, 2, 1977\u00a0; Caroline Callard, <em><a href=\"http:\/\/parolesdhistoire.fr\/index.php\/2019\/09\/11\/72-fantomes-dancien-regime-avec-caroline-callard\/\">Le temps des fant\u00f4mes<\/a><\/em> (Fayard, 2019).<\/li>\n<li>Une historienne inclassable\u00a0? (27:45)<\/li>\n<li><strong><em>Extrait sonore\u00a0: NZD et les archives (31:00)<\/em><\/strong><\/li>\n<li>Mise en sc\u00e8ne du pass\u00e9 et jeux formels d\u2019\u00e9criture (33:30). R\u00e9f\u00e9rences\u00a0: <em>Women on the Margins: Three Seventeenth-century Lives<\/em>, Cambridge, (MA), Harvard University Press, 1995 (trad. fr. <em>Juive, Catholique, Protestante. Trois femmes en marge au XVIIe si\u00e8cle<\/em>, Seuil, 1997)\u00a0;<\/li>\n<li>Un film et un livre marquants\u00a0: Martin Guerre (36:50). R\u00e9f\u00e9rences\u00a0:<em> The Return of Martin Guerre<\/em>, Cambridge (MA), Harvard University Press, 1983, trad. fr. <em>Le retour de Martin Guerre<\/em>, Tallandier, 2008)\u00a0; <em>Fiction in the Archives : Pardon Tales and their Tellers in Sixteenth Century France<\/em>, Stanford, Californie : Stanford University Press, 1987 (trad. fr. <em>Pour sauver sa vie. Les r\u00e9cits de pardon au XVIe si\u00e8cle. Les r\u00e9cits de pardon au XVIe si\u00e8cle<\/em>, Seuil, 1988).<\/li>\n<li>Une pionni\u00e8re de l\u2019histoire des femmes, r\u00e9fl\u00e9chissant \u00e0 leur capacit\u00e9 d\u2019agir (40:35). R\u00e9f\u00e9rences\u00a0: <a href=\"https:\/\/www.jstor.org\/stable\/4289142\">\u00ab\u00a0Women and the World of the <em>Annales<\/em>\u00bb<\/a>, <em>History Workshop Journal<\/em>, 33, 1992\u00a0; Nathalie Zemon Davis et Arlette Farge (dir.) : <em><a href=\"https:\/\/parolesdhistoire.fr\/index.php\/2022\/09\/12\/256-histoire-dun-livre-georges-duby-michelle-perrot-histoire-des-femmes-en-occident-1-genese-dun-projet\/\">Histoire des femmes en Occident<\/a><\/em>, t. 3, XVle-XVIIIe si\u00e8cles. Paris, Plon, 1991.<\/li>\n<li>Une histoire qui se d\u00e9centre et explore d\u2019autres espaces g\u00e9ographiques (47:30). R\u00e9f\u00e9rences\u00a0: <em>Women on the margins<\/em>, op. cit.\u00a0; <em>Trickster Travels<\/em>, New York : Hill &amp; Wang, 2006, trad. fr. <em>L\u00e9on l&#8217;Africain : un voyageur entre deux mondes<\/em>, Payot, Paris, 2014.<\/li>\n<\/ul>\n<p>&nbsp;<\/p>\n<p>&nbsp;<\/p>\n","protected":false},"excerpt":{"rendered":"<p>Hommage \u00e0 l&#8217;historienne Natalie Zemon Davis (1928-2023), avec Caroline Callard (Directrice d&#8217;\u00e9tudes\u00a0 l&#8217;EHESS) La discussion et la bio-bibliographie de NZD\u00a0: Introduction (00:00) Extrait\u00a0sonore\u00a0: NZD et sa conception du pass\u00e9, interview par Jean Lebrun en 2019 sur France Culture (2:15) Les d\u00e9buts d\u2019une carri\u00e8re marqu\u00e9e par le maccarthysme (3:30) Histoire sociale, histoire culturelle, nourries d\u2019anthropologie (7:30). &hellip; <a href=\"https:\/\/parolesdhistoire.fr\/index.php\/2023\/11\/12\/307-hommage-a-natalie-zemon-davis-avec-caroline-callard\/\" class=\"more-link\">Continue reading<span class=\"screen-reader-text\"> &#8220;307. Hommage \u00e0 Natalie Zemon Davis, avec Caroline Callard&#8221;<\/span><\/a><\/p>\n","protected":false},"author":1,"featured_media":0,"comment_status":"open","ping_status":"open","sticky":false,"template":"","format":"standard","meta":{"footnotes":""},"categories":[48],"tags":[276,57,51,63,42],"class_list":["post-2454","post","type-post","status-publish","format-standard","hentry","category-evenement","tag-anthropologie","tag-histoire-moderne","tag-metier","tag-religion","tag-violence"],"_links":{"self":[{"href":"https:\/\/parolesdhistoire.fr\/index.php\/wp-json\/wp\/v2\/posts\/2454","targetHints":{"allow":["GET"]}}],"collection":[{"href":"https:\/\/parolesdhistoire.fr\/index.php\/wp-json\/wp\/v2\/posts"}],"about":[{"href":"https:\/\/parolesdhistoire.fr\/index.php\/wp-json\/wp\/v2\/types\/post"}],"author":[{"embeddable":true,"href":"https:\/\/parolesdhistoire.fr\/index.php\/wp-json\/wp\/v2\/users\/1"}],"replies":[{"embeddable":true,"href":"https:\/\/parolesdhistoire.fr\/index.php\/wp-json\/wp\/v2\/comments?post=2454"}],"version-history":[{"count":4,"href":"https:\/\/parolesdhistoire.fr\/index.php\/wp-json\/wp\/v2\/posts\/2454\/revisions"}],"predecessor-version":[{"id":2460,"href":"https:\/\/parolesdhistoire.fr\/index.php\/wp-json\/wp\/v2\/posts\/2454\/revisions\/2460"}],"wp:attachment":[{"href":"https:\/\/parolesdhistoire.fr\/index.php\/wp-json\/wp\/v2\/media?parent=2454"}],"wp:term":[{"taxonomy":"category","embeddable":true,"href":"https:\/\/parolesdhistoire.fr\/index.php\/wp-json\/wp\/v2\/categories?post=2454"},{"taxonomy":"post_tag","embeddable":true,"href":"https:\/\/parolesdhistoire.fr\/index.php\/wp-json\/wp\/v2\/tags?post=2454"}],"curies":[{"name":"wp","href":"https:\/\/api.w.org\/{rel}","templated":true}]}}