{"id":2508,"date":"2023-12-17T10:13:19","date_gmt":"2023-12-17T09:13:19","guid":{"rendered":"http:\/\/parolesdhistoire.fr\/?p=2508"},"modified":"2023-12-27T07:58:53","modified_gmt":"2023-12-27T06:58:53","slug":"316-les-jardins-botaniques-microcosmes-imperiaux-avec-helene-blais","status":"publish","type":"post","link":"https:\/\/parolesdhistoire.fr\/index.php\/2023\/12\/17\/316-les-jardins-botaniques-microcosmes-imperiaux-avec-helene-blais\/","title":{"rendered":"316. Les jardins botaniques, microcosmes imp\u00e9riaux, avec H\u00e9l\u00e8ne Blais"},"content":{"rendered":"<iframe loading=\"lazy\" src=\"https:\/\/player.blubrry.com\/?media_url=https%3A%2F%2Fmedia.blubrry.com%2Fparolesdhistoire%2Fcontent.blubrry.com%2Fparolesdhistoire%2F316_blais.mp3&amp;modern=1&amp;podcast_link=https%3A%2F%2Fparolesdhistoire.fr%2Findex.php%2F2023%2F12%2F17%2F316-les-jardins-botaniques-microcosmes-imperiaux-avec-helene-blais%2F#mode-Light&border-000000&progress-000000\" scrolling=\"no\" width=\"100%\" height=\"165\" frameborder=\"0\" id=\"blubrryplayer-1\" class=\"blubrryplayer\" title=\"Blubrry Podcast Player\"><\/iframe><p class=\"powerpress_links powerpress_links_mp3\" style=\"margin-bottom: 1px !important;\">Podcast: <a href=\"https:\/\/media.blubrry.com\/parolesdhistoire\/content.blubrry.com\/parolesdhistoire\/316_blais.mp3\" class=\"powerpress_link_pinw\" target=\"_blank\" title=\"Play in new window\" onclick=\"return powerpress_pinw('https:\/\/parolesdhistoire.fr\/?powerpress_pinw=2508-podcast');\" rel=\"nofollow\">Play in new window<\/a> | <a href=\"https:\/\/media.blubrry.com\/parolesdhistoire\/content.blubrry.com\/parolesdhistoire\/316_blais.mp3\" class=\"powerpress_link_d\" title=\"Download\" rel=\"nofollow\" download=\"316_blais.mp3\">Download<\/a><\/p><p class=\"powerpress_links powerpress_subscribe_links\">S'abonner :  <a href=\"https:\/\/itunes.apple.com\/fr\/podcast\/paroles-dhistoire\/id1376002842?l=en&amp;mt=2&amp;ls=1#episodeGuid=http%3A%2F%2Fparolesdhistoire.fr%2F%3Fp%3D2508\" class=\"powerpress_link_subscribe powerpress_link_subscribe_itunes\" target=\"_blank\" title=\"Subscribe on Apple Podcasts\" rel=\"nofollow\">Apple Podcasts<\/a> | <a href=\"https:\/\/open.spotify.com\/show\/57zBA3htpYUB4MJNhhlDnn\" class=\"powerpress_link_subscribe powerpress_link_subscribe_spotify\" target=\"_blank\" title=\"Subscribe on Spotify\" rel=\"nofollow\">Spotify<\/a> | <a href=\"https:\/\/subscribeonandroid.com\/feeds.audiomeans.fr\/feed\/c3e6abea-2254-416a-b8ef-0619098d0e45.xml\" class=\"powerpress_link_subscribe powerpress_link_subscribe_android\" target=\"_blank\" title=\"Subscribe on Android\" rel=\"nofollow\">Android<\/a> | <a href=\"https:\/\/www.deezer.com\/en\/show\/1000680512\" class=\"powerpress_link_subscribe powerpress_link_subscribe_deezer\" target=\"_blank\" title=\"Subscribe on Deezer\" rel=\"nofollow\">Deezer<\/a> | <a href=\"https:\/\/feeds.audiomeans.fr\/feed\/c3e6abea-2254-416a-b8ef-0619098d0e45.xml\" class=\"powerpress_link_subscribe powerpress_link_subscribe_rss\" target=\"_blank\" title=\"Subscribe via RSS\" rel=\"nofollow\">RSS<\/a> | <a href=\"https:\/\/parolesdhistoire.fr\/index.php\/sabonner\/\" class=\"powerpress_link_subscribe powerpress_link_subscribe_more\" target=\"_blank\" title=\"More\" rel=\"nofollow\">More<\/a><\/p><p><strong><em>\u00c9mission enregistr\u00e9e en public le 14 d\u00e9cembre 2023 au s<a href=\"https:\/\/www.quaibranly.fr\/fr\/expositions-evenements\/au-musee\/rendez-vous-du-salon-de-lecture-jacques-kerchache\">alon de lecture Jacques Kerchache<\/a> du Mus\u00e9e du Quai Branly<\/em><\/strong><\/p>\n<p><a href=\"http:\/\/parolesdhistoire.fr\/wp-content\/uploads\/2023\/12\/372992-oejsao0eti-whr.jpg\"><img loading=\"lazy\" decoding=\"async\" class=\"aligncenter size-large wp-image-2532\" src=\"http:\/\/parolesdhistoire.fr\/wp-content\/uploads\/2023\/12\/372992-oejsao0eti-whr-1024x683.jpg\" alt=\"\" width=\"840\" height=\"560\" srcset=\"https:\/\/parolesdhistoire.fr\/wp-content\/uploads\/2023\/12\/372992-oejsao0eti-whr-1024x683.jpg 1024w, https:\/\/parolesdhistoire.fr\/wp-content\/uploads\/2023\/12\/372992-oejsao0eti-whr-300x200.jpg 300w, https:\/\/parolesdhistoire.fr\/wp-content\/uploads\/2023\/12\/372992-oejsao0eti-whr-768x512.jpg 768w, https:\/\/parolesdhistoire.fr\/wp-content\/uploads\/2023\/12\/372992-oejsao0eti-whr.jpg 1200w\" sizes=\"auto, (max-width: 709px) 85vw, (max-width: 909px) 67vw, (max-width: 1362px) 62vw, 840px\" \/><\/a>\u00a9 mus\u00e9e du quai Branly \u2013 Jacques Chirac, photo Julien Brachhammer<\/p>\n<p><strong>L\u2019invit\u00e9e\u00a0:<\/strong> H\u00e9l\u00e8ne Blais, professeure d\u2019histoire \u00e0 l\u2019ENS<\/p>\n<p><a href=\"http:\/\/parolesdhistoire.fr\/wp-content\/uploads\/2023\/12\/Bon_ESSAI_EMPIRE_NATURE.jpg\"><img loading=\"lazy\" decoding=\"async\" class=\"aligncenter size-large wp-image-2509\" src=\"http:\/\/parolesdhistoire.fr\/wp-content\/uploads\/2023\/12\/Bon_ESSAI_EMPIRE_NATURE-652x1024.jpg\" alt=\"\" width=\"652\" height=\"1024\" srcset=\"https:\/\/parolesdhistoire.fr\/wp-content\/uploads\/2023\/12\/Bon_ESSAI_EMPIRE_NATURE-652x1024.jpg 652w, https:\/\/parolesdhistoire.fr\/wp-content\/uploads\/2023\/12\/Bon_ESSAI_EMPIRE_NATURE-191x300.jpg 191w, https:\/\/parolesdhistoire.fr\/wp-content\/uploads\/2023\/12\/Bon_ESSAI_EMPIRE_NATURE-768x1207.jpg 768w, https:\/\/parolesdhistoire.fr\/wp-content\/uploads\/2023\/12\/Bon_ESSAI_EMPIRE_NATURE-1200x1885.jpg 1200w, https:\/\/parolesdhistoire.fr\/wp-content\/uploads\/2023\/12\/Bon_ESSAI_EMPIRE_NATURE.jpg 1511w\" sizes=\"auto, (max-width: 709px) 85vw, (max-width: 909px) 67vw, (max-width: 984px) 61vw, (max-width: 1362px) 45vw, 600px\" \/><\/a><strong>Le livre\u00a0:<\/strong> <em>L\u2019empire de la nature. Une histoire des jardins botaniques coloniaux (Fin XVIIIe si\u00e8cle\u2009\u2013\u2009ann\u00e9es 1930)<\/em>, Seyssel, Champ Vallon, 2023.<\/p>\n<p><strong>La discussion\u00a0:<\/strong><\/p>\n<ul>\n<li>Introduction (00:00)<\/li>\n<li>Qu\u2019est-ce qu\u2019un jardin botanique colonial\u00a0?(1:30)<\/li>\n<li>Coop\u00e9rations entre empires et circulation des plantes (9:00)<\/li>\n<li>Des vitrines des empires (12:00)<\/li>\n<li>Quel public pour ces jardins\u00a0? (24:40)<\/li>\n<li>Succ\u00e8s et \u00e9checs de l\u2019acclimatation des plantes (31:00)<\/li>\n<li>Un monde tr\u00e8s masculin (38:00)<\/li>\n<li>La fin progressive des jardins botaniques (40:00)<\/li>\n<li>Quels jardins visiter\u00a0? (45:00)<\/li>\n<li>Questions du public (50:30)<\/li>\n<\/ul>\n","protected":false},"excerpt":{"rendered":"<p>\u00c9mission enregistr\u00e9e en public le 14 d\u00e9cembre 2023 au salon de lecture Jacques Kerchache du Mus\u00e9e du Quai Branly \u00a9 mus\u00e9e du quai Branly \u2013 Jacques Chirac, photo Julien Brachhammer L\u2019invit\u00e9e\u00a0: H\u00e9l\u00e8ne Blais, professeure d\u2019histoire \u00e0 l\u2019ENS Le livre\u00a0: L\u2019empire de la nature. Une histoire des jardins botaniques coloniaux (Fin XVIIIe si\u00e8cle\u2009\u2013\u2009ann\u00e9es 1930), Seyssel, Champ &hellip; <a href=\"https:\/\/parolesdhistoire.fr\/index.php\/2023\/12\/17\/316-les-jardins-botaniques-microcosmes-imperiaux-avec-helene-blais\/\" class=\"more-link\">Continue reading<span class=\"screen-reader-text\"> &#8220;316. Les jardins botaniques, microcosmes imp\u00e9riaux, avec H\u00e9l\u00e8ne Blais&#8221;<\/span><\/a><\/p>\n","protected":false},"author":1,"featured_media":0,"comment_status":"open","ping_status":"open","sticky":false,"template":"","format":"standard","meta":{"footnotes":""},"categories":[4],"tags":[12,217,196,91],"class_list":["post-2508","post","type-post","status-publish","format-standard","hentry","category-parution","tag-colonisation","tag-empire","tag-environnement","tag-sciences"],"_links":{"self":[{"href":"https:\/\/parolesdhistoire.fr\/index.php\/wp-json\/wp\/v2\/posts\/2508","targetHints":{"allow":["GET"]}}],"collection":[{"href":"https:\/\/parolesdhistoire.fr\/index.php\/wp-json\/wp\/v2\/posts"}],"about":[{"href":"https:\/\/parolesdhistoire.fr\/index.php\/wp-json\/wp\/v2\/types\/post"}],"author":[{"embeddable":true,"href":"https:\/\/parolesdhistoire.fr\/index.php\/wp-json\/wp\/v2\/users\/1"}],"replies":[{"embeddable":true,"href":"https:\/\/parolesdhistoire.fr\/index.php\/wp-json\/wp\/v2\/comments?post=2508"}],"version-history":[{"count":3,"href":"https:\/\/parolesdhistoire.fr\/index.php\/wp-json\/wp\/v2\/posts\/2508\/revisions"}],"predecessor-version":[{"id":2533,"href":"https:\/\/parolesdhistoire.fr\/index.php\/wp-json\/wp\/v2\/posts\/2508\/revisions\/2533"}],"wp:attachment":[{"href":"https:\/\/parolesdhistoire.fr\/index.php\/wp-json\/wp\/v2\/media?parent=2508"}],"wp:term":[{"taxonomy":"category","embeddable":true,"href":"https:\/\/parolesdhistoire.fr\/index.php\/wp-json\/wp\/v2\/categories?post=2508"},{"taxonomy":"post_tag","embeddable":true,"href":"https:\/\/parolesdhistoire.fr\/index.php\/wp-json\/wp\/v2\/tags?post=2508"}],"curies":[{"name":"wp","href":"https:\/\/api.w.org\/{rel}","templated":true}]}}