{"id":2556,"date":"2024-02-17T07:48:24","date_gmt":"2024-02-17T06:48:24","guid":{"rendered":"http:\/\/parolesdhistoire.fr\/?p=2556"},"modified":"2024-02-16T20:39:44","modified_gmt":"2024-02-16T19:39:44","slug":"323-le-marche-matrimonial-aux-xixe-xxe-siecles-avec-claire-lise-gaillard","status":"publish","type":"post","link":"https:\/\/parolesdhistoire.fr\/index.php\/2024\/02\/17\/323-le-marche-matrimonial-aux-xixe-xxe-siecles-avec-claire-lise-gaillard\/","title":{"rendered":"323. Le march\u00e9 matrimonial aux XIXe-XXe si\u00e8cles, avec Claire-Lise Gaillard"},"content":{"rendered":"<iframe loading=\"lazy\" src=\"https:\/\/player.blubrry.com\/?media_url=https%3A%2F%2Fmedia.blubrry.com%2Fparolesdhistoire%2Fcontent.blubrry.com%2Fparolesdhistoire%2F323_mariage.mp3&amp;modern=1&amp;podcast_link=https%3A%2F%2Fparolesdhistoire.fr%2Findex.php%2F2024%2F02%2F17%2F323-le-marche-matrimonial-aux-xixe-xxe-siecles-avec-claire-lise-gaillard%2F#mode-Light&border-000000&progress-000000\" scrolling=\"no\" width=\"100%\" height=\"165\" frameborder=\"0\" id=\"blubrryplayer-1\" class=\"blubrryplayer\" title=\"Blubrry Podcast Player\"><\/iframe><p class=\"powerpress_links powerpress_links_mp3\" style=\"margin-bottom: 1px !important;\">Podcast: <a href=\"https:\/\/media.blubrry.com\/parolesdhistoire\/content.blubrry.com\/parolesdhistoire\/323_mariage.mp3\" class=\"powerpress_link_pinw\" target=\"_blank\" title=\"Play in new window\" onclick=\"return powerpress_pinw('https:\/\/parolesdhistoire.fr\/?powerpress_pinw=2556-podcast');\" rel=\"nofollow\">Play in new window<\/a> | <a href=\"https:\/\/media.blubrry.com\/parolesdhistoire\/content.blubrry.com\/parolesdhistoire\/323_mariage.mp3\" class=\"powerpress_link_d\" title=\"Download\" rel=\"nofollow\" download=\"323_mariage.mp3\">Download<\/a><\/p><p class=\"powerpress_links powerpress_subscribe_links\">S'abonner :  <a href=\"https:\/\/itunes.apple.com\/fr\/podcast\/paroles-dhistoire\/id1376002842?l=en&amp;mt=2&amp;ls=1#episodeGuid=http%3A%2F%2Fparolesdhistoire.fr%2F%3Fp%3D2556\" class=\"powerpress_link_subscribe powerpress_link_subscribe_itunes\" target=\"_blank\" title=\"Subscribe on Apple Podcasts\" rel=\"nofollow\">Apple Podcasts<\/a> | <a href=\"https:\/\/open.spotify.com\/show\/57zBA3htpYUB4MJNhhlDnn\" class=\"powerpress_link_subscribe powerpress_link_subscribe_spotify\" target=\"_blank\" title=\"Subscribe on Spotify\" rel=\"nofollow\">Spotify<\/a> | <a href=\"https:\/\/subscribeonandroid.com\/feeds.audiomeans.fr\/feed\/c3e6abea-2254-416a-b8ef-0619098d0e45.xml\" class=\"powerpress_link_subscribe powerpress_link_subscribe_android\" target=\"_blank\" title=\"Subscribe on Android\" rel=\"nofollow\">Android<\/a> | <a href=\"https:\/\/www.deezer.com\/en\/show\/1000680512\" class=\"powerpress_link_subscribe powerpress_link_subscribe_deezer\" target=\"_blank\" title=\"Subscribe on Deezer\" rel=\"nofollow\">Deezer<\/a> | <a href=\"https:\/\/feeds.audiomeans.fr\/feed\/c3e6abea-2254-416a-b8ef-0619098d0e45.xml\" class=\"powerpress_link_subscribe powerpress_link_subscribe_rss\" target=\"_blank\" title=\"Subscribe via RSS\" rel=\"nofollow\">RSS<\/a> | <a href=\"https:\/\/parolesdhistoire.fr\/index.php\/sabonner\/\" class=\"powerpress_link_subscribe powerpress_link_subscribe_more\" target=\"_blank\" title=\"More\" rel=\"nofollow\">More<\/a><\/p><p><strong>L\u2019invit\u00e9e\u00a0: <\/strong>Claire-Lise Gaillard, docteure en histoire contemporaine<\/p>\n<p><strong> <a href=\"http:\/\/parolesdhistoire.fr\/wp-content\/uploads\/2024\/02\/9782271135384.jpg\"><img loading=\"lazy\" decoding=\"async\" class=\"aligncenter wp-image-2557\" src=\"http:\/\/parolesdhistoire.fr\/wp-content\/uploads\/2024\/02\/9782271135384.jpg\" alt=\"\" width=\"456\" height=\"700\" srcset=\"https:\/\/parolesdhistoire.fr\/wp-content\/uploads\/2024\/02\/9782271135384.jpg 600w, https:\/\/parolesdhistoire.fr\/wp-content\/uploads\/2024\/02\/9782271135384-195x300.jpg 195w\" sizes=\"auto, (max-width: 456px) 85vw, 456px\" \/><\/a><\/strong><strong>Le livre\u00a0: <\/strong><em>Pas s\u00e9rieux s\u2019abstenir. Histoire du march\u00e9 de la rencontre XIXe-XXe si\u00e8cle<\/em> (\u00e9ditions du CNRS, 2024)<\/p>\n<p><strong>La discussion\u00a0:<\/strong><\/p>\n<ul>\n<li>Introduction (00:00)<\/li>\n<li>Avec quelles sources \u00e9crire l\u2019histoire de la rencontre et de son march\u00e9\u00a0? (1:30)<\/li>\n<li>Des transactions peu dicibles et semi-l\u00e9gales au XIXe si\u00e8cle (8:10)<\/li>\n<li>Arranger les mariages pour pallier les bouleversements sociaux issus de la R\u00e9volution (10:10)<\/li>\n<li>Une tension entre un volet l\u00e9gitime \/ matrimonial et un volet prostitutionnel dans les annonces et les pratiques d\u2019interm\u00e9diation (14:00)<\/li>\n<li>\u00ab\u00a0C\u00e9l\u00e9rit\u00e9 et discr\u00e9tion\u00a0\u00bb (17:00)<\/li>\n<li>Les petites annonces (<strong><em>lecture<\/em><\/strong>) et leur vocabulaire en partie cod\u00e9 (19:45)<\/li>\n<li>Ascension ou segmentation sociale\u00a0? (28:00)<\/li>\n<li>Le risque de l\u2019escroquerie voire (Landru) du crime (33:00)<\/li>\n<li>La Grande Guerre et la reconfiguration complexe du jeu matrimonial (39:00)<\/li>\n<li>La place de la quantification dans le travail (46:15)<\/li>\n<\/ul>\n<p><strong>Le conseil de lecture\u00a0: <\/strong>Alice Reybaud, <em>Nos puissantes amiti\u00e9s. Des liens politiques, des lieux de r\u00e9sistance<\/em>, Paris, La d\u00e9couverte, 2024.<\/p>\n","protected":false},"excerpt":{"rendered":"<p>L\u2019invit\u00e9e\u00a0: Claire-Lise Gaillard, docteure en histoire contemporaine Le livre\u00a0: Pas s\u00e9rieux s\u2019abstenir. Histoire du march\u00e9 de la rencontre XIXe-XXe si\u00e8cle (\u00e9ditions du CNRS, 2024) La discussion\u00a0: Introduction (00:00) Avec quelles sources \u00e9crire l\u2019histoire de la rencontre et de son march\u00e9\u00a0? (1:30) Des transactions peu dicibles et semi-l\u00e9gales au XIXe si\u00e8cle (8:10) Arranger les mariages pour &hellip; <a href=\"https:\/\/parolesdhistoire.fr\/index.php\/2024\/02\/17\/323-le-marche-matrimonial-aux-xixe-xxe-siecles-avec-claire-lise-gaillard\/\" class=\"more-link\">Continue reading<span class=\"screen-reader-text\"> &#8220;323. Le march\u00e9 matrimonial aux XIXe-XXe si\u00e8cles, avec Claire-Lise Gaillard&#8221;<\/span><\/a><\/p>\n","protected":false},"author":1,"featured_media":0,"comment_status":"open","ping_status":"open","sticky":false,"template":"","format":"standard","meta":{"footnotes":""},"categories":[4],"tags":[10,7,226,34],"class_list":["post-2556","post","type-post","status-publish","format-standard","hentry","category-parution","tag-rapports-de-genre","tag-histoire-sociale","tag-mariage","tag-xixe"],"_links":{"self":[{"href":"https:\/\/parolesdhistoire.fr\/index.php\/wp-json\/wp\/v2\/posts\/2556","targetHints":{"allow":["GET"]}}],"collection":[{"href":"https:\/\/parolesdhistoire.fr\/index.php\/wp-json\/wp\/v2\/posts"}],"about":[{"href":"https:\/\/parolesdhistoire.fr\/index.php\/wp-json\/wp\/v2\/types\/post"}],"author":[{"embeddable":true,"href":"https:\/\/parolesdhistoire.fr\/index.php\/wp-json\/wp\/v2\/users\/1"}],"replies":[{"embeddable":true,"href":"https:\/\/parolesdhistoire.fr\/index.php\/wp-json\/wp\/v2\/comments?post=2556"}],"version-history":[{"count":1,"href":"https:\/\/parolesdhistoire.fr\/index.php\/wp-json\/wp\/v2\/posts\/2556\/revisions"}],"predecessor-version":[{"id":2558,"href":"https:\/\/parolesdhistoire.fr\/index.php\/wp-json\/wp\/v2\/posts\/2556\/revisions\/2558"}],"wp:attachment":[{"href":"https:\/\/parolesdhistoire.fr\/index.php\/wp-json\/wp\/v2\/media?parent=2556"}],"wp:term":[{"taxonomy":"category","embeddable":true,"href":"https:\/\/parolesdhistoire.fr\/index.php\/wp-json\/wp\/v2\/categories?post=2556"},{"taxonomy":"post_tag","embeddable":true,"href":"https:\/\/parolesdhistoire.fr\/index.php\/wp-json\/wp\/v2\/tags?post=2556"}],"curies":[{"name":"wp","href":"https:\/\/api.w.org\/{rel}","templated":true}]}}