{"id":2571,"date":"2024-03-10T08:42:43","date_gmt":"2024-03-10T07:42:43","guid":{"rendered":"http:\/\/parolesdhistoire.fr\/?p=2571"},"modified":"2024-03-09T11:00:58","modified_gmt":"2024-03-09T10:00:58","slug":"326-dans-les-coulisses-du-theatre-au-xviiie-siecle-avec-suzanne-rochefort","status":"publish","type":"post","link":"https:\/\/parolesdhistoire.fr\/index.php\/2024\/03\/10\/326-dans-les-coulisses-du-theatre-au-xviiie-siecle-avec-suzanne-rochefort\/","title":{"rendered":"326. Dans les coulisses du th\u00e9\u00e2tre au XVIIIe si\u00e8cle, avec Suzanne Rochefort"},"content":{"rendered":"<iframe loading=\"lazy\" src=\"https:\/\/player.blubrry.com\/?media_url=https%3A%2F%2Fmedia.blubrry.com%2Fparolesdhistoire%2Fcontent.blubrry.com%2Fparolesdhistoire%2F326_theatre.mp3&amp;modern=1&amp;podcast_link=https%3A%2F%2Fparolesdhistoire.fr%2Findex.php%2F2024%2F03%2F10%2F326-dans-les-coulisses-du-theatre-au-xviiie-siecle-avec-suzanne-rochefort%2F#mode-Light&border-000000&progress-000000\" scrolling=\"no\" width=\"100%\" height=\"165\" frameborder=\"0\" id=\"blubrryplayer-1\" class=\"blubrryplayer\" title=\"Blubrry Podcast Player\"><\/iframe><p class=\"powerpress_links powerpress_links_mp3\" style=\"margin-bottom: 1px !important;\">Podcast: <a href=\"https:\/\/media.blubrry.com\/parolesdhistoire\/content.blubrry.com\/parolesdhistoire\/326_theatre.mp3\" class=\"powerpress_link_pinw\" target=\"_blank\" title=\"Play in new window\" onclick=\"return powerpress_pinw('https:\/\/parolesdhistoire.fr\/?powerpress_pinw=2571-podcast');\" rel=\"nofollow\">Play in new window<\/a> | <a href=\"https:\/\/media.blubrry.com\/parolesdhistoire\/content.blubrry.com\/parolesdhistoire\/326_theatre.mp3\" class=\"powerpress_link_d\" title=\"Download\" rel=\"nofollow\" download=\"326_theatre.mp3\">Download<\/a><\/p><p class=\"powerpress_links powerpress_subscribe_links\">S'abonner :  <a href=\"https:\/\/itunes.apple.com\/fr\/podcast\/paroles-dhistoire\/id1376002842?l=en&amp;mt=2&amp;ls=1#episodeGuid=http%3A%2F%2Fparolesdhistoire.fr%2F%3Fp%3D2571\" class=\"powerpress_link_subscribe powerpress_link_subscribe_itunes\" target=\"_blank\" title=\"Subscribe on Apple Podcasts\" rel=\"nofollow\">Apple Podcasts<\/a> | <a href=\"https:\/\/open.spotify.com\/show\/57zBA3htpYUB4MJNhhlDnn\" class=\"powerpress_link_subscribe powerpress_link_subscribe_spotify\" target=\"_blank\" title=\"Subscribe on Spotify\" rel=\"nofollow\">Spotify<\/a> | <a href=\"https:\/\/subscribeonandroid.com\/feeds.audiomeans.fr\/feed\/c3e6abea-2254-416a-b8ef-0619098d0e45.xml\" class=\"powerpress_link_subscribe powerpress_link_subscribe_android\" target=\"_blank\" title=\"Subscribe on Android\" rel=\"nofollow\">Android<\/a> | <a href=\"https:\/\/www.deezer.com\/en\/show\/1000680512\" class=\"powerpress_link_subscribe powerpress_link_subscribe_deezer\" target=\"_blank\" title=\"Subscribe on Deezer\" rel=\"nofollow\">Deezer<\/a> | <a href=\"https:\/\/feeds.audiomeans.fr\/feed\/c3e6abea-2254-416a-b8ef-0619098d0e45.xml\" class=\"powerpress_link_subscribe powerpress_link_subscribe_rss\" target=\"_blank\" title=\"Subscribe via RSS\" rel=\"nofollow\">RSS<\/a> | <a href=\"https:\/\/parolesdhistoire.fr\/index.php\/sabonner\/\" class=\"powerpress_link_subscribe powerpress_link_subscribe_more\" target=\"_blank\" title=\"More\" rel=\"nofollow\">More<\/a><\/p><p><strong>L\u2019invit\u00e9e\u00a0: <\/strong>Suzanne Rochefort, docteure en histoire moderne, ATER \u00e0 l\u2019Universit\u00e9 de Versailles-Saint-Quentin<\/p>\n<p><strong> <a href=\"http:\/\/parolesdhistoire.fr\/wp-content\/uploads\/2024\/03\/Couv_Vies_1-992x1536.jpg\"><img loading=\"lazy\" decoding=\"async\" class=\"aligncenter size-large wp-image-2572\" src=\"http:\/\/parolesdhistoire.fr\/wp-content\/uploads\/2024\/03\/Couv_Vies_1-992x1536-661x1024.jpg\" alt=\"\" width=\"661\" height=\"1024\" srcset=\"https:\/\/parolesdhistoire.fr\/wp-content\/uploads\/2024\/03\/Couv_Vies_1-992x1536-661x1024.jpg 661w, https:\/\/parolesdhistoire.fr\/wp-content\/uploads\/2024\/03\/Couv_Vies_1-992x1536-194x300.jpg 194w, https:\/\/parolesdhistoire.fr\/wp-content\/uploads\/2024\/03\/Couv_Vies_1-992x1536-768x1189.jpg 768w, https:\/\/parolesdhistoire.fr\/wp-content\/uploads\/2024\/03\/Couv_Vies_1-992x1536.jpg 992w\" sizes=\"auto, (max-width: 709px) 85vw, (max-width: 909px) 67vw, (max-width: 984px) 61vw, (max-width: 1362px) 45vw, 600px\" \/><\/a><\/strong><\/p>\n<p><strong>Le livre\u00a0: <\/strong><em>Vies th\u00e9\u00e2trales \u00b7 Le m\u00e9tier de com\u00e9dien \u00e0 Paris entre Lumi\u00e8res et R\u00e9volution<\/em>, Ceyssel, Champ Vallon, 2024.<\/p>\n<p><strong>La discussion\u00a0:<\/strong><\/p>\n<ul>\n<li>Introduction (00:00)<\/li>\n<li>Renouveler l\u2019histoire du th\u00e9\u00e2tre par le prisme du travail (02:00)<\/li>\n<li>La dualit\u00e9 du paysage th\u00e9\u00e2tral parisien fin XVIIIe si\u00e8cle avec un m\u00e9tier non r\u00e9gi par une corporation (10:00)<\/li>\n<li>Les m\u00e9saventures de la Com\u00e9die-fran\u00e7aise sous la R\u00e9volution (17:35)<\/li>\n<li>Un march\u00e9 du travail des com\u00e9dien-nes au XVIIIe si\u00e8cle (20:00)<\/li>\n<li>Un m\u00e9tier entre stigmatisation et valorisation (27:00)*<\/li>\n<li><strong><em>Lecture d\u2019un texte par Matthieu de Oliveira (32:00)<\/em><\/strong><\/li>\n<li>La voix et le corps des acteurs et actrices (36:00)<\/li>\n<li>Public et critiques\u00a0: pour qui joue-t-on au XVIIIe si\u00e8cle\u00a0? (40:50)<\/li>\n<\/ul>\n<p><strong>Les conseils de lecture\u00a0:<\/strong><\/p>\n<ul>\n<li>Juliette Rennes, <em>M\u00e9tiers de rue. Observer le travail et le genre \u00e0 Paris en 1900<\/em>, Paris, \u00c9ditions de l&#8217;EHESS, 2022.<\/li>\n<li>Laurence Marie, <em>Les paradoxes du com\u00e9dien, Cinquante regards sur le m\u00e9tier d&#8217;acteur<\/em>, Paris, Gallimard, 2024.<\/li>\n<\/ul>\n<p>Habillage musical : &#8220;Etude in E minor op 60 Nr 22&#8221;, Fernando Sor<\/p>\n","protected":false},"excerpt":{"rendered":"<p>L\u2019invit\u00e9e\u00a0: Suzanne Rochefort, docteure en histoire moderne, ATER \u00e0 l\u2019Universit\u00e9 de Versailles-Saint-Quentin Le livre\u00a0: Vies th\u00e9\u00e2trales \u00b7 Le m\u00e9tier de com\u00e9dien \u00e0 Paris entre Lumi\u00e8res et R\u00e9volution, Ceyssel, Champ Vallon, 2024. La discussion\u00a0: Introduction (00:00) Renouveler l\u2019histoire du th\u00e9\u00e2tre par le prisme du travail (02:00) La dualit\u00e9 du paysage th\u00e9\u00e2tral parisien fin XVIIIe si\u00e8cle avec &hellip; <a href=\"https:\/\/parolesdhistoire.fr\/index.php\/2024\/03\/10\/326-dans-les-coulisses-du-theatre-au-xviiie-siecle-avec-suzanne-rochefort\/\" class=\"more-link\">Continue reading<span class=\"screen-reader-text\"> &#8220;326. Dans les coulisses du th\u00e9\u00e2tre au XVIIIe si\u00e8cle, avec Suzanne Rochefort&#8221;<\/span><\/a><\/p>\n","protected":false},"author":1,"featured_media":0,"comment_status":"open","ping_status":"open","sticky":false,"template":"","format":"standard","meta":{"footnotes":""},"categories":[4],"tags":[185,154,49],"class_list":["post-2571","post","type-post","status-publish","format-standard","hentry","category-parution","tag-lumieres","tag-revolution","tag-theatre"],"_links":{"self":[{"href":"https:\/\/parolesdhistoire.fr\/index.php\/wp-json\/wp\/v2\/posts\/2571","targetHints":{"allow":["GET"]}}],"collection":[{"href":"https:\/\/parolesdhistoire.fr\/index.php\/wp-json\/wp\/v2\/posts"}],"about":[{"href":"https:\/\/parolesdhistoire.fr\/index.php\/wp-json\/wp\/v2\/types\/post"}],"author":[{"embeddable":true,"href":"https:\/\/parolesdhistoire.fr\/index.php\/wp-json\/wp\/v2\/users\/1"}],"replies":[{"embeddable":true,"href":"https:\/\/parolesdhistoire.fr\/index.php\/wp-json\/wp\/v2\/comments?post=2571"}],"version-history":[{"count":1,"href":"https:\/\/parolesdhistoire.fr\/index.php\/wp-json\/wp\/v2\/posts\/2571\/revisions"}],"predecessor-version":[{"id":2573,"href":"https:\/\/parolesdhistoire.fr\/index.php\/wp-json\/wp\/v2\/posts\/2571\/revisions\/2573"}],"wp:attachment":[{"href":"https:\/\/parolesdhistoire.fr\/index.php\/wp-json\/wp\/v2\/media?parent=2571"}],"wp:term":[{"taxonomy":"category","embeddable":true,"href":"https:\/\/parolesdhistoire.fr\/index.php\/wp-json\/wp\/v2\/categories?post=2571"},{"taxonomy":"post_tag","embeddable":true,"href":"https:\/\/parolesdhistoire.fr\/index.php\/wp-json\/wp\/v2\/tags?post=2571"}],"curies":[{"name":"wp","href":"https:\/\/api.w.org\/{rel}","templated":true}]}}