{"id":2577,"date":"2024-03-17T08:30:14","date_gmt":"2024-03-17T07:30:14","guid":{"rendered":"http:\/\/parolesdhistoire.fr\/?p=2577"},"modified":"2024-03-16T19:14:04","modified_gmt":"2024-03-16T18:14:04","slug":"327-une-vie-feministe-madeleine-pelletier-1874-1939-avec-christine-bard","status":"publish","type":"post","link":"https:\/\/parolesdhistoire.fr\/index.php\/2024\/03\/17\/327-une-vie-feministe-madeleine-pelletier-1874-1939-avec-christine-bard\/","title":{"rendered":"327. Une vie f\u00e9ministe: Madeleine Pelletier (1874-1939), avec Christine Bard"},"content":{"rendered":"<iframe loading=\"lazy\" src=\"https:\/\/player.blubrry.com\/?media_url=https%3A%2F%2Fmedia.blubrry.com%2Fparolesdhistoire%2Fcontent.blubrry.com%2Fparolesdhistoire%2F327_pelletier.mp3&amp;modern=1&amp;podcast_link=https%3A%2F%2Fparolesdhistoire.fr%2Findex.php%2F2024%2F03%2F17%2F327-une-vie-feministe-madeleine-pelletier-1874-1939-avec-christine-bard%2F#mode-Light&border-000000&progress-000000\" scrolling=\"no\" width=\"100%\" height=\"165\" frameborder=\"0\" id=\"blubrryplayer-1\" class=\"blubrryplayer\" title=\"Blubrry Podcast Player\"><\/iframe><p class=\"powerpress_links powerpress_links_mp3\" style=\"margin-bottom: 1px !important;\">Podcast: <a href=\"https:\/\/media.blubrry.com\/parolesdhistoire\/content.blubrry.com\/parolesdhistoire\/327_pelletier.mp3\" class=\"powerpress_link_pinw\" target=\"_blank\" title=\"Play in new window\" onclick=\"return powerpress_pinw('https:\/\/parolesdhistoire.fr\/?powerpress_pinw=2577-podcast');\" rel=\"nofollow\">Play in new window<\/a> | <a href=\"https:\/\/media.blubrry.com\/parolesdhistoire\/content.blubrry.com\/parolesdhistoire\/327_pelletier.mp3\" class=\"powerpress_link_d\" title=\"Download\" rel=\"nofollow\" download=\"327_pelletier.mp3\">Download<\/a><\/p><p class=\"powerpress_links powerpress_subscribe_links\">S'abonner :  <a href=\"https:\/\/itunes.apple.com\/fr\/podcast\/paroles-dhistoire\/id1376002842?l=en&amp;mt=2&amp;ls=1#episodeGuid=http%3A%2F%2Fparolesdhistoire.fr%2F%3Fp%3D2577\" class=\"powerpress_link_subscribe powerpress_link_subscribe_itunes\" target=\"_blank\" title=\"Subscribe on Apple Podcasts\" rel=\"nofollow\">Apple Podcasts<\/a> | <a href=\"https:\/\/open.spotify.com\/show\/57zBA3htpYUB4MJNhhlDnn\" class=\"powerpress_link_subscribe powerpress_link_subscribe_spotify\" target=\"_blank\" title=\"Subscribe on Spotify\" rel=\"nofollow\">Spotify<\/a> | <a href=\"https:\/\/subscribeonandroid.com\/feeds.audiomeans.fr\/feed\/c3e6abea-2254-416a-b8ef-0619098d0e45.xml\" class=\"powerpress_link_subscribe powerpress_link_subscribe_android\" target=\"_blank\" title=\"Subscribe on Android\" rel=\"nofollow\">Android<\/a> | <a href=\"https:\/\/www.deezer.com\/en\/show\/1000680512\" class=\"powerpress_link_subscribe powerpress_link_subscribe_deezer\" target=\"_blank\" title=\"Subscribe on Deezer\" rel=\"nofollow\">Deezer<\/a> | <a href=\"https:\/\/feeds.audiomeans.fr\/feed\/c3e6abea-2254-416a-b8ef-0619098d0e45.xml\" class=\"powerpress_link_subscribe powerpress_link_subscribe_rss\" target=\"_blank\" title=\"Subscribe via RSS\" rel=\"nofollow\">RSS<\/a> | <a href=\"https:\/\/parolesdhistoire.fr\/index.php\/sabonner\/\" class=\"powerpress_link_subscribe powerpress_link_subscribe_more\" target=\"_blank\" title=\"More\" rel=\"nofollow\">More<\/a><\/p><p><strong>L\u2019invit\u00e9e\u00a0: <\/strong>Christine Bard, professeure \u00e0 l\u2019universit\u00e9 d\u2019Angers<strong><a href=\"http:\/\/parolesdhistoire.fr\/wp-content\/uploads\/2024\/03\/couv.jpeg\"><img loading=\"lazy\" decoding=\"async\" class=\"aligncenter wp-image-2578\" src=\"http:\/\/parolesdhistoire.fr\/wp-content\/uploads\/2024\/03\/couv-622x1024.jpeg\" alt=\"\" width=\"406\" height=\"669\" srcset=\"https:\/\/parolesdhistoire.fr\/wp-content\/uploads\/2024\/03\/couv-622x1024.jpeg 622w, https:\/\/parolesdhistoire.fr\/wp-content\/uploads\/2024\/03\/couv-182x300.jpeg 182w, https:\/\/parolesdhistoire.fr\/wp-content\/uploads\/2024\/03\/couv-768x1265.jpeg 768w, https:\/\/parolesdhistoire.fr\/wp-content\/uploads\/2024\/03\/couv-1200x1977.jpeg 1200w, https:\/\/parolesdhistoire.fr\/wp-content\/uploads\/2024\/03\/couv.jpeg 1276w\" sizes=\"auto, (max-width: 406px) 85vw, 406px\" \/><\/a><\/strong><\/p>\n<p><strong>Le livre\u00a0: <\/strong>Madeleine Pelletier, <em>M\u00e9moires d\u2019une f\u00e9ministe int\u00e9grale<\/em>, Paris, Gallimard, \u00ab\u00a0Folio histoire\u00a0\u00bb, 2024.<\/p>\n<p><strong>La discussion\u00a0:<\/strong><\/p>\n<ul>\n<li>Introduction (00:00)<\/li>\n<li>Qu\u2019est-ce qu\u2019une \u00ab\u00a0f\u00e9ministe int\u00e9grale\u00a0\u00bb\u00a0? (1\u00a0:10)<\/li>\n<li>La \u00ab\u00a0red\u00e9couverte\u00a0\u00bb historiographique de Madeleine Pelletier (9:00)<\/li>\n<li>Journal, m\u00e9moires, roman\u2026 les formes de l\u2019\u00e9criture personnelle (13:00)<\/li>\n<li>Radicale sans \u00eatre embrigad\u00e9e, par le parti communiste notamment (21:00)<\/li>\n<li>Le bouleversement connu \u00e0 l\u2019\u00e2ge de douze ans, qui l\u2019oriente vers une \u00ab\u00a0virginit\u00e9 militante\u00a0\u00bb (26:00)<\/li>\n<li>Une attention aux normes de genre (29:30)<\/li>\n<li>Une f\u00e9ministe qui n\u2019id\u00e9alise pas les femmes (34:00)<\/li>\n<li>Son rapport \u00e0 la R\u00e9publique\u00a0: lecture par Anna Kubista (40:00)<\/li>\n<li>Un journal de guerre (1914) original (45:00)<\/li>\n<\/ul>\n<p><strong>Le conseil de lecture\u00a0: <a href=\"https:\/\/gallica.bnf.fr\/services\/engine\/search\/sru?operation=searchRetrieve&amp;version=1.2&amp;maximumRecords=50&amp;collapsing=true&amp;exactSearch=true&amp;query=(dc.creator%20adj%20%22Pelletier%20%20Madeleine%22%20or%20dc.contributor%20adj%20%22Pelletier%20%20Madeleine%22)\">Madeleine Pelletier sur Gallica<\/a><\/strong><\/p>\n","protected":false},"excerpt":{"rendered":"<p>L\u2019invit\u00e9e\u00a0: Christine Bard, professeure \u00e0 l\u2019universit\u00e9 d\u2019Angers Le livre\u00a0: Madeleine Pelletier, M\u00e9moires d\u2019une f\u00e9ministe int\u00e9grale, Paris, Gallimard, \u00ab\u00a0Folio histoire\u00a0\u00bb, 2024. La discussion\u00a0: Introduction (00:00) Qu\u2019est-ce qu\u2019une \u00ab\u00a0f\u00e9ministe int\u00e9grale\u00a0\u00bb\u00a0? (1\u00a0:10) La \u00ab\u00a0red\u00e9couverte\u00a0\u00bb historiographique de Madeleine Pelletier (9:00) Journal, m\u00e9moires, roman\u2026 les formes de l\u2019\u00e9criture personnelle (13:00) Radicale sans \u00eatre embrigad\u00e9e, par le parti communiste notamment (21:00) &hellip; <a href=\"https:\/\/parolesdhistoire.fr\/index.php\/2024\/03\/17\/327-une-vie-feministe-madeleine-pelletier-1874-1939-avec-christine-bard\/\" class=\"more-link\">Continue reading<span class=\"screen-reader-text\"> &#8220;327. Une vie f\u00e9ministe: Madeleine Pelletier (1874-1939), avec Christine Bard&#8221;<\/span><\/a><\/p>\n","protected":false},"author":1,"featured_media":0,"comment_status":"open","ping_status":"open","sticky":false,"template":"","format":"standard","meta":{"footnotes":""},"categories":[4],"tags":[189,188,10,31],"class_list":["post-2577","post","type-post","status-publish","format-standard","hentry","category-parution","tag-feminisme","tag-femmes","tag-rapports-de-genre","tag-iiie-republique"],"_links":{"self":[{"href":"https:\/\/parolesdhistoire.fr\/index.php\/wp-json\/wp\/v2\/posts\/2577","targetHints":{"allow":["GET"]}}],"collection":[{"href":"https:\/\/parolesdhistoire.fr\/index.php\/wp-json\/wp\/v2\/posts"}],"about":[{"href":"https:\/\/parolesdhistoire.fr\/index.php\/wp-json\/wp\/v2\/types\/post"}],"author":[{"embeddable":true,"href":"https:\/\/parolesdhistoire.fr\/index.php\/wp-json\/wp\/v2\/users\/1"}],"replies":[{"embeddable":true,"href":"https:\/\/parolesdhistoire.fr\/index.php\/wp-json\/wp\/v2\/comments?post=2577"}],"version-history":[{"count":1,"href":"https:\/\/parolesdhistoire.fr\/index.php\/wp-json\/wp\/v2\/posts\/2577\/revisions"}],"predecessor-version":[{"id":2579,"href":"https:\/\/parolesdhistoire.fr\/index.php\/wp-json\/wp\/v2\/posts\/2577\/revisions\/2579"}],"wp:attachment":[{"href":"https:\/\/parolesdhistoire.fr\/index.php\/wp-json\/wp\/v2\/media?parent=2577"}],"wp:term":[{"taxonomy":"category","embeddable":true,"href":"https:\/\/parolesdhistoire.fr\/index.php\/wp-json\/wp\/v2\/categories?post=2577"},{"taxonomy":"post_tag","embeddable":true,"href":"https:\/\/parolesdhistoire.fr\/index.php\/wp-json\/wp\/v2\/tags?post=2577"}],"curies":[{"name":"wp","href":"https:\/\/api.w.org\/{rel}","templated":true}]}}