{"id":2580,"date":"2024-03-24T08:10:17","date_gmt":"2024-03-24T07:10:17","guid":{"rendered":"http:\/\/parolesdhistoire.fr\/?p=2580"},"modified":"2024-03-23T22:18:31","modified_gmt":"2024-03-23T21:18:31","slug":"2580","status":"publish","type":"post","link":"https:\/\/parolesdhistoire.fr\/index.php\/2024\/03\/24\/2580\/","title":{"rendered":"328. Esclavages en terres d&#8217;Islam"},"content":{"rendered":"<iframe loading=\"lazy\" src=\"https:\/\/player.blubrry.com\/?media_url=https%3A%2F%2Fmedia.blubrry.com%2Fparolesdhistoire%2Fcontent.blubrry.com%2Fparolesdhistoire%2F328_oualdi.mp3&amp;modern=1&amp;podcast_link=https%3A%2F%2Fparolesdhistoire.fr%2Findex.php%2F2024%2F03%2F24%2F2580%2F#mode-Light&border-000000&progress-000000\" scrolling=\"no\" width=\"100%\" height=\"165\" frameborder=\"0\" id=\"blubrryplayer-1\" class=\"blubrryplayer\" title=\"Blubrry Podcast Player\"><\/iframe><p class=\"powerpress_links powerpress_links_mp3\" style=\"margin-bottom: 1px !important;\">Podcast: <a href=\"https:\/\/media.blubrry.com\/parolesdhistoire\/content.blubrry.com\/parolesdhistoire\/328_oualdi.mp3\" class=\"powerpress_link_pinw\" target=\"_blank\" title=\"Play in new window\" onclick=\"return powerpress_pinw('https:\/\/parolesdhistoire.fr\/?powerpress_pinw=2580-podcast');\" rel=\"nofollow\">Play in new window<\/a> | <a href=\"https:\/\/media.blubrry.com\/parolesdhistoire\/content.blubrry.com\/parolesdhistoire\/328_oualdi.mp3\" class=\"powerpress_link_d\" title=\"Download\" rel=\"nofollow\" download=\"328_oualdi.mp3\">Download<\/a><\/p><p class=\"powerpress_links powerpress_subscribe_links\">S'abonner :  <a href=\"https:\/\/itunes.apple.com\/fr\/podcast\/paroles-dhistoire\/id1376002842?l=en&amp;mt=2&amp;ls=1#episodeGuid=http%3A%2F%2Fparolesdhistoire.fr%2F%3Fp%3D2580\" class=\"powerpress_link_subscribe powerpress_link_subscribe_itunes\" target=\"_blank\" title=\"Subscribe on Apple Podcasts\" rel=\"nofollow\">Apple Podcasts<\/a> | <a href=\"https:\/\/open.spotify.com\/show\/57zBA3htpYUB4MJNhhlDnn\" class=\"powerpress_link_subscribe powerpress_link_subscribe_spotify\" target=\"_blank\" title=\"Subscribe on Spotify\" rel=\"nofollow\">Spotify<\/a> | <a href=\"https:\/\/subscribeonandroid.com\/feeds.audiomeans.fr\/feed\/c3e6abea-2254-416a-b8ef-0619098d0e45.xml\" class=\"powerpress_link_subscribe powerpress_link_subscribe_android\" target=\"_blank\" title=\"Subscribe on Android\" rel=\"nofollow\">Android<\/a> | <a href=\"https:\/\/www.deezer.com\/en\/show\/1000680512\" class=\"powerpress_link_subscribe powerpress_link_subscribe_deezer\" target=\"_blank\" title=\"Subscribe on Deezer\" rel=\"nofollow\">Deezer<\/a> | <a href=\"https:\/\/feeds.audiomeans.fr\/feed\/c3e6abea-2254-416a-b8ef-0619098d0e45.xml\" class=\"powerpress_link_subscribe powerpress_link_subscribe_rss\" target=\"_blank\" title=\"Subscribe via RSS\" rel=\"nofollow\">RSS<\/a> | <a href=\"https:\/\/parolesdhistoire.fr\/index.php\/sabonner\/\" class=\"powerpress_link_subscribe powerpress_link_subscribe_more\" target=\"_blank\" title=\"More\" rel=\"nofollow\">More<\/a><\/p><p><strong>L\u2019invit\u00e9\u00a0: <\/strong>M\u2019hamed Oualdi, professeur \u00e0 Sciences Po Paris, historien du Maghreb et de l\u2019empire ottoman<a href=\"http:\/\/parolesdhistoire.fr\/wp-content\/uploads\/2024\/03\/Amsterdam-couv-L-esclavage-dans-les-mondes-musulmans-768x1109.jpg\"><img loading=\"lazy\" decoding=\"async\" class=\"aligncenter wp-image-2583\" src=\"http:\/\/parolesdhistoire.fr\/wp-content\/uploads\/2024\/03\/Amsterdam-couv-L-esclavage-dans-les-mondes-musulmans-768x1109-709x1024.jpg\" alt=\"\" width=\"397\" height=\"574\" srcset=\"https:\/\/parolesdhistoire.fr\/wp-content\/uploads\/2024\/03\/Amsterdam-couv-L-esclavage-dans-les-mondes-musulmans-768x1109-709x1024.jpg 709w, https:\/\/parolesdhistoire.fr\/wp-content\/uploads\/2024\/03\/Amsterdam-couv-L-esclavage-dans-les-mondes-musulmans-768x1109-208x300.jpg 208w, https:\/\/parolesdhistoire.fr\/wp-content\/uploads\/2024\/03\/Amsterdam-couv-L-esclavage-dans-les-mondes-musulmans-768x1109.jpg 768w\" sizes=\"auto, (max-width: 397px) 85vw, 397px\" \/><\/a><strong>Le livre\u00a0:<\/strong> <em>L\u2019esclavage dans les mondes <\/em>musulmans, Paris, Amsterdam, 2024.<\/p>\n<p><strong>La discussion\u00a0:<\/strong><\/p>\n<ul>\n<li>Introduction (00:00)<\/li>\n<li>Une histoire pas simple \u00e0 \u00e9crire (4:00)<\/li>\n<li>D\u00e9finitions et statuts des esclaves dans les pays musulmans\u00a0(14:30)<\/li>\n<li>Diversit\u00e9 des esclaves, raret\u00e9 des r\u00e9voltes (22:00)<\/li>\n<li>Quelles sources pour parler des esclaves\u00a0? Quels r\u00e9cits\u00a0? (30:00)<\/li>\n<li>L\u2019\u00e9nigme des esclaves disposant d\u2019un pouvoir comme les Maml\u00fbks (38:45)<\/li>\n<li>Les logiques abolitionnistes (42:45)<\/li>\n<\/ul>\n<p><strong>Le conseil de lecture\u00a0:<\/strong><\/p>\n<ul>\n<li>Meredith Martin, Gillian Weiss<em>, Le Roi-Soleil en mer. Art maritime et gal\u00e9riens dans la France de Louis XIV<\/em>, EHESS, 2022.<\/li>\n<\/ul>\n<p>&nbsp;<\/p>\n<p><strong>Bibliographie (\u00e9tablie par M\u2019hamed Oualdi)\u00a0:<\/strong><\/p>\n<p>Association tunisienne <a href=\"https:\/\/www.facebook.com\/Mnemty\/\">Mnemty<\/a><\/p>\n<p><strong>Sur une histoire mondiale de l\u2019esclavage<\/strong><\/p>\n<p>Paulin ISMARD, C\u00e9cile VIDAL, Benedetta ROSSI (dir.), <em>Les mondes de l\u2019esclavage. Une histoire compar\u00e9e<\/em>, Paris, Seuil, 2021.<\/p>\n<p>E. LOVEJOY, <em>Une histoire de l\u2019esclavage en Afrique. Mutations et transformations, Paris, Karthala, 2017.<\/em><\/p>\n<p><strong>Sur esclavage, islam et abolition <\/strong><\/p>\n<p>Jonathan A.\u00a0C. BROWN, <em>Slavery and Islam<\/em>, Londres, Oneworld Academic, 2019. Important sur les textes fondamentaux de l\u2019islam et l\u2019esclavage.<\/p>\n<p>William Gervase CLARENCE-SMITH, <em>Islam and the Abolition of Slavery<\/em>, Londres, Hurst, 2006.<\/p>\n<p>Ismael M. MONTANA, <em>The Abolition of Slavery in Ottoman Tunisia<\/em>, Gainesville, University Press of Florida, 2013.<\/p>\n<p>Ehud R. TOLEDANO, <em>Slavery and Abolition in the Ottoman Middle East<\/em>, Seattle, University of Washington Press, 1998.<\/p>\n<p><strong>Sur l\u2019esclavage en M\u00e9diterran\u00e9e <\/strong><\/p>\n<p>Giula BONAZZA, <em>Abolitionism and the Persistence of Slavery in Italian States, 1750-1850<\/em>, Cham, Palgrave Macmillan, 2019.<\/p>\n<p>Salvatore BONO, <em>Schiavi. Una storia mediterranea (XVI-XIX secolo)<\/em>, Bologne, Il Mulino, 2016.<\/p>\n<p>Giacomo GHEDINI, <em>Da schiavo a missionario. Tra Africa ed Europa, vita e scritti di Daniele Sorur Pharim Den (1860-1900)<\/em>, Rome, Studium, 2019.<\/p>\n<p>Daniel HERSHENZON, <em>The Captive Sea: Slavery, Communication, and Commerce in Early Modern Spain in the Mediterranean<\/em>, Philadelphie, University of Pennsylvania Press, 2018<\/p>\n<p>Nabil MATAR, <em>Mediterranean Captivity through Arab Eyes, 1597-1718<\/em>, Leyde, Brill, 2020<\/p>\n<p>Gillian WEISS, <em>Captifs et Corsairs. L\u2019identit\u00e9 fran\u00e7aise et l\u2019esclavage en M\u00e9diterran\u00e9e<\/em>, Anarchasis, 2014.<\/p>\n<p><strong>Sur les constructions raciales d\u2019un point de vue historique <\/strong><\/p>\n<p>Bruce HALL, <em>A History of Race in Muslim West Africa 1600-1960<\/em>, Cambridge, Cambridge University Press, 2011<\/p>\n<p>Chouki EL HAMEL, <em>Black Morocco. A History of Slavery, Race and Islam<\/em>, Cambridge, Cambridge<\/p>\n<p>Et sa critique int\u00e9ressante sur l\u2019usage de la race en histoire\u00a0: Hicham AIDI, \u00ab\u00a0Moulay Ismail and the <em>Mumbo Jumbo<\/em>: Black Morocco revisited\u00a0\u00bb, <em>Islamophobia Studies<\/em> <em>Journal<\/em>, printemps 2023.<\/p>\n<p>Muriam HALEH DAVIS, <em>Markets of Civilization. Islam and Racial Capitalism in Algeria<\/em>, Durham, Duke University Press, 2022<\/p>\n<p>In\u00e8s MRAD DALI, \u00ab\u00a0Les mobilisations des \u201cNoirs tunisiens\u201d au lendemain de la r\u00e9volte de 2011\u00a0: entre affirmation d\u2019une identit\u00e9 historique et d\u00e9fense d\u2019une \u201ccause noire\u201d\u00a0\u00bb, <em>Politique africaine<\/em>, 140\/4, 2015<\/p>\n<p><strong>Romans et biographie autour de l\u2019esclavage <\/strong><\/p>\n<p><em>Roman de Ba\u00efbars, Paris, Babel, 1998. <\/em><\/p>\n<p>Fatima MERNISSI, <em>R\u00eaves de femmes. Une enfance au Harem<\/em>, Paris, Albin Michel, 1996.<\/p>\n<p>\u2019Abd al-Karim GHALLAB, <em>Le pass\u00e9 enterr\u00e9<\/em>, Paris, Publisud, 1990.<\/p>\n<p>&nbsp;<\/p>\n","protected":false},"excerpt":{"rendered":"<p>L\u2019invit\u00e9\u00a0: M\u2019hamed Oualdi, professeur \u00e0 Sciences Po Paris, historien du Maghreb et de l\u2019empire ottomanLe livre\u00a0: L\u2019esclavage dans les mondes musulmans, Paris, Amsterdam, 2024. La discussion\u00a0: Introduction (00:00) Une histoire pas simple \u00e0 \u00e9crire (4:00) D\u00e9finitions et statuts des esclaves dans les pays musulmans\u00a0(14:30) Diversit\u00e9 des esclaves, raret\u00e9 des r\u00e9voltes (22:00) Quelles sources pour parler &hellip; <a href=\"https:\/\/parolesdhistoire.fr\/index.php\/2024\/03\/24\/2580\/\" class=\"more-link\">Continue reading<span class=\"screen-reader-text\"> &#8220;328. Esclavages en terres d&#8217;Islam&#8221;<\/span><\/a><\/p>\n","protected":false},"author":1,"featured_media":0,"comment_status":"open","ping_status":"open","sticky":false,"template":"","format":"standard","meta":{"footnotes":""},"categories":[1],"tags":[278,58,136,279],"class_list":["post-2580","post","type-post","status-publish","format-standard","hentry","category-non-classe","tag-empire-ottoman","tag-esclavage","tag-islam","tag-maghreb"],"_links":{"self":[{"href":"https:\/\/parolesdhistoire.fr\/index.php\/wp-json\/wp\/v2\/posts\/2580","targetHints":{"allow":["GET"]}}],"collection":[{"href":"https:\/\/parolesdhistoire.fr\/index.php\/wp-json\/wp\/v2\/posts"}],"about":[{"href":"https:\/\/parolesdhistoire.fr\/index.php\/wp-json\/wp\/v2\/types\/post"}],"author":[{"embeddable":true,"href":"https:\/\/parolesdhistoire.fr\/index.php\/wp-json\/wp\/v2\/users\/1"}],"replies":[{"embeddable":true,"href":"https:\/\/parolesdhistoire.fr\/index.php\/wp-json\/wp\/v2\/comments?post=2580"}],"version-history":[{"count":4,"href":"https:\/\/parolesdhistoire.fr\/index.php\/wp-json\/wp\/v2\/posts\/2580\/revisions"}],"predecessor-version":[{"id":2585,"href":"https:\/\/parolesdhistoire.fr\/index.php\/wp-json\/wp\/v2\/posts\/2580\/revisions\/2585"}],"wp:attachment":[{"href":"https:\/\/parolesdhistoire.fr\/index.php\/wp-json\/wp\/v2\/media?parent=2580"}],"wp:term":[{"taxonomy":"category","embeddable":true,"href":"https:\/\/parolesdhistoire.fr\/index.php\/wp-json\/wp\/v2\/categories?post=2580"},{"taxonomy":"post_tag","embeddable":true,"href":"https:\/\/parolesdhistoire.fr\/index.php\/wp-json\/wp\/v2\/tags?post=2580"}],"curies":[{"name":"wp","href":"https:\/\/api.w.org\/{rel}","templated":true}]}}