{"id":2606,"date":"2024-04-20T09:09:46","date_gmt":"2024-04-20T07:09:46","guid":{"rendered":"http:\/\/parolesdhistoire.fr\/?p=2606"},"modified":"2024-04-20T08:36:37","modified_gmt":"2024-04-20T06:36:37","slug":"332-les-balkans-sans-les-cliches-avec-jean-arnault-derens","status":"publish","type":"post","link":"https:\/\/parolesdhistoire.fr\/index.php\/2024\/04\/20\/332-les-balkans-sans-les-cliches-avec-jean-arnault-derens\/","title":{"rendered":"332. Les Balkans sans les clich\u00e9s, avec Jean-Arnault D\u00e9rens"},"content":{"rendered":"<iframe loading=\"lazy\" src=\"https:\/\/player.blubrry.com\/?media_url=https%3A%2F%2Fmedia.blubrry.com%2Fparolesdhistoire%2Fcontent.blubrry.com%2Fparolesdhistoire%2F332_derens.mp3&amp;modern=1&amp;podcast_link=https%3A%2F%2Fparolesdhistoire.fr%2Findex.php%2F2024%2F04%2F20%2F332-les-balkans-sans-les-cliches-avec-jean-arnault-derens%2F#mode-Light&border-000000&progress-000000\" scrolling=\"no\" width=\"100%\" height=\"165\" frameborder=\"0\" id=\"blubrryplayer-1\" class=\"blubrryplayer\" title=\"Blubrry Podcast Player\"><\/iframe><p class=\"powerpress_links powerpress_links_mp3\" style=\"margin-bottom: 1px !important;\">Podcast: <a href=\"https:\/\/media.blubrry.com\/parolesdhistoire\/content.blubrry.com\/parolesdhistoire\/332_derens.mp3\" class=\"powerpress_link_pinw\" target=\"_blank\" title=\"Play in new window\" onclick=\"return powerpress_pinw('https:\/\/parolesdhistoire.fr\/?powerpress_pinw=2606-podcast');\" rel=\"nofollow\">Play in new window<\/a> | <a href=\"https:\/\/media.blubrry.com\/parolesdhistoire\/content.blubrry.com\/parolesdhistoire\/332_derens.mp3\" class=\"powerpress_link_d\" title=\"Download\" rel=\"nofollow\" download=\"332_derens.mp3\">Download<\/a><\/p><p class=\"powerpress_links powerpress_subscribe_links\">S'abonner :  <a href=\"https:\/\/itunes.apple.com\/fr\/podcast\/paroles-dhistoire\/id1376002842?l=en&amp;mt=2&amp;ls=1#episodeGuid=http%3A%2F%2Fparolesdhistoire.fr%2F%3Fp%3D2606\" class=\"powerpress_link_subscribe powerpress_link_subscribe_itunes\" target=\"_blank\" title=\"Subscribe on Apple Podcasts\" rel=\"nofollow\">Apple Podcasts<\/a> | <a href=\"https:\/\/open.spotify.com\/show\/57zBA3htpYUB4MJNhhlDnn\" class=\"powerpress_link_subscribe powerpress_link_subscribe_spotify\" target=\"_blank\" title=\"Subscribe on Spotify\" rel=\"nofollow\">Spotify<\/a> | <a href=\"https:\/\/subscribeonandroid.com\/feeds.audiomeans.fr\/feed\/c3e6abea-2254-416a-b8ef-0619098d0e45.xml\" class=\"powerpress_link_subscribe powerpress_link_subscribe_android\" target=\"_blank\" title=\"Subscribe on Android\" rel=\"nofollow\">Android<\/a> | <a href=\"https:\/\/www.deezer.com\/en\/show\/1000680512\" class=\"powerpress_link_subscribe powerpress_link_subscribe_deezer\" target=\"_blank\" title=\"Subscribe on Deezer\" rel=\"nofollow\">Deezer<\/a> | <a href=\"https:\/\/feeds.audiomeans.fr\/feed\/c3e6abea-2254-416a-b8ef-0619098d0e45.xml\" class=\"powerpress_link_subscribe powerpress_link_subscribe_rss\" target=\"_blank\" title=\"Subscribe via RSS\" rel=\"nofollow\">RSS<\/a> | <a href=\"https:\/\/parolesdhistoire.fr\/index.php\/sabonner\/\" class=\"powerpress_link_subscribe powerpress_link_subscribe_more\" target=\"_blank\" title=\"More\" rel=\"nofollow\">More<\/a><\/p><p><strong>L\u2019invit\u00e9\u00a0:<\/strong> Jean-Arnault D\u00e9rens, historien, r\u00e9dacteur en chef du Courrier des Balkans<\/p>\n<p><a href=\"http:\/\/parolesdhistoire.fr\/wp-content\/uploads\/2024\/04\/livres.jpg\"><img loading=\"lazy\" decoding=\"async\" class=\"aligncenter size-full wp-image-2607\" src=\"http:\/\/parolesdhistoire.fr\/wp-content\/uploads\/2024\/04\/livres.jpg\" alt=\"\" width=\"891\" height=\"664\" srcset=\"https:\/\/parolesdhistoire.fr\/wp-content\/uploads\/2024\/04\/livres.jpg 891w, https:\/\/parolesdhistoire.fr\/wp-content\/uploads\/2024\/04\/livres-300x224.jpg 300w, https:\/\/parolesdhistoire.fr\/wp-content\/uploads\/2024\/04\/livres-768x572.jpg 768w\" sizes=\"auto, (max-width: 709px) 85vw, (max-width: 909px) 67vw, (max-width: 1362px) 62vw, 840px\" \/><\/a><strong>Les livres\u00a0:<\/strong><\/p>\n<ul>\n<li><em>Les Balkans en 100 questions. Carrefour sous influences<\/em> (avec Laurent Geslin, Tallandier, 2023)<\/li>\n<li><em>Balkans<\/em>, collection Odyss\u00e9es- Villes portraits (\u00e9dit\u00e9 avec Beno\u00eet Goffin, dessins de Julien Rodriguez, ENS \u00e9ditions, 2024)<\/li>\n<\/ul>\n<p><strong>La discussion\u00a0:<\/strong><\/p>\n<ul>\n<li>Introduction (00:00)<\/li>\n<li>La notion de \u00ab\u00a0Balkans\u00a0\u00bb, son origine et son sens (2:15)<\/li>\n<li>L\u2019enjeu linguistique dans les Balkans (13:10)<\/li>\n<li>L\u2019id\u00e9e yougoslave dans l\u2019histoire (20:15)<\/li>\n<li>Les usages nationalistes du pass\u00e9 (27:00)<\/li>\n<li>La difficult\u00e9 de l\u2019histoire savante dans la r\u00e9gion (43:00)<\/li>\n<li>La \u00ab\u00a0Yougonostalgie\u00a0\u00bb et ses ressorts (48:30)<\/li>\n<\/ul>\n<p><strong>Les r\u00e9f\u00e9rences cit\u00e9es dans le podcast\u00a0:<\/strong><\/p>\n<ul>\n<li>Maria Todorova, <em>Imaginaire des Balkans<\/em>, Paris, \u00e9ditions de l\u2019EHESS, 2011.<\/li>\n<li><a href=\"https:\/\/en.wikipedia.org\/wiki\/Declaration_on_the_Common_Language\">Manifeste<\/a> pour une langue commune polycentr\u00e9e<\/li>\n<li><a href=\"http:\/\/parolesdhistoire.fr\/index.php\/2020\/06\/22\/134-histoires-de-tintin-10-tintin-dans-les-balkans-avec-jean-arnaud-derens\/\">Tintin dans les Balkans<\/a><\/li>\n<\/ul>\n","protected":false},"excerpt":{"rendered":"<p>L\u2019invit\u00e9\u00a0: Jean-Arnault D\u00e9rens, historien, r\u00e9dacteur en chef du Courrier des Balkans Les livres\u00a0: Les Balkans en 100 questions. Carrefour sous influences (avec Laurent Geslin, Tallandier, 2023) Balkans, collection Odyss\u00e9es- Villes portraits (\u00e9dit\u00e9 avec Beno\u00eet Goffin, dessins de Julien Rodriguez, ENS \u00e9ditions, 2024) La discussion\u00a0: Introduction (00:00) La notion de \u00ab\u00a0Balkans\u00a0\u00bb, son origine et son sens &hellip; <a href=\"https:\/\/parolesdhistoire.fr\/index.php\/2024\/04\/20\/332-les-balkans-sans-les-cliches-avec-jean-arnault-derens\/\" class=\"more-link\">Continue reading<span class=\"screen-reader-text\"> &#8220;332. Les Balkans sans les clich\u00e9s, avec Jean-Arnault D\u00e9rens&#8221;<\/span><\/a><\/p>\n","protected":false},"author":1,"featured_media":0,"comment_status":"open","ping_status":"open","sticky":false,"template":"","format":"standard","meta":{"footnotes":""},"categories":[4],"tags":[199,14],"class_list":["post-2606","post","type-post","status-publish","format-standard","hentry","category-parution","tag-balkans","tag-memoire"],"_links":{"self":[{"href":"https:\/\/parolesdhistoire.fr\/index.php\/wp-json\/wp\/v2\/posts\/2606","targetHints":{"allow":["GET"]}}],"collection":[{"href":"https:\/\/parolesdhistoire.fr\/index.php\/wp-json\/wp\/v2\/posts"}],"about":[{"href":"https:\/\/parolesdhistoire.fr\/index.php\/wp-json\/wp\/v2\/types\/post"}],"author":[{"embeddable":true,"href":"https:\/\/parolesdhistoire.fr\/index.php\/wp-json\/wp\/v2\/users\/1"}],"replies":[{"embeddable":true,"href":"https:\/\/parolesdhistoire.fr\/index.php\/wp-json\/wp\/v2\/comments?post=2606"}],"version-history":[{"count":2,"href":"https:\/\/parolesdhistoire.fr\/index.php\/wp-json\/wp\/v2\/posts\/2606\/revisions"}],"predecessor-version":[{"id":2609,"href":"https:\/\/parolesdhistoire.fr\/index.php\/wp-json\/wp\/v2\/posts\/2606\/revisions\/2609"}],"wp:attachment":[{"href":"https:\/\/parolesdhistoire.fr\/index.php\/wp-json\/wp\/v2\/media?parent=2606"}],"wp:term":[{"taxonomy":"category","embeddable":true,"href":"https:\/\/parolesdhistoire.fr\/index.php\/wp-json\/wp\/v2\/categories?post=2606"},{"taxonomy":"post_tag","embeddable":true,"href":"https:\/\/parolesdhistoire.fr\/index.php\/wp-json\/wp\/v2\/tags?post=2606"}],"curies":[{"name":"wp","href":"https:\/\/api.w.org\/{rel}","templated":true}]}}