{"id":2612,"date":"2024-04-28T00:08:30","date_gmt":"2024-04-27T22:08:30","guid":{"rendered":"http:\/\/parolesdhistoire.fr\/?p=2612"},"modified":"2024-04-28T11:43:28","modified_gmt":"2024-04-28T09:43:28","slug":"333-grossesses-et-avortements-sous-lancien-regime-avec-laura-tatoueix","status":"publish","type":"post","link":"https:\/\/parolesdhistoire.fr\/index.php\/2024\/04\/28\/333-grossesses-et-avortements-sous-lancien-regime-avec-laura-tatoueix\/","title":{"rendered":"333. Grossesses et avortements sous l\u2019Ancien r\u00e9gime, avec Laura Tatoueix"},"content":{"rendered":"<iframe loading=\"lazy\" src=\"https:\/\/player.blubrry.com\/?media_url=https%3A%2F%2Fmedia.blubrry.com%2Fparolesdhistoire%2Fcontent.blubrry.com%2Fparolesdhistoire%2F333_tatoueix.mp3&amp;modern=1&amp;podcast_link=https%3A%2F%2Fparolesdhistoire.fr%2Findex.php%2F2024%2F04%2F28%2F333-grossesses-et-avortements-sous-lancien-regime-avec-laura-tatoueix%2F#mode-Light&border-000000&progress-000000\" scrolling=\"no\" width=\"100%\" height=\"165\" frameborder=\"0\" id=\"blubrryplayer-1\" class=\"blubrryplayer\" title=\"Blubrry Podcast Player\"><\/iframe><p class=\"powerpress_links powerpress_links_mp3\" style=\"margin-bottom: 1px !important;\">Podcast: <a href=\"https:\/\/media.blubrry.com\/parolesdhistoire\/content.blubrry.com\/parolesdhistoire\/333_tatoueix.mp3\" class=\"powerpress_link_pinw\" target=\"_blank\" title=\"Play in new window\" onclick=\"return powerpress_pinw('https:\/\/parolesdhistoire.fr\/?powerpress_pinw=2612-podcast');\" rel=\"nofollow\">Play in new window<\/a> | <a href=\"https:\/\/media.blubrry.com\/parolesdhistoire\/content.blubrry.com\/parolesdhistoire\/333_tatoueix.mp3\" class=\"powerpress_link_d\" title=\"Download\" rel=\"nofollow\" download=\"333_tatoueix.mp3\">Download<\/a><\/p><p class=\"powerpress_links powerpress_subscribe_links\">S'abonner :  <a href=\"https:\/\/itunes.apple.com\/fr\/podcast\/paroles-dhistoire\/id1376002842?l=en&amp;mt=2&amp;ls=1#episodeGuid=http%3A%2F%2Fparolesdhistoire.fr%2F%3Fp%3D2612\" class=\"powerpress_link_subscribe powerpress_link_subscribe_itunes\" target=\"_blank\" title=\"Subscribe on Apple Podcasts\" rel=\"nofollow\">Apple Podcasts<\/a> | <a href=\"https:\/\/open.spotify.com\/show\/57zBA3htpYUB4MJNhhlDnn\" class=\"powerpress_link_subscribe powerpress_link_subscribe_spotify\" target=\"_blank\" title=\"Subscribe on Spotify\" rel=\"nofollow\">Spotify<\/a> | <a href=\"https:\/\/subscribeonandroid.com\/feeds.audiomeans.fr\/feed\/c3e6abea-2254-416a-b8ef-0619098d0e45.xml\" class=\"powerpress_link_subscribe powerpress_link_subscribe_android\" target=\"_blank\" title=\"Subscribe on Android\" rel=\"nofollow\">Android<\/a> | <a href=\"https:\/\/www.deezer.com\/en\/show\/1000680512\" class=\"powerpress_link_subscribe powerpress_link_subscribe_deezer\" target=\"_blank\" title=\"Subscribe on Deezer\" rel=\"nofollow\">Deezer<\/a> | <a href=\"https:\/\/feeds.audiomeans.fr\/feed\/c3e6abea-2254-416a-b8ef-0619098d0e45.xml\" class=\"powerpress_link_subscribe powerpress_link_subscribe_rss\" target=\"_blank\" title=\"Subscribe via RSS\" rel=\"nofollow\">RSS<\/a> | <a href=\"https:\/\/parolesdhistoire.fr\/index.php\/sabonner\/\" class=\"powerpress_link_subscribe powerpress_link_subscribe_more\" target=\"_blank\" title=\"More\" rel=\"nofollow\">More<\/a><\/p><p><strong>L\u2019invit\u00e9e\u00a0: Laura Tatoueix, docteure en histoire moderne<\/strong><\/p>\n<p><strong> <a href=\"http:\/\/parolesdhistoire.fr\/wp-content\/uploads\/2024\/04\/646a5134a1.jpg\"><img loading=\"lazy\" decoding=\"async\" class=\"aligncenter size-full wp-image-2614\" src=\"http:\/\/parolesdhistoire.fr\/wp-content\/uploads\/2024\/04\/646a5134a1.jpg\" alt=\"\" width=\"326\" height=\"500\" srcset=\"https:\/\/parolesdhistoire.fr\/wp-content\/uploads\/2024\/04\/646a5134a1.jpg 326w, https:\/\/parolesdhistoire.fr\/wp-content\/uploads\/2024\/04\/646a5134a1-196x300.jpg 196w\" sizes=\"auto, (max-width: 326px) 85vw, 326px\" \/><\/a><\/strong><\/p>\n<p><strong>Le livre\u00a0: <\/strong><em>D\u00e9faire son fruit. Une histoire sociale de l\u2019avortement en France \u00e0 l\u2019\u00e9poque moderne<\/em>, Paris, \u00e9d. de l\u2019EHESS, 2024.<\/p>\n<p><strong>La discussion\u00a0:<\/strong><\/p>\n<ul>\n<li>Introduction (00:00)<\/li>\n<li>Cerner l\u2019avortement et son vocabulaire \u00e0 l\u2019\u00e9poque moderne (1:10)<\/li>\n<li>L\u2019origine de la recherche, ses dimensions politiques (4:15)<\/li>\n<li>Les condamnations religieuses et royales de l\u2019avortement (10:00)<\/li>\n<li>D\u00e9clarer et conna\u00eetre sa grossesse (18:30)<\/li>\n<li>L\u2019avortement saisi au prisme des archives judiciaires (20:00)<\/li>\n<li>Mutations du regard au XVIIIe si\u00e8cle (28:00)<\/li>\n<li>Les raisons pour lesquelles on peut mettre fin \u00e0 une grossesse, et les moyens utilis\u00e9s (37:00)<\/li>\n<\/ul>\n<p><strong>Le conseil de lecture\u00a0:<\/strong> Lucile Ruault<em>, Le sp\u00e9culum, la canule et le miroir. Avorter au MLAC, une histoire entre f\u00e9minisme et m\u00e9decine<\/em>, ENS \u00e9ditions, 2023.<\/p>\n<p>Texte lu par Mattis Vasseur<\/p>\n<p>Musique d\u2019accompagnement\u00a0: <a href=\"https:\/\/www.youtube.com\/watch?v=T8lsIljyuiQ&amp;ab_channel=BrilliantClassics\">Gr\u00e9goire Brayssing<\/a> (1553)<\/p>\n","protected":false},"excerpt":{"rendered":"<p>L\u2019invit\u00e9e\u00a0: Laura Tatoueix, docteure en histoire moderne Le livre\u00a0: D\u00e9faire son fruit. Une histoire sociale de l\u2019avortement en France \u00e0 l\u2019\u00e9poque moderne, Paris, \u00e9d. de l\u2019EHESS, 2024. La discussion\u00a0: Introduction (00:00) Cerner l\u2019avortement et son vocabulaire \u00e0 l\u2019\u00e9poque moderne (1:10) L\u2019origine de la recherche, ses dimensions politiques (4:15) Les condamnations religieuses et royales de l\u2019avortement &hellip; <a href=\"https:\/\/parolesdhistoire.fr\/index.php\/2024\/04\/28\/333-grossesses-et-avortements-sous-lancien-regime-avec-laura-tatoueix\/\" class=\"more-link\">Continue reading<span class=\"screen-reader-text\"> &#8220;333. Grossesses et avortements sous l\u2019Ancien r\u00e9gime, avec Laura Tatoueix&#8221;<\/span><\/a><\/p>\n","protected":false},"author":1,"featured_media":0,"comment_status":"open","ping_status":"open","sticky":false,"template":"","format":"standard","meta":{"footnotes":""},"categories":[4],"tags":[236,188,10,45],"class_list":["post-2612","post","type-post","status-publish","format-standard","hentry","category-parution","tag-ancien-regime","tag-femmes","tag-rapports-de-genre","tag-medecine"],"_links":{"self":[{"href":"https:\/\/parolesdhistoire.fr\/index.php\/wp-json\/wp\/v2\/posts\/2612","targetHints":{"allow":["GET"]}}],"collection":[{"href":"https:\/\/parolesdhistoire.fr\/index.php\/wp-json\/wp\/v2\/posts"}],"about":[{"href":"https:\/\/parolesdhistoire.fr\/index.php\/wp-json\/wp\/v2\/types\/post"}],"author":[{"embeddable":true,"href":"https:\/\/parolesdhistoire.fr\/index.php\/wp-json\/wp\/v2\/users\/1"}],"replies":[{"embeddable":true,"href":"https:\/\/parolesdhistoire.fr\/index.php\/wp-json\/wp\/v2\/comments?post=2612"}],"version-history":[{"count":2,"href":"https:\/\/parolesdhistoire.fr\/index.php\/wp-json\/wp\/v2\/posts\/2612\/revisions"}],"predecessor-version":[{"id":2616,"href":"https:\/\/parolesdhistoire.fr\/index.php\/wp-json\/wp\/v2\/posts\/2612\/revisions\/2616"}],"wp:attachment":[{"href":"https:\/\/parolesdhistoire.fr\/index.php\/wp-json\/wp\/v2\/media?parent=2612"}],"wp:term":[{"taxonomy":"category","embeddable":true,"href":"https:\/\/parolesdhistoire.fr\/index.php\/wp-json\/wp\/v2\/categories?post=2612"},{"taxonomy":"post_tag","embeddable":true,"href":"https:\/\/parolesdhistoire.fr\/index.php\/wp-json\/wp\/v2\/tags?post=2612"}],"curies":[{"name":"wp","href":"https:\/\/api.w.org\/{rel}","templated":true}]}}