{"id":2618,"date":"2024-05-05T08:37:59","date_gmt":"2024-05-05T06:37:59","guid":{"rendered":"http:\/\/parolesdhistoire.fr\/?p=2618"},"modified":"2024-05-04T18:44:36","modified_gmt":"2024-05-04T16:44:36","slug":"334-encadrer-et-punir-avec-elsa-genard-et-mathilde-rossigneux-meheust","status":"publish","type":"post","link":"https:\/\/parolesdhistoire.fr\/index.php\/2024\/05\/05\/334-encadrer-et-punir-avec-elsa-genard-et-mathilde-rossigneux-meheust\/","title":{"rendered":"334. Encadrer et punir, avec Elsa G\u00e9nard et Mathilde Rossigneux-M\u00e9heust"},"content":{"rendered":"<iframe loading=\"lazy\" src=\"https:\/\/player.blubrry.com\/?podcast_id=132500624&amp;media_url=https%3A%2F%2Fmedia.blubrry.com%2Fparolesdhistoire%2Fcontent.blubrry.com%2Fparolesdhistoire%2F334_punir.mp3&amp;modern=1#mode-Light&border-000000&progress-000000\" scrolling=\"no\" width=\"100%\" height=\"165\" frameborder=\"0\" id=\"blubrryplayer-1\" class=\"blubrryplayer\" title=\"Blubrry Podcast Player\"><\/iframe><p class=\"powerpress_links powerpress_links_mp3\" style=\"margin-bottom: 1px !important;\">Podcast: <a href=\"https:\/\/media.blubrry.com\/parolesdhistoire\/content.blubrry.com\/parolesdhistoire\/334_punir.mp3\" class=\"powerpress_link_pinw\" target=\"_blank\" title=\"Play in new window\" onclick=\"return powerpress_pinw('https:\/\/parolesdhistoire.fr\/?powerpress_pinw=2618-podcast');\" rel=\"nofollow\">Play in new window<\/a> | <a href=\"https:\/\/media.blubrry.com\/parolesdhistoire\/content.blubrry.com\/parolesdhistoire\/334_punir.mp3\" class=\"powerpress_link_d\" title=\"Download\" rel=\"nofollow\" download=\"334_punir.mp3\">Download<\/a><\/p><p class=\"powerpress_links powerpress_subscribe_links\">S'abonner :  <a href=\"https:\/\/itunes.apple.com\/fr\/podcast\/paroles-dhistoire\/id1376002842?l=en&amp;mt=2&amp;ls=1#episodeGuid=http%3A%2F%2Fparolesdhistoire.fr%2F%3Fp%3D2618\" class=\"powerpress_link_subscribe powerpress_link_subscribe_itunes\" target=\"_blank\" title=\"Subscribe on Apple Podcasts\" rel=\"nofollow\">Apple Podcasts<\/a> | <a href=\"https:\/\/open.spotify.com\/show\/57zBA3htpYUB4MJNhhlDnn\" class=\"powerpress_link_subscribe powerpress_link_subscribe_spotify\" target=\"_blank\" title=\"Subscribe on Spotify\" rel=\"nofollow\">Spotify<\/a> | <a href=\"https:\/\/subscribeonandroid.com\/feeds.audiomeans.fr\/feed\/c3e6abea-2254-416a-b8ef-0619098d0e45.xml\" class=\"powerpress_link_subscribe powerpress_link_subscribe_android\" target=\"_blank\" title=\"Subscribe on Android\" rel=\"nofollow\">Android<\/a> | <a href=\"https:\/\/www.deezer.com\/en\/show\/1000680512\" class=\"powerpress_link_subscribe powerpress_link_subscribe_deezer\" target=\"_blank\" title=\"Subscribe on Deezer\" rel=\"nofollow\">Deezer<\/a> | <a href=\"https:\/\/feeds.audiomeans.fr\/feed\/c3e6abea-2254-416a-b8ef-0619098d0e45.xml\" class=\"powerpress_link_subscribe powerpress_link_subscribe_rss\" target=\"_blank\" title=\"Subscribe via RSS\" rel=\"nofollow\">RSS<\/a> | <a href=\"https:\/\/parolesdhistoire.fr\/index.php\/sabonner\/\" class=\"powerpress_link_subscribe powerpress_link_subscribe_more\" target=\"_blank\" title=\"More\" rel=\"nofollow\">More<\/a><\/p><p><strong>Les invit\u00e9es\u00a0: <\/strong>Elsa G\u00e9nard, agr\u00e9g\u00e9e et docteure en histoire\u00a0; Mathilde Rossigneux-M\u00e9heust, ma\u00eetresse de conf\u00e9rences \u00e0 l\u2019Universit\u00e9 Lyon 2<\/p>\n<p><a href=\"http:\/\/parolesdhistoire.fr\/wp-content\/uploads\/2024\/05\/9782271133113.jpg\"><img loading=\"lazy\" decoding=\"async\" class=\"aligncenter size-full wp-image-2619\" src=\"http:\/\/parolesdhistoire.fr\/wp-content\/uploads\/2024\/05\/9782271133113.jpg\" alt=\"\" width=\"600\" height=\"943\" srcset=\"https:\/\/parolesdhistoire.fr\/wp-content\/uploads\/2024\/05\/9782271133113.jpg 600w, https:\/\/parolesdhistoire.fr\/wp-content\/uploads\/2024\/05\/9782271133113-191x300.jpg 191w\" sizes=\"auto, (max-width: 709px) 85vw, (max-width: 909px) 67vw, (max-width: 984px) 61vw, (max-width: 1362px) 45vw, 600px\" \/><\/a><strong>Le livre\u00a0: <\/strong><em>Routines punitives. Les sanctions du quotidien XIXe-XXe si\u00e8cle<\/em>, Paris, CNRS \u00e9ditions, 2024.<\/p>\n<p><strong>La discussion\u00a0:<\/strong><\/p>\n<ul>\n<li>Introduction\u00a0: un travail collectif patient relevant de la \u00ab\u00a0slow science\u00a0\u00bb (00:00)<\/li>\n<li>Pourquoi et comment comparer les institutions punitives (6:00)<\/li>\n<li>Un projet encourag\u00e9 par Dominique Kalifa, et qui dialogue avec Michel Foucault (13:15)<\/li>\n<li>Permanences, inertie, efficacit\u00e9 des routines punitives (19:15)<\/li>\n<li>Routine et arbitraire de la punition (27:30)<\/li>\n<li>Punir et r\u00e9compenser (32:45)<\/li>\n<li>Quelles continuit\u00e9s entre punitions familiales et punitions institutionnelles (44:45)<\/li>\n<\/ul>\n<p><strong>Les conseils de lecture et de film :<\/strong><\/p>\n<ul>\n<li>Denis Langlois, <em>Le cachot<\/em><\/li>\n<li>Jean Vigo, <em>Z\u00e9ro de conduite<\/em><\/li>\n<\/ul>\n","protected":false},"excerpt":{"rendered":"<p>Les invit\u00e9es\u00a0: Elsa G\u00e9nard, agr\u00e9g\u00e9e et docteure en histoire\u00a0; Mathilde Rossigneux-M\u00e9heust, ma\u00eetresse de conf\u00e9rences \u00e0 l\u2019Universit\u00e9 Lyon 2 Le livre\u00a0: Routines punitives. Les sanctions du quotidien XIXe-XXe si\u00e8cle, Paris, CNRS \u00e9ditions, 2024. La discussion\u00a0: Introduction\u00a0: un travail collectif patient relevant de la \u00ab\u00a0slow science\u00a0\u00bb (00:00) Pourquoi et comment comparer les institutions punitives (6:00) Un projet &hellip; <a href=\"https:\/\/parolesdhistoire.fr\/index.php\/2024\/05\/05\/334-encadrer-et-punir-avec-elsa-genard-et-mathilde-rossigneux-meheust\/\" class=\"more-link\">Continue reading<span class=\"screen-reader-text\"> &#8220;334. Encadrer et punir, avec Elsa G\u00e9nard et Mathilde Rossigneux-M\u00e9heust&#8221;<\/span><\/a><\/p>\n","protected":false},"author":1,"featured_media":0,"comment_status":"open","ping_status":"open","sticky":false,"template":"","format":"standard","meta":{"footnotes":""},"categories":[4],"tags":[30,7,52,34],"class_list":["post-2618","post","type-post","status-publish","format-standard","hentry","category-parution","tag-ecole","tag-histoire-sociale","tag-prison-camps","tag-xixe"],"_links":{"self":[{"href":"https:\/\/parolesdhistoire.fr\/index.php\/wp-json\/wp\/v2\/posts\/2618","targetHints":{"allow":["GET"]}}],"collection":[{"href":"https:\/\/parolesdhistoire.fr\/index.php\/wp-json\/wp\/v2\/posts"}],"about":[{"href":"https:\/\/parolesdhistoire.fr\/index.php\/wp-json\/wp\/v2\/types\/post"}],"author":[{"embeddable":true,"href":"https:\/\/parolesdhistoire.fr\/index.php\/wp-json\/wp\/v2\/users\/1"}],"replies":[{"embeddable":true,"href":"https:\/\/parolesdhistoire.fr\/index.php\/wp-json\/wp\/v2\/comments?post=2618"}],"version-history":[{"count":1,"href":"https:\/\/parolesdhistoire.fr\/index.php\/wp-json\/wp\/v2\/posts\/2618\/revisions"}],"predecessor-version":[{"id":2620,"href":"https:\/\/parolesdhistoire.fr\/index.php\/wp-json\/wp\/v2\/posts\/2618\/revisions\/2620"}],"wp:attachment":[{"href":"https:\/\/parolesdhistoire.fr\/index.php\/wp-json\/wp\/v2\/media?parent=2618"}],"wp:term":[{"taxonomy":"category","embeddable":true,"href":"https:\/\/parolesdhistoire.fr\/index.php\/wp-json\/wp\/v2\/categories?post=2618"},{"taxonomy":"post_tag","embeddable":true,"href":"https:\/\/parolesdhistoire.fr\/index.php\/wp-json\/wp\/v2\/tags?post=2618"}],"curies":[{"name":"wp","href":"https:\/\/api.w.org\/{rel}","templated":true}]}}