{"id":2623,"date":"2024-05-08T08:00:28","date_gmt":"2024-05-08T06:00:28","guid":{"rendered":"http:\/\/parolesdhistoire.fr\/?p=2623"},"modified":"2024-05-08T08:53:10","modified_gmt":"2024-05-08T06:53:10","slug":"335-shogun-avec-nathalie-kouame-et-alexandre-jubelin","status":"publish","type":"post","link":"https:\/\/parolesdhistoire.fr\/index.php\/2024\/05\/08\/335-shogun-avec-nathalie-kouame-et-alexandre-jubelin\/","title":{"rendered":"335. Shogun, avec Nathalie Kouam\u00e9 et Alexandre Jubelin"},"content":{"rendered":"<iframe loading=\"lazy\" src=\"https:\/\/player.blubrry.com\/?media_url=https%3A%2F%2Fmedia.blubrry.com%2Fparolesdhistoire%2Fcontent.blubrry.com%2Fparolesdhistoire%2F335_shogun.mp3&amp;modern=1&amp;podcast_link=https%3A%2F%2Fparolesdhistoire.fr%2Findex.php%2F2024%2F05%2F08%2F335-shogun-avec-nathalie-kouame-et-alexandre-jubelin%2F#mode-Light&border-000000&progress-000000\" scrolling=\"no\" width=\"100%\" height=\"165\" frameborder=\"0\" id=\"blubrryplayer-1\" class=\"blubrryplayer\" title=\"Blubrry Podcast Player\"><\/iframe><p class=\"powerpress_links powerpress_links_mp3\" style=\"margin-bottom: 1px !important;\">Podcast: <a href=\"https:\/\/media.blubrry.com\/parolesdhistoire\/content.blubrry.com\/parolesdhistoire\/335_shogun.mp3\" class=\"powerpress_link_pinw\" target=\"_blank\" title=\"Play in new window\" onclick=\"return powerpress_pinw('https:\/\/parolesdhistoire.fr\/?powerpress_pinw=2623-podcast');\" rel=\"nofollow\">Play in new window<\/a> | <a href=\"https:\/\/media.blubrry.com\/parolesdhistoire\/content.blubrry.com\/parolesdhistoire\/335_shogun.mp3\" class=\"powerpress_link_d\" title=\"Download\" rel=\"nofollow\" download=\"335_shogun.mp3\">Download<\/a><\/p><p class=\"powerpress_links powerpress_subscribe_links\">S'abonner :  <a href=\"https:\/\/itunes.apple.com\/fr\/podcast\/paroles-dhistoire\/id1376002842?l=en&amp;mt=2&amp;ls=1#episodeGuid=http%3A%2F%2Fparolesdhistoire.fr%2F%3Fp%3D2623\" class=\"powerpress_link_subscribe powerpress_link_subscribe_itunes\" target=\"_blank\" title=\"Subscribe on Apple Podcasts\" rel=\"nofollow\">Apple Podcasts<\/a> | <a href=\"https:\/\/open.spotify.com\/show\/57zBA3htpYUB4MJNhhlDnn\" class=\"powerpress_link_subscribe powerpress_link_subscribe_spotify\" target=\"_blank\" title=\"Subscribe on Spotify\" rel=\"nofollow\">Spotify<\/a> | <a href=\"https:\/\/subscribeonandroid.com\/feeds.audiomeans.fr\/feed\/c3e6abea-2254-416a-b8ef-0619098d0e45.xml\" class=\"powerpress_link_subscribe powerpress_link_subscribe_android\" target=\"_blank\" title=\"Subscribe on Android\" rel=\"nofollow\">Android<\/a> | <a href=\"https:\/\/www.deezer.com\/en\/show\/1000680512\" class=\"powerpress_link_subscribe powerpress_link_subscribe_deezer\" target=\"_blank\" title=\"Subscribe on Deezer\" rel=\"nofollow\">Deezer<\/a> | <a href=\"https:\/\/feeds.audiomeans.fr\/feed\/c3e6abea-2254-416a-b8ef-0619098d0e45.xml\" class=\"powerpress_link_subscribe powerpress_link_subscribe_rss\" target=\"_blank\" title=\"Subscribe via RSS\" rel=\"nofollow\">RSS<\/a> | <a href=\"https:\/\/parolesdhistoire.fr\/index.php\/sabonner\/\" class=\"powerpress_link_subscribe powerpress_link_subscribe_more\" target=\"_blank\" title=\"More\" rel=\"nofollow\">More<\/a><\/p><p><strong>La s\u00e9rie\u00a0:<\/strong> <a href=\"https:\/\/fr.wikipedia.org\/wiki\/Sh%C5%8Dgun_(s%C3%A9rie_t%C3%A9l%C3%A9vis%C3%A9e)\">Shogun<\/a> (FX, 2024)<\/p>\n<p><a href=\"http:\/\/parolesdhistoire.fr\/wp-content\/uploads\/2024\/05\/2.jpg\"><img loading=\"lazy\" decoding=\"async\" class=\"aligncenter size-large wp-image-2626\" src=\"http:\/\/parolesdhistoire.fr\/wp-content\/uploads\/2024\/05\/2-1024x576.jpg\" alt=\"\" width=\"840\" height=\"473\" srcset=\"https:\/\/parolesdhistoire.fr\/wp-content\/uploads\/2024\/05\/2-1024x576.jpg 1024w, https:\/\/parolesdhistoire.fr\/wp-content\/uploads\/2024\/05\/2-300x169.jpg 300w, https:\/\/parolesdhistoire.fr\/wp-content\/uploads\/2024\/05\/2-768x432.jpg 768w, https:\/\/parolesdhistoire.fr\/wp-content\/uploads\/2024\/05\/2-1200x675.jpg 1200w, https:\/\/parolesdhistoire.fr\/wp-content\/uploads\/2024\/05\/2.jpg 1280w\" sizes=\"auto, (max-width: 709px) 85vw, (max-width: 909px) 67vw, (max-width: 1362px) 62vw, 840px\" \/><\/a><\/p>\n<p><strong>L\u2019invit\u00e9e\u00a0:<\/strong> Nathalie Kouam\u00e9, professeure \u00e0 l\u2019universit\u00e9 Paris-cit\u00e9.<\/p>\n<p>\u00c9mission coanim\u00e9e avec Alexandre Jubelin (Le Collimateur)<\/p>\n<p><strong>La discussion\u00a0:<\/strong><\/p>\n<ul>\n<li>Introduction (00:00)<\/li>\n<li>Une s\u00e9rie r\u00e9ussie aux yeux d\u2019une sp\u00e9cialiste du Japon (1:30)<\/li>\n<li>Les parti-pris de cette seconde adaptation du <a href=\"https:\/\/en.wikipedia.org\/wiki\/Sh%C5%8Dgun_(novel)\">roman<\/a> de James Clavell (6:40)<\/li>\n<li>Le contexte historique\u00a0: le marin anglais <a href=\"https:\/\/en.wikipedia.org\/wiki\/William_Adams_(pilot)\">William Adams<\/a> et l\u2019ascension du Shogun <a href=\"https:\/\/fr.wikipedia.org\/wiki\/Tokugawa_Ieyasu\">Tokugawa<\/a> en 1600 (11:30)<\/li>\n<li>Les enjeux linguistiques de la s\u00e9rie (20:35)<\/li>\n<li>Relations de pouvoir, de vassalit\u00e9, et image des samoura\u00ef (27:45)<\/li>\n<li>La reconstitution mat\u00e9rielle du Japon du XVIe si\u00e8cle (35:00)<\/li>\n<li>La question des armes \u00e0 feu et des navires de guerre (36:55)<\/li>\n<li>Missionnaires et chr\u00e9tiens japonais (43:45)<\/li>\n<li>L\u2019\u00e9crit dans les relations de pouvoir (48:40)<\/li>\n<li>Les personnages f\u00e9minins et subalternes (53:30)<\/li>\n<li>Les rites fun\u00e9raires et le rapport \u00e0 la mort (1:05:35)<\/li>\n<\/ul>\n<p><strong>Le conseil de lecture\u00a0: <\/strong>Rotaryo Shiba<strong>, <\/strong><em>Tokugawa Ieyasu, sh\u00f4gun supr\u00eame<\/em><\/p>\n<p><strong>Pour aller plus loin\u00a0: <\/strong>Nathalie Kouam\u00e9, Naissance et affirmation du Japon moderne, 1392-1709, PUF, \u00ab\u00a0Nouvelle Clio\u00a0\u00bb, 2024.<\/p>\n<p>Fils de commentaires historiques par Pierre-Emmanuel Bachelet\u00a0:<\/p>\n<p><a href=\"https:\/\/twitter.com\/BacheletPe\/status\/1767701806635737240\">\u00c9pisode 1<\/a><\/p>\n<p><a href=\"https:\/\/twitter.com\/BacheletPe\/status\/1769797291584471528\">\u00c9pisode 2<\/a><\/p>\n<p><a href=\"https:\/\/x.com\/BacheletPe\/status\/1771289818292461854\">\u00c9pisodes 3 et 4<\/a><\/p>\n<p><a href=\"https:\/\/x.com\/BacheletPe\/status\/1772388755510300935\">\u00c9pisode 5<\/a><\/p>\n<p><a href=\"https:\/\/x.com\/BacheletPe\/status\/1775271383775543704\">\u00c9pisode 6<\/a><\/p>\n<p><a href=\"https:\/\/x.com\/BacheletPe\/status\/1777826959432560780\">\u00c9pisodes 7 et 8<\/a><\/p>\n","protected":false},"excerpt":{"rendered":"<p>La s\u00e9rie\u00a0: Shogun (FX, 2024) L\u2019invit\u00e9e\u00a0: Nathalie Kouam\u00e9, professeure \u00e0 l\u2019universit\u00e9 Paris-cit\u00e9. \u00c9mission coanim\u00e9e avec Alexandre Jubelin (Le Collimateur) La discussion\u00a0: Introduction (00:00) Une s\u00e9rie r\u00e9ussie aux yeux d\u2019une sp\u00e9cialiste du Japon (1:30) Les parti-pris de cette seconde adaptation du roman de James Clavell (6:40) Le contexte historique\u00a0: le marin anglais William Adams et l\u2019ascension &hellip; <a href=\"https:\/\/parolesdhistoire.fr\/index.php\/2024\/05\/08\/335-shogun-avec-nathalie-kouame-et-alexandre-jubelin\/\" class=\"more-link\">Continue reading<span class=\"screen-reader-text\"> &#8220;335. Shogun, avec Nathalie Kouam\u00e9 et Alexandre Jubelin&#8221;<\/span><\/a><\/p>\n","protected":false},"author":1,"featured_media":0,"comment_status":"open","ping_status":"open","sticky":false,"template":"","format":"standard","meta":{"footnotes":""},"categories":[62],"tags":[57,22,172],"class_list":["post-2623","post","type-post","status-publish","format-standard","hentry","category-cinema","tag-histoire-moderne","tag-japon","tag-serie"],"_links":{"self":[{"href":"https:\/\/parolesdhistoire.fr\/index.php\/wp-json\/wp\/v2\/posts\/2623","targetHints":{"allow":["GET"]}}],"collection":[{"href":"https:\/\/parolesdhistoire.fr\/index.php\/wp-json\/wp\/v2\/posts"}],"about":[{"href":"https:\/\/parolesdhistoire.fr\/index.php\/wp-json\/wp\/v2\/types\/post"}],"author":[{"embeddable":true,"href":"https:\/\/parolesdhistoire.fr\/index.php\/wp-json\/wp\/v2\/users\/1"}],"replies":[{"embeddable":true,"href":"https:\/\/parolesdhistoire.fr\/index.php\/wp-json\/wp\/v2\/comments?post=2623"}],"version-history":[{"count":5,"href":"https:\/\/parolesdhistoire.fr\/index.php\/wp-json\/wp\/v2\/posts\/2623\/revisions"}],"predecessor-version":[{"id":2629,"href":"https:\/\/parolesdhistoire.fr\/index.php\/wp-json\/wp\/v2\/posts\/2623\/revisions\/2629"}],"wp:attachment":[{"href":"https:\/\/parolesdhistoire.fr\/index.php\/wp-json\/wp\/v2\/media?parent=2623"}],"wp:term":[{"taxonomy":"category","embeddable":true,"href":"https:\/\/parolesdhistoire.fr\/index.php\/wp-json\/wp\/v2\/categories?post=2623"},{"taxonomy":"post_tag","embeddable":true,"href":"https:\/\/parolesdhistoire.fr\/index.php\/wp-json\/wp\/v2\/tags?post=2623"}],"curies":[{"name":"wp","href":"https:\/\/api.w.org\/{rel}","templated":true}]}}