{"id":2634,"date":"2024-05-16T11:11:18","date_gmt":"2024-05-16T09:11:18","guid":{"rendered":"http:\/\/parolesdhistoire.fr\/?p=2634"},"modified":"2024-05-16T11:18:49","modified_gmt":"2024-05-16T09:18:49","slug":"336-la-politisation-du-sport-les-mercredis-des-revolutions-avec-jerome-latta-et-francois-da-rocha-carneiro","status":"publish","type":"post","link":"https:\/\/parolesdhistoire.fr\/index.php\/2024\/05\/16\/336-la-politisation-du-sport-les-mercredis-des-revolutions-avec-jerome-latta-et-francois-da-rocha-carneiro\/","title":{"rendered":"336. La politisation du sport (les mercredis des r\u00e9volutions), avec J\u00e9r\u00f4me Latta et Fran\u00e7ois Da Rocha Carneiro"},"content":{"rendered":"<iframe loading=\"lazy\" src=\"https:\/\/player.blubrry.com\/?media_url=https%3A%2F%2Fmedia.blubrry.com%2Fparolesdhistoire%2Fcontent.blubrry.com%2Fparolesdhistoire%2F336_sport.mp3&amp;modern=1&amp;podcast_link=https%3A%2F%2Fparolesdhistoire.fr%2Findex.php%2F2024%2F05%2F16%2F336-la-politisation-du-sport-les-mercredis-des-revolutions-avec-jerome-latta-et-francois-da-rocha-carneiro%2F#mode-Light&border-000000&progress-000000\" scrolling=\"no\" width=\"100%\" height=\"165\" frameborder=\"0\" id=\"blubrryplayer-1\" class=\"blubrryplayer\" title=\"Blubrry Podcast Player\"><\/iframe><p class=\"powerpress_links powerpress_links_mp3\" style=\"margin-bottom: 1px !important;\">Podcast: <a href=\"https:\/\/media.blubrry.com\/parolesdhistoire\/content.blubrry.com\/parolesdhistoire\/336_sport.mp3\" class=\"powerpress_link_pinw\" target=\"_blank\" title=\"Play in new window\" onclick=\"return powerpress_pinw('https:\/\/parolesdhistoire.fr\/?powerpress_pinw=2634-podcast');\" rel=\"nofollow\">Play in new window<\/a> | <a href=\"https:\/\/media.blubrry.com\/parolesdhistoire\/content.blubrry.com\/parolesdhistoire\/336_sport.mp3\" class=\"powerpress_link_d\" title=\"Download\" rel=\"nofollow\" download=\"336_sport.mp3\">Download<\/a><\/p><p class=\"powerpress_links powerpress_subscribe_links\">S'abonner :  <a href=\"https:\/\/itunes.apple.com\/fr\/podcast\/paroles-dhistoire\/id1376002842?l=en&amp;mt=2&amp;ls=1#episodeGuid=http%3A%2F%2Fparolesdhistoire.fr%2F%3Fp%3D2634\" class=\"powerpress_link_subscribe powerpress_link_subscribe_itunes\" target=\"_blank\" title=\"Subscribe on Apple Podcasts\" rel=\"nofollow\">Apple Podcasts<\/a> | <a href=\"https:\/\/open.spotify.com\/show\/57zBA3htpYUB4MJNhhlDnn\" class=\"powerpress_link_subscribe powerpress_link_subscribe_spotify\" target=\"_blank\" title=\"Subscribe on Spotify\" rel=\"nofollow\">Spotify<\/a> | <a href=\"https:\/\/subscribeonandroid.com\/feeds.audiomeans.fr\/feed\/c3e6abea-2254-416a-b8ef-0619098d0e45.xml\" class=\"powerpress_link_subscribe powerpress_link_subscribe_android\" target=\"_blank\" title=\"Subscribe on Android\" rel=\"nofollow\">Android<\/a> | <a href=\"https:\/\/www.deezer.com\/en\/show\/1000680512\" class=\"powerpress_link_subscribe powerpress_link_subscribe_deezer\" target=\"_blank\" title=\"Subscribe on Deezer\" rel=\"nofollow\">Deezer<\/a> | <a href=\"https:\/\/feeds.audiomeans.fr\/feed\/c3e6abea-2254-416a-b8ef-0619098d0e45.xml\" class=\"powerpress_link_subscribe powerpress_link_subscribe_rss\" target=\"_blank\" title=\"Subscribe via RSS\" rel=\"nofollow\">RSS<\/a> | <a href=\"https:\/\/parolesdhistoire.fr\/index.php\/sabonner\/\" class=\"powerpress_link_subscribe powerpress_link_subscribe_more\" target=\"_blank\" title=\"More\" rel=\"nofollow\">More<\/a><\/p><p><iframe loading=\"lazy\" title=\"Blubrry Podcast Player\" src=\"https:\/\/player.blubrry.com\/id\/132587168?cache=1715850739#\" width=\"100%\" height=\"165px\" frameborder=\"0\" scrolling=\"no\"><\/iframe><\/p>\n<p><strong>S\u00e9ance du mercredi 15 mai 2024 pour la 7e saison des \u201cmercredis des r\u00e9volutions\u201d,\u00a0 l\u2019Universit\u00e9 populaire de la soci\u00e9t\u00e9 d\u2019histoire de 1848<\/strong> \u00e0 la mairie du XVIIIe arrondissement de Paris, en partenariat avec Mediapart, Politis et Paroles d\u2019histoire.<\/p>\n<p><a href=\"http:\/\/parolesdhistoire.fr\/wp-content\/uploads\/2024\/05\/diapo-mercredis.jpg\"><img loading=\"lazy\" decoding=\"async\" class=\"aligncenter size-full wp-image-2635\" src=\"http:\/\/parolesdhistoire.fr\/wp-content\/uploads\/2024\/05\/diapo-mercredis.jpg\" alt=\"\" width=\"960\" height=\"720\" srcset=\"https:\/\/parolesdhistoire.fr\/wp-content\/uploads\/2024\/05\/diapo-mercredis.jpg 960w, https:\/\/parolesdhistoire.fr\/wp-content\/uploads\/2024\/05\/diapo-mercredis-300x225.jpg 300w, https:\/\/parolesdhistoire.fr\/wp-content\/uploads\/2024\/05\/diapo-mercredis-768x576.jpg 768w\" sizes=\"auto, (max-width: 709px) 85vw, (max-width: 909px) 67vw, (max-width: 1362px) 62vw, 840px\" \/><\/a>Les Jeux Olympiques de Paris, jeux de la XXXIIIe olympiade de l\u2019\u00e8re moderne, s\u2019ouvriront le 26 juillet prochain ; 32 sports y seront repr\u00e9sent\u00e9s, et 329 \u00e9preuves. Parmi celles-ci, l\u2019\u00e9preuve mythique du marathon. Pour la premi\u00e8re fois dans l\u2019histoire du marathon olympique, c\u2019est le marathon f\u00e9minin qui viendra clore, le 11 ao\u00fbt prochain, la comp\u00e9tition des Jeux Olympiques de Paris. La veille aura eu lieu le marathon masculin. Par cette inversion, il s\u2019agit de valoriser le marathon f\u00e9minin et de rendre hommage aux femmes coureuses qui jusqu\u2019en 1984 \u00e9taient exclues des marathons olympiques. Ce sont \u00e0 toutes les femmes qui ont marqu\u00e9 l\u2019histoire que le marathon olympique de Paris 2024 rendra hommage car son parcours suivra en partie l\u2019itin\u00e9raire de la marche des femmes sur Versailles du 5 octobre 1789, \u00e9pisode important de la R\u00e9volution fran\u00e7aise, et moment de revendication et d\u2019\u00e9mancipation f\u00e9minine. Plus largement, les Jeux Olympiques ont permis \u00e0 certains athl\u00e8tes d\u2019exprimer leur opposition politique \u00e0 leur pays ou \u00e0 d\u2019autres pays oppresseurs. Cette s\u00e9ance sera l\u2019occasion de revenir sur ces \u00e9v\u00e8nements et d\u2019interroger les liens entre \u00ab Sport et r\u00e9volution \u00bb. Dans quelle mesure le sport, est-il un vecteur d\u2019engagements et de mobilisations r\u00e9volutionnaires ? Quels sont les mouvements r\u00e9volutionnaires ou insurrectionnels qui ont marqu\u00e9 l\u2019histoire du sport aux XXe et XXIe si\u00e8cles ? Les sports modernes introduits au XIXe si\u00e8cle par la Grande-Bretagne, traduisent-ils l\u2019implantation d\u2019une d\u00e9mocratie \u00e0 l\u2019anglaise (bourgeoise voire aristocratique) versus d\u00e9mocratie sociale ? Quelles \u00ab\u00a0r\u00e9volutions \u00bb techniques, m\u00e9diatiques ont transform\u00e9 le sport ?<\/p>\n<p>D\u00e9bat avec :<\/p>\n<p><strong>Fran\u00e7ois da Rocha Carneiro<\/strong>, historien, chercheur associ\u00e9 au CREHS (Universit\u00e9 d\u2019Artois). Sp\u00e9cialiste de l\u2019histoire du football fran\u00e7ais, il est l\u2019auteur d\u2019Une histoire de France en crampons (\u00e9ditions du D\u00e9tour, 2022) qui a re\u00e7u le Prix du document sportif en 2022.<\/p>\n<p><strong>J\u00e9r\u00f4me Latta<\/strong>, journaliste ind\u00e9pendant qui collabore notamment avec Le Monde, Alternatives \u00c9conomiques, Politis. Cofondateur des Cahiers du football, il est l\u2019auteur de Ce que le football est devenu. Trois d\u00e9cennies de r\u00e9volution lib\u00e9rale (Divergences, 2023)<\/p>\n<p>S\u00e9ance anim\u00e9e par <strong>Carole Christen<\/strong>, professeure \u00e0 l\u2019universit\u00e9 du Havre.<\/p>\n<p><a href=\"http:\/\/parolesdhistoire.fr\/wp-content\/uploads\/2024\/05\/WhatsApp-Image-2024-05-16-\u00e0-11.04.14_be2962c7.jpg\"><img loading=\"lazy\" decoding=\"async\" class=\"aligncenter size-large wp-image-2636\" src=\"http:\/\/parolesdhistoire.fr\/wp-content\/uploads\/2024\/05\/WhatsApp-Image-2024-05-16-\u00e0-11.04.14_be2962c7-1024x821.jpg\" alt=\"\" width=\"840\" height=\"673\" srcset=\"https:\/\/parolesdhistoire.fr\/wp-content\/uploads\/2024\/05\/WhatsApp-Image-2024-05-16-\u00e0-11.04.14_be2962c7-1024x821.jpg 1024w, https:\/\/parolesdhistoire.fr\/wp-content\/uploads\/2024\/05\/WhatsApp-Image-2024-05-16-\u00e0-11.04.14_be2962c7-300x241.jpg 300w, https:\/\/parolesdhistoire.fr\/wp-content\/uploads\/2024\/05\/WhatsApp-Image-2024-05-16-\u00e0-11.04.14_be2962c7-768x616.jpg 768w, https:\/\/parolesdhistoire.fr\/wp-content\/uploads\/2024\/05\/WhatsApp-Image-2024-05-16-\u00e0-11.04.14_be2962c7-1200x962.jpg 1200w, https:\/\/parolesdhistoire.fr\/wp-content\/uploads\/2024\/05\/WhatsApp-Image-2024-05-16-\u00e0-11.04.14_be2962c7.jpg 1600w\" sizes=\"auto, (max-width: 709px) 85vw, (max-width: 909px) 67vw, (max-width: 1362px) 62vw, 840px\" \/><\/a><\/p>\n","protected":false},"excerpt":{"rendered":"<p>S\u00e9ance du mercredi 15 mai 2024 pour la 7e saison des \u201cmercredis des r\u00e9volutions\u201d,\u00a0 l\u2019Universit\u00e9 populaire de la soci\u00e9t\u00e9 d\u2019histoire de 1848 \u00e0 la mairie du XVIIIe arrondissement de Paris, en partenariat avec Mediapart, Politis et Paroles d\u2019histoire. Les Jeux Olympiques de Paris, jeux de la XXXIIIe olympiade de l\u2019\u00e8re moderne, s\u2019ouvriront le 26 juillet &hellip; <a href=\"https:\/\/parolesdhistoire.fr\/index.php\/2024\/05\/16\/336-la-politisation-du-sport-les-mercredis-des-revolutions-avec-jerome-latta-et-francois-da-rocha-carneiro\/\" class=\"more-link\">Continue reading<span class=\"screen-reader-text\"> &#8220;336. La politisation du sport (les mercredis des r\u00e9volutions), avec J\u00e9r\u00f4me Latta et Fran\u00e7ois Da Rocha Carneiro&#8221;<\/span><\/a><\/p>\n","protected":false},"author":1,"featured_media":0,"comment_status":"open","ping_status":"open","sticky":false,"template":"","format":"standard","meta":{"footnotes":""},"categories":[152],"tags":[164,94],"class_list":["post-2634","post","type-post","status-publish","format-standard","hentry","category-conference","tag-mercredis-des-revolutions","tag-sport"],"_links":{"self":[{"href":"https:\/\/parolesdhistoire.fr\/index.php\/wp-json\/wp\/v2\/posts\/2634","targetHints":{"allow":["GET"]}}],"collection":[{"href":"https:\/\/parolesdhistoire.fr\/index.php\/wp-json\/wp\/v2\/posts"}],"about":[{"href":"https:\/\/parolesdhistoire.fr\/index.php\/wp-json\/wp\/v2\/types\/post"}],"author":[{"embeddable":true,"href":"https:\/\/parolesdhistoire.fr\/index.php\/wp-json\/wp\/v2\/users\/1"}],"replies":[{"embeddable":true,"href":"https:\/\/parolesdhistoire.fr\/index.php\/wp-json\/wp\/v2\/comments?post=2634"}],"version-history":[{"count":3,"href":"https:\/\/parolesdhistoire.fr\/index.php\/wp-json\/wp\/v2\/posts\/2634\/revisions"}],"predecessor-version":[{"id":2639,"href":"https:\/\/parolesdhistoire.fr\/index.php\/wp-json\/wp\/v2\/posts\/2634\/revisions\/2639"}],"wp:attachment":[{"href":"https:\/\/parolesdhistoire.fr\/index.php\/wp-json\/wp\/v2\/media?parent=2634"}],"wp:term":[{"taxonomy":"category","embeddable":true,"href":"https:\/\/parolesdhistoire.fr\/index.php\/wp-json\/wp\/v2\/categories?post=2634"},{"taxonomy":"post_tag","embeddable":true,"href":"https:\/\/parolesdhistoire.fr\/index.php\/wp-json\/wp\/v2\/tags?post=2634"}],"curies":[{"name":"wp","href":"https:\/\/api.w.org\/{rel}","templated":true}]}}