{"id":2653,"date":"2024-05-28T12:35:38","date_gmt":"2024-05-28T10:35:38","guid":{"rendered":"http:\/\/parolesdhistoire.fr\/?p=2653"},"modified":"2024-05-28T12:38:40","modified_gmt":"2024-05-28T10:38:40","slug":"339-capes-une-reforme-brutale-avec-pierre-emmanuel-guigo-et-warren-peze","status":"publish","type":"post","link":"https:\/\/parolesdhistoire.fr\/index.php\/2024\/05\/28\/339-capes-une-reforme-brutale-avec-pierre-emmanuel-guigo-et-warren-peze\/","title":{"rendered":"339. CAPES, une r\u00e9forme brutale, avec Pierre-Emmanuel Guigo et Warren Pez\u00e9"},"content":{"rendered":"<iframe loading=\"lazy\" src=\"https:\/\/player.blubrry.com\/?media_url=https%3A%2F%2Fmedia.blubrry.com%2Fparolesdhistoire%2Fcontent.blubrry.com%2Fparolesdhistoire%2F339_capes.mp3&amp;modern=1&amp;podcast_link=https%3A%2F%2Fparolesdhistoire.fr%2Findex.php%2F2024%2F05%2F28%2F339-capes-une-reforme-brutale-avec-pierre-emmanuel-guigo-et-warren-peze%2F#mode-Light&border-000000&progress-000000\" scrolling=\"no\" width=\"100%\" height=\"165\" frameborder=\"0\" id=\"blubrryplayer-1\" class=\"blubrryplayer\" title=\"Blubrry Podcast Player\"><\/iframe><p class=\"powerpress_links powerpress_links_mp3\" style=\"margin-bottom: 1px !important;\">Podcast: <a href=\"https:\/\/media.blubrry.com\/parolesdhistoire\/content.blubrry.com\/parolesdhistoire\/339_capes.mp3\" class=\"powerpress_link_pinw\" target=\"_blank\" title=\"Play in new window\" onclick=\"return powerpress_pinw('https:\/\/parolesdhistoire.fr\/?powerpress_pinw=2653-podcast');\" rel=\"nofollow\">Play in new window<\/a> | <a href=\"https:\/\/media.blubrry.com\/parolesdhistoire\/content.blubrry.com\/parolesdhistoire\/339_capes.mp3\" class=\"powerpress_link_d\" title=\"Download\" rel=\"nofollow\" download=\"339_capes.mp3\">Download<\/a><\/p><p class=\"powerpress_links powerpress_subscribe_links\">S'abonner :  <a href=\"https:\/\/itunes.apple.com\/fr\/podcast\/paroles-dhistoire\/id1376002842?l=en&amp;mt=2&amp;ls=1#episodeGuid=http%3A%2F%2Fparolesdhistoire.fr%2F%3Fp%3D2653\" class=\"powerpress_link_subscribe powerpress_link_subscribe_itunes\" target=\"_blank\" title=\"Subscribe on Apple Podcasts\" rel=\"nofollow\">Apple Podcasts<\/a> | <a href=\"https:\/\/open.spotify.com\/show\/57zBA3htpYUB4MJNhhlDnn\" class=\"powerpress_link_subscribe powerpress_link_subscribe_spotify\" target=\"_blank\" title=\"Subscribe on Spotify\" rel=\"nofollow\">Spotify<\/a> | <a href=\"https:\/\/subscribeonandroid.com\/feeds.audiomeans.fr\/feed\/c3e6abea-2254-416a-b8ef-0619098d0e45.xml\" class=\"powerpress_link_subscribe powerpress_link_subscribe_android\" target=\"_blank\" title=\"Subscribe on Android\" rel=\"nofollow\">Android<\/a> | <a href=\"https:\/\/www.deezer.com\/en\/show\/1000680512\" class=\"powerpress_link_subscribe powerpress_link_subscribe_deezer\" target=\"_blank\" title=\"Subscribe on Deezer\" rel=\"nofollow\">Deezer<\/a> | <a href=\"https:\/\/feeds.audiomeans.fr\/feed\/c3e6abea-2254-416a-b8ef-0619098d0e45.xml\" class=\"powerpress_link_subscribe powerpress_link_subscribe_rss\" target=\"_blank\" title=\"Subscribe via RSS\" rel=\"nofollow\">RSS<\/a> | <a href=\"https:\/\/parolesdhistoire.fr\/index.php\/sabonner\/\" class=\"powerpress_link_subscribe powerpress_link_subscribe_more\" target=\"_blank\" title=\"More\" rel=\"nofollow\">More<\/a><\/p><p><strong>Les invit\u00e9s:<\/strong> Pierre-Emmanuel Guigo et Warren Pez\u00e9, ma\u00eetres de conf\u00e9rences \u00e0 l&#8217;UPEC<\/p>\n<p><a href=\"http:\/\/parolesdhistoire.fr\/wp-content\/uploads\/2024\/05\/r\u00e9forme-capes.jpg\"><img loading=\"lazy\" decoding=\"async\" class=\"aligncenter size-large wp-image-2654\" src=\"http:\/\/parolesdhistoire.fr\/wp-content\/uploads\/2024\/05\/r\u00e9forme-capes-1024x576.jpg\" alt=\"\" width=\"840\" height=\"473\" srcset=\"https:\/\/parolesdhistoire.fr\/wp-content\/uploads\/2024\/05\/r\u00e9forme-capes-1024x576.jpg 1024w, https:\/\/parolesdhistoire.fr\/wp-content\/uploads\/2024\/05\/r\u00e9forme-capes-300x169.jpg 300w, https:\/\/parolesdhistoire.fr\/wp-content\/uploads\/2024\/05\/r\u00e9forme-capes-768x432.jpg 768w, https:\/\/parolesdhistoire.fr\/wp-content\/uploads\/2024\/05\/r\u00e9forme-capes-1200x675.jpg 1200w, https:\/\/parolesdhistoire.fr\/wp-content\/uploads\/2024\/05\/r\u00e9forme-capes.jpg 1280w\" sizes=\"auto, (max-width: 709px) 85vw, (max-width: 909px) 67vw, (max-width: 1362px) 62vw, 840px\" \/><\/a><\/p>\n<p><strong>Le th\u00e8me:<\/strong> la r\u00e9forme du CAPES annonc\u00e9e pour 2025<\/p>\n<p><strong>Compl\u00e9ments (section qui pourra \u00eatre mise \u00e0 jour) :<\/strong><\/p>\n<p><a href=\"https:\/\/www.aphg.fr\/Reforme-du-CAPES-communique-des-associations-d-historiens-et-des-geographes-de\">Communiqu\u00e9<\/a> des associations d&#8217;historiens et g\u00e9ographes (6 mai 2024)<\/p>\n","protected":false},"excerpt":{"rendered":"<p>Les invit\u00e9s: Pierre-Emmanuel Guigo et Warren Pez\u00e9, ma\u00eetres de conf\u00e9rences \u00e0 l&#8217;UPEC Le th\u00e8me: la r\u00e9forme du CAPES annonc\u00e9e pour 2025 Compl\u00e9ments (section qui pourra \u00eatre mise \u00e0 jour) : Communiqu\u00e9 des associations d&#8217;historiens et g\u00e9ographes (6 mai 2024)<\/p>\n","protected":false},"author":1,"featured_media":0,"comment_status":"open","ping_status":"open","sticky":false,"template":"","format":"standard","meta":{"footnotes":""},"categories":[48],"tags":[110,51],"class_list":["post-2653","post","type-post","status-publish","format-standard","hentry","category-evenement","tag-concours","tag-metier"],"_links":{"self":[{"href":"https:\/\/parolesdhistoire.fr\/index.php\/wp-json\/wp\/v2\/posts\/2653","targetHints":{"allow":["GET"]}}],"collection":[{"href":"https:\/\/parolesdhistoire.fr\/index.php\/wp-json\/wp\/v2\/posts"}],"about":[{"href":"https:\/\/parolesdhistoire.fr\/index.php\/wp-json\/wp\/v2\/types\/post"}],"author":[{"embeddable":true,"href":"https:\/\/parolesdhistoire.fr\/index.php\/wp-json\/wp\/v2\/users\/1"}],"replies":[{"embeddable":true,"href":"https:\/\/parolesdhistoire.fr\/index.php\/wp-json\/wp\/v2\/comments?post=2653"}],"version-history":[{"count":1,"href":"https:\/\/parolesdhistoire.fr\/index.php\/wp-json\/wp\/v2\/posts\/2653\/revisions"}],"predecessor-version":[{"id":2655,"href":"https:\/\/parolesdhistoire.fr\/index.php\/wp-json\/wp\/v2\/posts\/2653\/revisions\/2655"}],"wp:attachment":[{"href":"https:\/\/parolesdhistoire.fr\/index.php\/wp-json\/wp\/v2\/media?parent=2653"}],"wp:term":[{"taxonomy":"category","embeddable":true,"href":"https:\/\/parolesdhistoire.fr\/index.php\/wp-json\/wp\/v2\/categories?post=2653"},{"taxonomy":"post_tag","embeddable":true,"href":"https:\/\/parolesdhistoire.fr\/index.php\/wp-json\/wp\/v2\/tags?post=2653"}],"curies":[{"name":"wp","href":"https:\/\/api.w.org\/{rel}","templated":true}]}}