{"id":2674,"date":"2024-06-22T08:26:23","date_gmt":"2024-06-22T06:26:23","guid":{"rendered":"http:\/\/parolesdhistoire.fr\/?p=2674"},"modified":"2025-12-16T08:53:01","modified_gmt":"2025-12-16T07:53:01","slug":"343-le-front-populaire-au-present-avec-jean-vigreux","status":"publish","type":"post","link":"https:\/\/parolesdhistoire.fr\/index.php\/2024\/06\/22\/343-le-front-populaire-au-present-avec-jean-vigreux\/","title":{"rendered":"343. Le Front populaire au pr\u00e9sent, avec Jean Vigreux"},"content":{"rendered":"<p><iframe loading=\"lazy\" \n    style=\"margin: auto; min-width: 320px; border: 0;\" \n    src=\"https:\/\/player.audiomeans.fr\/player-v2\/paroles-d-histoire-0619098d0e45\/episodes\/9d4aad64-a37b-4804-8481-1f7e6ec8dcad?mp=0&#038;leadin=0&#038;download=1&#038;std=0&#038;vert=0&#038;playlist=0&#038;color=7d7d7d&#038;theme=dark\" \n    width=\"80%\"\n    height=\"150px\"\n    allow=\"autoplay\"><br \/>\n<\/iframe><br \/>\n<strong>L\u2019invit\u00e9\u00a0:<\/strong> Jean Vigreux, professeur \u00e0 l\u2019universit\u00e9 de Bourgogne<\/p>\n<p><iframe loading=\"lazy\" title=\"YouTube video player\" src=\"https:\/\/www.youtube.com\/embed\/9NAl8x6g4gQ?si=i7Zovyl1hM90UcDk\" width=\"560\" height=\"315\" frameborder=\"0\" allowfullscreen=\"allowfullscreen\"><\/iframe><\/p>\n<p><strong>Les livres\u00a0:<\/strong> Le front populaire. L\u2019\u00e9chapp\u00e9e belle (Tallandier, 2016)\u00a0; Le Front populaire (PUF, 2022)<\/p>\n<p><strong>La discussion\u00a0:<\/strong><\/p>\n<ul>\n<li>Introduction\u00a0: le retour du pass\u00e9 dans le pr\u00e9sent (00:00)<\/li>\n<li>Le Front populaire comme grand \u00e9cart entre deux gauches \u00ab\u00a0inconciliables\u00a0\u00bb\u00a0? (13:00)<\/li>\n<li>Rassemblement par le haut et par la base (21:30)<\/li>\n<li>Le Front populaire comme \u00e9pouvantail \u00e0 droite (33:20)<\/li>\n<li>Questions des auditrices et auditeurs (38:50)<\/li>\n<\/ul>\n<p><strong>T\u00e9l\u00e9charger la transcription de l\u2019\u00e9pisode : <a href=\"https:\/\/transcripts.blubrry.com\/parolesdhistoire\/132866269-42765.srt\">https:\/\/transcripts.blubrry.com\/parolesdhistoire\/132866269-42765.srt<\/a><\/strong><\/p>\n<p><strong>Pour supprimer le minutage de la transcription utiliser cet outil en ligne : <a href=\"https:\/\/anatolt.ru\/t\/del-timestamp-srt.html\">https:\/\/anatolt.ru\/t\/del-timestamp-srt.html<\/a> <\/strong><\/p>\n","protected":false},"excerpt":{"rendered":"<p>L\u2019invit\u00e9\u00a0: Jean Vigreux, professeur \u00e0 l\u2019universit\u00e9 de Bourgogne Les livres\u00a0: Le front populaire. L\u2019\u00e9chapp\u00e9e belle (Tallandier, 2016)\u00a0; Le Front populaire (PUF, 2022) La discussion\u00a0: Introduction\u00a0: le retour du pass\u00e9 dans le pr\u00e9sent (00:00) Le Front populaire comme grand \u00e9cart entre deux gauches \u00ab\u00a0inconciliables\u00a0\u00bb\u00a0? (13:00) Rassemblement par le haut et par la base (21:30) Le Front &hellip; <a href=\"https:\/\/parolesdhistoire.fr\/index.php\/2024\/06\/22\/343-le-front-populaire-au-present-avec-jean-vigreux\/\" class=\"more-link\">Continue reading<span class=\"screen-reader-text\"> &#8220;343. Le Front populaire au pr\u00e9sent, avec Jean Vigreux&#8221;<\/span><\/a><\/p>\n","protected":false},"author":1,"featured_media":0,"comment_status":"open","ping_status":"open","sticky":false,"template":"","format":"standard","meta":{"footnotes":""},"categories":[48],"tags":[282,13,31],"class_list":["post-2674","post","type-post","status-publish","format-standard","hentry","category-evenement","tag-front-populaire","tag-histoire-politique","tag-iiie-republique"],"_links":{"self":[{"href":"https:\/\/parolesdhistoire.fr\/index.php\/wp-json\/wp\/v2\/posts\/2674","targetHints":{"allow":["GET"]}}],"collection":[{"href":"https:\/\/parolesdhistoire.fr\/index.php\/wp-json\/wp\/v2\/posts"}],"about":[{"href":"https:\/\/parolesdhistoire.fr\/index.php\/wp-json\/wp\/v2\/types\/post"}],"author":[{"embeddable":true,"href":"https:\/\/parolesdhistoire.fr\/index.php\/wp-json\/wp\/v2\/users\/1"}],"replies":[{"embeddable":true,"href":"https:\/\/parolesdhistoire.fr\/index.php\/wp-json\/wp\/v2\/comments?post=2674"}],"version-history":[{"count":5,"href":"https:\/\/parolesdhistoire.fr\/index.php\/wp-json\/wp\/v2\/posts\/2674\/revisions"}],"predecessor-version":[{"id":3274,"href":"https:\/\/parolesdhistoire.fr\/index.php\/wp-json\/wp\/v2\/posts\/2674\/revisions\/3274"}],"wp:attachment":[{"href":"https:\/\/parolesdhistoire.fr\/index.php\/wp-json\/wp\/v2\/media?parent=2674"}],"wp:term":[{"taxonomy":"category","embeddable":true,"href":"https:\/\/parolesdhistoire.fr\/index.php\/wp-json\/wp\/v2\/categories?post=2674"},{"taxonomy":"post_tag","embeddable":true,"href":"https:\/\/parolesdhistoire.fr\/index.php\/wp-json\/wp\/v2\/tags?post=2674"}],"curies":[{"name":"wp","href":"https:\/\/api.w.org\/{rel}","templated":true}]}}