{"id":270,"date":"2018-10-10T03:08:53","date_gmt":"2018-10-10T01:08:53","guid":{"rendered":"http:\/\/parolesdhistoire.fr\/?p=270"},"modified":"2018-10-09T08:55:29","modified_gmt":"2018-10-09T06:55:29","slug":"24-indo-europeens-et-archeologie-avec-jean-paul-demoule","status":"publish","type":"post","link":"https:\/\/parolesdhistoire.fr\/index.php\/2018\/10\/10\/24-indo-europeens-et-archeologie-avec-jean-paul-demoule\/","title":{"rendered":"24. Indo-europ\u00e9ens et arch\u00e9ologie, avec Jean-Paul Demoule"},"content":{"rendered":"<iframe loading=\"lazy\" src=\"https:\/\/player.blubrry.com\/?media_url=https%3A%2F%2Fmedia.blubrry.com%2Fparolesdhistoire%2Fcontent.blubrry.com%2Fparolesdhistoire%2Fdemoule_archeologie.mp3&amp;modern=1&amp;podcast_link=https%3A%2F%2Fparolesdhistoire.fr%2Findex.php%2F2018%2F10%2F10%2F24-indo-europeens-et-archeologie-avec-jean-paul-demoule%2F#mode-Light&border-000000&progress-000000\" scrolling=\"no\" width=\"100%\" height=\"165\" frameborder=\"0\" id=\"blubrryplayer-1\" class=\"blubrryplayer\" title=\"Blubrry Podcast Player\"><\/iframe><p class=\"powerpress_links powerpress_links_mp3\" style=\"margin-bottom: 1px !important;\">Podcast: <a href=\"https:\/\/media.blubrry.com\/parolesdhistoire\/content.blubrry.com\/parolesdhistoire\/demoule_archeologie.mp3\" class=\"powerpress_link_pinw\" target=\"_blank\" title=\"Play in new window\" onclick=\"return powerpress_pinw('https:\/\/parolesdhistoire.fr\/?powerpress_pinw=270-podcast');\" rel=\"nofollow\">Play in new window<\/a> | <a href=\"https:\/\/media.blubrry.com\/parolesdhistoire\/content.blubrry.com\/parolesdhistoire\/demoule_archeologie.mp3\" class=\"powerpress_link_d\" title=\"Download\" rel=\"nofollow\" download=\"demoule_archeologie.mp3\">Download<\/a><\/p><p class=\"powerpress_links powerpress_subscribe_links\">S'abonner :  <a href=\"https:\/\/itunes.apple.com\/fr\/podcast\/paroles-dhistoire\/id1376002842?l=en&amp;mt=2&amp;ls=1#episodeGuid=http%3A%2F%2Fparolesdhistoire.fr%2F%3Fp%3D270\" class=\"powerpress_link_subscribe powerpress_link_subscribe_itunes\" target=\"_blank\" title=\"Subscribe on Apple Podcasts\" rel=\"nofollow\">Apple Podcasts<\/a> | <a href=\"https:\/\/open.spotify.com\/show\/57zBA3htpYUB4MJNhhlDnn\" class=\"powerpress_link_subscribe powerpress_link_subscribe_spotify\" target=\"_blank\" title=\"Subscribe on Spotify\" rel=\"nofollow\">Spotify<\/a> | <a href=\"https:\/\/subscribeonandroid.com\/feeds.audiomeans.fr\/feed\/c3e6abea-2254-416a-b8ef-0619098d0e45.xml\" class=\"powerpress_link_subscribe powerpress_link_subscribe_android\" target=\"_blank\" title=\"Subscribe on Android\" rel=\"nofollow\">Android<\/a> | <a href=\"https:\/\/www.deezer.com\/en\/show\/1000680512\" class=\"powerpress_link_subscribe powerpress_link_subscribe_deezer\" target=\"_blank\" title=\"Subscribe on Deezer\" rel=\"nofollow\">Deezer<\/a> | <a href=\"https:\/\/feeds.audiomeans.fr\/feed\/c3e6abea-2254-416a-b8ef-0619098d0e45.xml\" class=\"powerpress_link_subscribe powerpress_link_subscribe_rss\" target=\"_blank\" title=\"Subscribe via RSS\" rel=\"nofollow\">RSS<\/a> | <a href=\"https:\/\/parolesdhistoire.fr\/index.php\/sabonner\/\" class=\"powerpress_link_subscribe powerpress_link_subscribe_more\" target=\"_blank\" title=\"More\" rel=\"nofollow\">More<\/a><\/p><p>(voir le <a href=\"http:\/\/parolesdhistoire.fr\/index.php\/2018\/10\/10\/23-le-neolithique-avec-jean-paul-demoule\/\">premier volet<\/a> de la discussion)<\/p>\n<p><strong>L\u2019invit\u00e9\u00a0:<\/strong> Jean-Paul Demoule, professeur \u00e9m\u00e9rite de protohistoire europ\u00e9enne \u00e0 l&#8217;Universit\u00e9 de Paris I-Panth\u00e9on Sorbonne.<\/p>\n<p><strong>Les livres\u00a0:<br \/>\n<\/strong>&#8211;<em>Mais o\u00f9 sont pass\u00e9s les Indo-europ\u00e9ens\u00a0? Le mythe d\u2019origine de l\u2019occident<\/em>, Paris, Seuil, 2014<br \/>\n&#8211;<em>L\u2019arch\u00e9ologie, une histoire des civilisations<\/em> (dir., avec Alain Schnapp et Dominique Garcia), Paris, La d\u00e9couverte \/ Inrap, 2018<br \/>\n<a href=\"http:\/\/parolesdhistoire.fr\/wp-content\/uploads\/2018\/10\/9782707188786.jpg\"><img loading=\"lazy\" decoding=\"async\" class=\"aligncenter wp-image-277\" src=\"http:\/\/parolesdhistoire.fr\/wp-content\/uploads\/2018\/10\/9782707188786-233x300.jpg\" alt=\"\" width=\"287\" height=\"370\" srcset=\"https:\/\/parolesdhistoire.fr\/wp-content\/uploads\/2018\/10\/9782707188786-233x300.jpg 233w, https:\/\/parolesdhistoire.fr\/wp-content\/uploads\/2018\/10\/9782707188786-768x989.jpg 768w, https:\/\/parolesdhistoire.fr\/wp-content\/uploads\/2018\/10\/9782707188786-795x1024.jpg 795w, https:\/\/parolesdhistoire.fr\/wp-content\/uploads\/2018\/10\/9782707188786.jpg 800w\" sizes=\"auto, (max-width: 287px) 85vw, 287px\" \/><\/a><strong>La discussion\u00a0: <\/strong>une vocation et un parcours d\u2019arch\u00e9ologue (0\u201935) la naissance de l\u2019INRAP et les nouvelles techniques de fouille avec pelles m\u00e9caniques (4\u201930), le livre sur les Indo-europ\u00e9ens et ses origines (6\u201940), les errements de la discipline arch\u00e9ologique \u00e0 l\u2019\u00e9poque de Gustav Kossina (12\u201910), les vives discussions suscit\u00e9es par le livre notamment chez les linguistes, et l\u2019\u00e9tat des d\u00e9bats (14\u201945), un \u00e9tat des connaissances arch\u00e9ologiques dans le livre <em>Une histoire des civilisations<\/em> (19\u201930), une prise en compte de diff\u00e9rentes aires de civilisation (21\u201905), l\u2019int\u00e9gration de renouvellements r\u00e9cents, quant aux origines (et \u00e0 la vari\u00e9t\u00e9) de l\u2019esp\u00e8ce humaine (22\u201930), ce qu\u2019il faut faire pour devenir arch\u00e9ologue (25\u201900).<\/p>\n<p><strong>Le conseil de lecture\u00a0:<\/strong> James C. Scott,<em> Zomia ou l\u2019art de ne pas \u00eatre gouvern\u00e9<\/em>, Paris, Seuil, 2013\u00a0; <em>Against the grain. A deep history of the earliest states<\/em>, Yale University Press, 2017.<\/p>\n","protected":false},"excerpt":{"rendered":"<p>(voir le premier volet de la discussion) L\u2019invit\u00e9\u00a0: Jean-Paul Demoule, professeur \u00e9m\u00e9rite de protohistoire europ\u00e9enne \u00e0 l&#8217;Universit\u00e9 de Paris I-Panth\u00e9on Sorbonne. Les livres\u00a0: &#8211;Mais o\u00f9 sont pass\u00e9s les Indo-europ\u00e9ens\u00a0? Le mythe d\u2019origine de l\u2019occident, Paris, Seuil, 2014 &#8211;L\u2019arch\u00e9ologie, une histoire des civilisations (dir., avec Alain Schnapp et Dominique Garcia), Paris, La d\u00e9couverte \/ Inrap, 2018 &hellip; <a href=\"https:\/\/parolesdhistoire.fr\/index.php\/2018\/10\/10\/24-indo-europeens-et-archeologie-avec-jean-paul-demoule\/\" class=\"more-link\">Continue reading<span class=\"screen-reader-text\"> &#8220;24. Indo-europ\u00e9ens et arch\u00e9ologie, avec Jean-Paul Demoule&#8221;<\/span><\/a><\/p>\n","protected":false},"author":1,"featured_media":0,"comment_status":"open","ping_status":"open","sticky":false,"template":"","format":"standard","meta":{"footnotes":""},"categories":[4],"tags":[65,68,51,69],"class_list":["post-270","post","type-post","status-publish","format-standard","hentry","category-parution","tag-archeologie","tag-indo-europeens","tag-metier","tag-prehistoire"],"_links":{"self":[{"href":"https:\/\/parolesdhistoire.fr\/index.php\/wp-json\/wp\/v2\/posts\/270","targetHints":{"allow":["GET"]}}],"collection":[{"href":"https:\/\/parolesdhistoire.fr\/index.php\/wp-json\/wp\/v2\/posts"}],"about":[{"href":"https:\/\/parolesdhistoire.fr\/index.php\/wp-json\/wp\/v2\/types\/post"}],"author":[{"embeddable":true,"href":"https:\/\/parolesdhistoire.fr\/index.php\/wp-json\/wp\/v2\/users\/1"}],"replies":[{"embeddable":true,"href":"https:\/\/parolesdhistoire.fr\/index.php\/wp-json\/wp\/v2\/comments?post=270"}],"version-history":[{"count":3,"href":"https:\/\/parolesdhistoire.fr\/index.php\/wp-json\/wp\/v2\/posts\/270\/revisions"}],"predecessor-version":[{"id":278,"href":"https:\/\/parolesdhistoire.fr\/index.php\/wp-json\/wp\/v2\/posts\/270\/revisions\/278"}],"wp:attachment":[{"href":"https:\/\/parolesdhistoire.fr\/index.php\/wp-json\/wp\/v2\/media?parent=270"}],"wp:term":[{"taxonomy":"category","embeddable":true,"href":"https:\/\/parolesdhistoire.fr\/index.php\/wp-json\/wp\/v2\/categories?post=270"},{"taxonomy":"post_tag","embeddable":true,"href":"https:\/\/parolesdhistoire.fr\/index.php\/wp-json\/wp\/v2\/tags?post=270"}],"curies":[{"name":"wp","href":"https:\/\/api.w.org\/{rel}","templated":true}]}}