{"id":2754,"date":"2024-10-10T07:30:33","date_gmt":"2024-10-10T05:30:33","guid":{"rendered":"http:\/\/parolesdhistoire.fr\/?p=2754"},"modified":"2025-05-18T17:37:50","modified_gmt":"2025-05-18T15:37:50","slug":"351-un-renversant-manuscrit-medieval-avec-pierre-olivier-dittmar-et-maud-perez-simon","status":"publish","type":"post","link":"https:\/\/parolesdhistoire.fr\/index.php\/2024\/10\/10\/351-un-renversant-manuscrit-medieval-avec-pierre-olivier-dittmar-et-maud-perez-simon\/","title":{"rendered":"351. Un renversant manuscrit m\u00e9di\u00e9val, avec Pierre-Olivier Dittmar et Maud P\u00e9rez-Simon"},"content":{"rendered":"<p><iframe loading=\"lazy\" \n    style=\"margin: auto; min-width: 320px; border: 0;\" \n    src=\"https:\/\/player.audiomeans.fr\/player-v2\/paroles-d-histoire-0619098d0e45\/episodes\/356eb5c0-9f6a-4499-8cc1-83d5d110e25a?mp=0&#038;leadin=0&#038;download=1&#038;std=0&#038;vert=0&#038;playlist=0&#038;color=7d7d7d&#038;theme=dark\" \n    width=\"80%\"\n    height=\"150px\"\n    allow=\"autoplay\"><br \/>\n<\/iframe><\/p>\n<p><strong>Les invit\u00e9-e-s\u00a0:<\/strong><\/p>\n<ul>\n<li>Pierre-Olivier Dittmar, maitre de conf\u00e9rences \u00e0 l\u2019EHESS<\/li>\n<li>Maud P\u00e9rez-Simon, ma\u00eetresse de conf\u00e9rences \u00e0 l\u2019universit\u00e9 Sorbonne nouvelle<\/li>\n<\/ul>\n<p><a href=\"http:\/\/parolesdhistoire.fr\/wp-content\/uploads\/2024\/10\/book-08096095.jpg\"><img loading=\"lazy\" decoding=\"async\" class=\"aligncenter size-medium wp-image-2755\" src=\"http:\/\/parolesdhistoire.fr\/wp-content\/uploads\/2024\/10\/book-08096095-203x300.jpg\" alt=\"\" width=\"203\" height=\"300\" srcset=\"https:\/\/parolesdhistoire.fr\/wp-content\/uploads\/2024\/10\/book-08096095-203x300.jpg 203w, https:\/\/parolesdhistoire.fr\/wp-content\/uploads\/2024\/10\/book-08096095.jpg 458w\" sizes=\"auto, (max-width: 203px) 85vw, 203px\" \/><\/a><strong>Le livre\u00a0: <\/strong><em>Les monstres des hommes. Un inventaire critique de l&#8217;humanit\u00e9 au XIIIe s.<\/em>, \u00c9dition bilingue, avec ses enluminures, Paris, Honor\u00e9 Champion, \u00ab\u00a0Classiques Moyen \u00e2ge\u00a0\u00bb, 2024.<\/p>\n<p><strong>La discussion\u00a0: <\/strong><\/p>\n<ul>\n<li>Un texte quasi inconnu et inclassable (1:00)<\/li>\n<li>L\u2019\u00e9nigme des auteurs et commanditaires (11:00)<\/li>\n<li><strong><em>Lecture d\u2019un extrait en ancien fran\u00e7ais (19:40)<\/em><\/strong><\/li>\n<li>Un discours sur les monstres et l\u2019hybridit\u00e9 (23:30)<\/li>\n<li>Monstruosit\u00e9, p\u00e9ch\u00e9, religion (29:45)<\/li>\n<li>Textes et images (38:00)<\/li>\n<li>Une critique sociale d\u2019une saisissante virulence (41:00)<\/li>\n<li>Dilemmes de traduction (44:45)<\/li>\n<\/ul>\n<p><strong>R\u00e9f\u00e9rences et conseils de lecture\u00a0:<\/strong><\/p>\n<ul>\n<li><a href=\"https:\/\/t.co\/Gg9iUwNDyt\">Manuscrit num\u00e9ris\u00e9 (BNF)<\/a><\/li>\n<li>Gil Bartholeyns, Pierre-Olivier Dittmar, et Vincent Jolivet, <em>Image et transgression au Moyen \u00c2ge<\/em>, Paris, Presses Universitaires de France, 2008.<\/li>\n<li>Marcel Schwob, <a href=\"https:\/\/www.gutenberg.org\/ebooks\/49712\">Vies imaginaires<\/a> (1896)<\/li>\n<li>Revue <a href=\"https:\/\/chimeres.aboshop.fr\/\">Chim\u00e8res<\/a><\/li>\n<\/ul>\n<ul>\n<li><strong>T\u00e9l\u00e9charger la transcription de l\u2019\u00e9pisode : <a href=\"https:\/\/transcripts.blubrry.com\/parolesdhistoire\/137286107-43586.srt\">https:\/\/transcripts.blubrry.com\/parolesdhistoire\/137286107-43586.srt<\/a> <\/strong><\/li>\n<\/ul>\n<p><strong>Pour supprimer le minutage de la transcription utiliser cet outil en ligne : <a href=\"https:\/\/anatolt.ru\/t\/del-timestamp-srt.html\">https:\/\/anatolt.ru\/t\/del-timestamp-srt.html<\/a><\/strong><\/p>\n","protected":false},"excerpt":{"rendered":"<p>Les invit\u00e9-e-s\u00a0: Pierre-Olivier Dittmar, maitre de conf\u00e9rences \u00e0 l\u2019EHESS Maud P\u00e9rez-Simon, ma\u00eetresse de conf\u00e9rences \u00e0 l\u2019universit\u00e9 Sorbonne nouvelle Le livre\u00a0: Les monstres des hommes. Un inventaire critique de l&#8217;humanit\u00e9 au XIIIe s., \u00c9dition bilingue, avec ses enluminures, Paris, Honor\u00e9 Champion, \u00ab\u00a0Classiques Moyen \u00e2ge\u00a0\u00bb, 2024. La discussion\u00a0: Un texte quasi inconnu et inclassable (1:00) L\u2019\u00e9nigme des &hellip; <a href=\"https:\/\/parolesdhistoire.fr\/index.php\/2024\/10\/10\/351-un-renversant-manuscrit-medieval-avec-pierre-olivier-dittmar-et-maud-perez-simon\/\" class=\"more-link\">Continue reading<span class=\"screen-reader-text\"> &#8220;351. Un renversant manuscrit m\u00e9di\u00e9val, avec Pierre-Olivier Dittmar et Maud P\u00e9rez-Simon&#8221;<\/span><\/a><\/p>\n","protected":false},"author":1,"featured_media":0,"comment_status":"open","ping_status":"open","sticky":false,"template":"","format":"standard","meta":{"footnotes":""},"categories":[4],"tags":[54,192],"class_list":["post-2754","post","type-post","status-publish","format-standard","hentry","category-parution","tag-histoire-medievale","tag-livres"],"_links":{"self":[{"href":"https:\/\/parolesdhistoire.fr\/index.php\/wp-json\/wp\/v2\/posts\/2754","targetHints":{"allow":["GET"]}}],"collection":[{"href":"https:\/\/parolesdhistoire.fr\/index.php\/wp-json\/wp\/v2\/posts"}],"about":[{"href":"https:\/\/parolesdhistoire.fr\/index.php\/wp-json\/wp\/v2\/types\/post"}],"author":[{"embeddable":true,"href":"https:\/\/parolesdhistoire.fr\/index.php\/wp-json\/wp\/v2\/users\/1"}],"replies":[{"embeddable":true,"href":"https:\/\/parolesdhistoire.fr\/index.php\/wp-json\/wp\/v2\/comments?post=2754"}],"version-history":[{"count":3,"href":"https:\/\/parolesdhistoire.fr\/index.php\/wp-json\/wp\/v2\/posts\/2754\/revisions"}],"predecessor-version":[{"id":3037,"href":"https:\/\/parolesdhistoire.fr\/index.php\/wp-json\/wp\/v2\/posts\/2754\/revisions\/3037"}],"wp:attachment":[{"href":"https:\/\/parolesdhistoire.fr\/index.php\/wp-json\/wp\/v2\/media?parent=2754"}],"wp:term":[{"taxonomy":"category","embeddable":true,"href":"https:\/\/parolesdhistoire.fr\/index.php\/wp-json\/wp\/v2\/categories?post=2754"},{"taxonomy":"post_tag","embeddable":true,"href":"https:\/\/parolesdhistoire.fr\/index.php\/wp-json\/wp\/v2\/tags?post=2754"}],"curies":[{"name":"wp","href":"https:\/\/api.w.org\/{rel}","templated":true}]}}