{"id":2780,"date":"2024-11-04T07:24:07","date_gmt":"2024-11-04T06:24:07","guid":{"rendered":"http:\/\/parolesdhistoire.fr\/?p=2780"},"modified":"2025-05-18T17:35:38","modified_gmt":"2025-05-18T15:35:38","slug":"354-annie-ernaux-les-historiennes-et-les-historiens","status":"publish","type":"post","link":"https:\/\/parolesdhistoire.fr\/index.php\/2024\/11\/04\/354-annie-ernaux-les-historiennes-et-les-historiens\/","title":{"rendered":"354. Annie Ernaux, les historiennes et les historiens"},"content":{"rendered":"<p><iframe loading=\"lazy\" \n    style=\"margin: auto; min-width: 320px; border: 0;\" \n    src=\"https:\/\/player.audiomeans.fr\/player-v2\/paroles-d-histoire-0619098d0e45\/episodes\/911bb8fa-92d9-48c5-8518-3a550c2b9275?mp=0&#038;leadin=0&#038;download=1&#038;std=0&#038;vert=0&#038;playlist=0&#038;color=7d7d7d&#038;theme=dark\" \n    width=\"80%\"\n    height=\"150px\"\n    allow=\"autoplay\"><br \/>\n<\/iframe><\/p>\n<p>Une rencontre organis\u00e9e par Carole Christen, enregistr\u00e9e en public le 5 octobre 2024 \u00e0 Yvetot (espace culturel Les Vikings).<\/p>\n<p><a href=\"http:\/\/parolesdhistoire.fr\/wp-content\/uploads\/2024\/11\/WhatsApp-Image-2024-10-12-a-17.34.54_b6642057.jpg\"><img loading=\"lazy\" decoding=\"async\" class=\"aligncenter wp-image-2781 size-large\" src=\"http:\/\/parolesdhistoire.fr\/wp-content\/uploads\/2024\/11\/WhatsApp-Image-2024-10-12-a-17.34.54_b6642057-1024x401.jpg\" alt=\"\" width=\"840\" height=\"329\" srcset=\"https:\/\/parolesdhistoire.fr\/wp-content\/uploads\/2024\/11\/WhatsApp-Image-2024-10-12-a-17.34.54_b6642057-1024x401.jpg 1024w, https:\/\/parolesdhistoire.fr\/wp-content\/uploads\/2024\/11\/WhatsApp-Image-2024-10-12-a-17.34.54_b6642057-300x117.jpg 300w, https:\/\/parolesdhistoire.fr\/wp-content\/uploads\/2024\/11\/WhatsApp-Image-2024-10-12-a-17.34.54_b6642057-768x300.jpg 768w, https:\/\/parolesdhistoire.fr\/wp-content\/uploads\/2024\/11\/WhatsApp-Image-2024-10-12-a-17.34.54_b6642057-1536x601.jpg 1536w, https:\/\/parolesdhistoire.fr\/wp-content\/uploads\/2024\/11\/WhatsApp-Image-2024-10-12-a-17.34.54_b6642057-1200x470.jpg 1200w, https:\/\/parolesdhistoire.fr\/wp-content\/uploads\/2024\/11\/WhatsApp-Image-2024-10-12-a-17.34.54_b6642057.jpg 1600w\" sizes=\"auto, (max-width: 709px) 85vw, (max-width: 909px) 67vw, (max-width: 1362px) 62vw, 840px\" \/><\/a>L\u2019\u0153uvre d\u2019Annie Ernaux (notamment <em>Les Ann\u00e9es<\/em>) permet de comprendre son rapport au temps, au pass\u00e9, aux \u00e9v\u00e9nements de l\u2019histoire et \u00e0 la m\u00e9moire. Ce moment d&#8217;\u00e9change entre Annie Ernaux, des historiens, des historiennes et le public permettra de revivre 60 ans d\u2019<em>ann\u00e9es<\/em>, en partie communes, et de r\u00e9fl\u00e9chir sur ce lien si riche entre litt\u00e9rature (du r\u00e9el) et histoire.<\/p>\n<p>Intervenantes et intervenants (de g. \u00e0 d. sur la photo) :<\/p>\n<ul>\n<li>Jean-Fran\u00e7ois Chanet (professeur des Universit\u00e9s, Institut d\u2019\u00c9tudes politiques de Paris, ancien Recteur)<\/li>\n<li>Anne-Marie Cheny (ma\u00eetresse de conf\u00e9rences, Universit\u00e9 de Rouen Normandie)<\/li>\n<li>Carole Christen (professeure des Universit\u00e9s, Universit\u00e9 Le Havre Normandie)<\/li>\n<li>Annie Ernaux, prix Nobel de litt\u00e9rature 2022, invit\u00e9e d\u2019honneur<\/li>\n<li>Michelle Perrot (professeure des Universit\u00e9s \u00e9m\u00e9rite, Universit\u00e9 Paris Diderot)<\/li>\n<li>Ivan Jablonka (professeur des Universit\u00e9s, Universit\u00e9 Paris Sorbonne Nord)<\/li>\n<li>Emmanuelle Loyer (professeure des Universit\u00e9s, Institut d\u2019\u00c9tudes politiques de Paris)<\/li>\n<\/ul>\n","protected":false},"excerpt":{"rendered":"<p>Une rencontre organis\u00e9e par Carole Christen, enregistr\u00e9e en public le 5 octobre 2024 \u00e0 Yvetot (espace culturel Les Vikings). L\u2019\u0153uvre d\u2019Annie Ernaux (notamment Les Ann\u00e9es) permet de comprendre son rapport au temps, au pass\u00e9, aux \u00e9v\u00e9nements de l\u2019histoire et \u00e0 la m\u00e9moire. Ce moment d&#8217;\u00e9change entre Annie Ernaux, des historiens, des historiennes et le public &hellip; <a href=\"https:\/\/parolesdhistoire.fr\/index.php\/2024\/11\/04\/354-annie-ernaux-les-historiennes-et-les-historiens\/\" class=\"more-link\">Continue reading<span class=\"screen-reader-text\"> &#8220;354. Annie Ernaux, les historiennes et les historiens&#8221;<\/span><\/a><\/p>\n","protected":false},"author":1,"featured_media":0,"comment_status":"open","ping_status":"open","sticky":false,"template":"","format":"standard","meta":{"footnotes":""},"categories":[48],"tags":[77],"class_list":["post-2780","post","type-post","status-publish","format-standard","hentry","category-evenement","tag-litterature"],"_links":{"self":[{"href":"https:\/\/parolesdhistoire.fr\/index.php\/wp-json\/wp\/v2\/posts\/2780","targetHints":{"allow":["GET"]}}],"collection":[{"href":"https:\/\/parolesdhistoire.fr\/index.php\/wp-json\/wp\/v2\/posts"}],"about":[{"href":"https:\/\/parolesdhistoire.fr\/index.php\/wp-json\/wp\/v2\/types\/post"}],"author":[{"embeddable":true,"href":"https:\/\/parolesdhistoire.fr\/index.php\/wp-json\/wp\/v2\/users\/1"}],"replies":[{"embeddable":true,"href":"https:\/\/parolesdhistoire.fr\/index.php\/wp-json\/wp\/v2\/comments?post=2780"}],"version-history":[{"count":2,"href":"https:\/\/parolesdhistoire.fr\/index.php\/wp-json\/wp\/v2\/posts\/2780\/revisions"}],"predecessor-version":[{"id":3034,"href":"https:\/\/parolesdhistoire.fr\/index.php\/wp-json\/wp\/v2\/posts\/2780\/revisions\/3034"}],"wp:attachment":[{"href":"https:\/\/parolesdhistoire.fr\/index.php\/wp-json\/wp\/v2\/media?parent=2780"}],"wp:term":[{"taxonomy":"category","embeddable":true,"href":"https:\/\/parolesdhistoire.fr\/index.php\/wp-json\/wp\/v2\/categories?post=2780"},{"taxonomy":"post_tag","embeddable":true,"href":"https:\/\/parolesdhistoire.fr\/index.php\/wp-json\/wp\/v2\/tags?post=2780"}],"curies":[{"name":"wp","href":"https:\/\/api.w.org\/{rel}","templated":true}]}}